{"id":1080265,"date":"2026-06-09T01:53:16","date_gmt":"2026-06-09T01:53:16","guid":{"rendered":"https:\/\/www.europesays.com\/de\/1080265\/"},"modified":"2026-06-09T01:53:16","modified_gmt":"2026-06-09T01:53:16","slug":"verdacht-auf-sexuelle-uebergriffe-netanjahu-chefanklaeger-suspendiert-politik","status":"publish","type":"post","link":"https:\/\/www.europesays.com\/de\/1080265\/","title":{"rendered":"Verdacht auf sexuelle \u00dcbergriffe: Netanjahu-Chefankl\u00e4ger suspendiert | Politik"},"content":{"rendered":"<p><a class=\"skip-content skip-content--link\" href=\"#in-content-skip-link-target-v-0-0\">TTS-Player \u00fcberspringen\u21b5<\/a><a id=\"in-content-skip-link-target-v-0-0\" class=\"skip-content--target-link-hidden skip-content skip-content--target-link\" href=\"#in-content-skip-link-target-v-0-0\">Artikel weiterlesen<\/a><\/p>\n<p data-83f060b9=\"0-1627\">Den Haag \u2013 <b>Der Mann, der Netanjahu und Putin per Haftbefehl jagte, ist selbst am Ende.<\/b> <b>Der Internationale Strafgerichtshof hat seinen Chefankl\u00e4ger Karim Khan (56) wegen Verdachts auf sexuelle \u00dcbergriffe suspendiert. \u00dcber eine m\u00f6gliche Amtsenthebung sollen jedoch die Vertragsstaaten auf einer Sondersitzung entscheiden. Das teilte das Pr\u00e4sidium in Den Haag mit. Die Sondersitzung soll so schnell wie m\u00f6glich stattfinden.<\/b><\/p>\n<p data-83f060b9=\"0-1627\">2024 hatte eine enge Mitarbeiterin dem britischen Juristen sexuelle \u00dcbergriffe vorgeworfen. Er soll sie mehrfach und \u00fcber einen l\u00e4ngeren Zeitraum hinweg bedr\u00e4ngt und zu sexuellen Handlungen gezwungen haben. Eine Kommission der Vereinten Nationen hatte die Vorw\u00fcrfe untersucht und im Dezember 2025 einen Bericht vorgelegt, der bisher aber nicht ver\u00f6ffentlicht wurde. Auf Grundlage der Untersuchung hatten drei Richter des Weltstrafgerichts ein Rechtsgutachten vorgelegt \u2013 auch das ist bislang nicht \u00f6ffentlich.<\/p>\n<p data-83f060b9=\"0-1627\">Khan l\u00e4sst sein Amt seit gut einem Jahr vorl\u00e4ufig ruhen und wollte zur\u00fcckkommen, wenn die Vorw\u00fcrfe gekl\u00e4rt sind. Er bestreitet alle Vorhaltungen.<\/p>\n<p>USA setzen Gericht unter Druck<\/p>\n<p data-83f060b9=\"0-1627\">Khan ist seit 2021 Chefankl\u00e4ger und hatte unter anderem einen <a href=\"https:\/\/www.bild.de\/politik\/ausland-und-internationales\/internationaler-strafgerichtshof-haftbefehle-gegen-hamas-chefs-und-netanjahu-beantragt-664b31b7add5c547d83ef905\" class=\"text-link\" rel=\"nofollow noopener\" target=\"_blank\">Haftbefehl gegen Israels Ministerpr\u00e4sidenten Benjamin Netanjahu (76)<\/a> und gegen Kreml-Herrscher <a href=\"https:\/\/www.bild.de\/politik\/leute\/wladimir-putin\/wladimir-putin-alle-infos-79314364.bild.html\" class=\"text-link\" rel=\"nofollow noopener\" target=\"_blank\">Wladimir Putin<\/a> (73) erlassen. Vor allem wegen des Haftbefehls gegen Netanjahu verst\u00e4rkten die USA ihren Druck auf das Gericht und verh\u00e4ngten Sanktionen gegen Mitarbeiter und Richter.<\/p>\n<p data-83f060b9=\"0-1627\">125 Staaten haben den Grundlagenvertrag des Strafgerichtshofes unterzeichnet, darunter alle EU-Staaten. Die USA, Russland und Israel geh\u00f6ren dem Gericht nicht an.<\/p>\n","protected":false},"excerpt":{"rendered":"TTS-Player \u00fcberspringen\u21b5Artikel weiterlesen Den Haag \u2013 Der Mann, der Netanjahu und Putin per Haftbefehl jagte, ist selbst am&hellip;\n","protected":false},"author":2,"featured_media":1080266,"comment_status":"","ping_status":"","sticky":false,"template":"","format":"standard","meta":{"footnotes":"","_share_on_mastodon":"0"},"categories":[3],"tags":[739,2547,13,99208,411,14,19741,15,12,138370,10,8,9,11,103,104],"class_list":["post-1080265","post","type-post","status-publish","format-standard","has-post-thumbnail","category-welt","tag-gaza","tag-gaza-streifen","tag-headlines","tag-internationaler-strafgerichtshof-in-den-haag","tag-israel","tag-nachrichten","tag-netanjahu-benjamin","tag-news","tag-schlagzeilen","tag-team-first","tag-top-news","tag-top-meldungen","tag-topmeldungen","tag-topnews","tag-welt","tag-world"],"share_on_mastodon":{"url":"https:\/\/pubeurope.com\/@de\/116717656911904251","error":""},"_links":{"self":[{"href":"https:\/\/www.europesays.com\/de\/wp-json\/wp\/v2\/posts\/1080265","targetHints":{"allow":["GET"]}}],"collection":[{"href":"https:\/\/www.europesays.com\/de\/wp-json\/wp\/v2\/posts"}],"about":[{"href":"https:\/\/www.europesays.com\/de\/wp-json\/wp\/v2\/types\/post"}],"author":[{"embeddable":true,"href":"https:\/\/www.europesays.com\/de\/wp-json\/wp\/v2\/users\/2"}],"replies":[{"embeddable":true,"href":"https:\/\/www.europesays.com\/de\/wp-json\/wp\/v2\/comments?post=1080265"}],"version-history":[{"count":0,"href":"https:\/\/www.europesays.com\/de\/wp-json\/wp\/v2\/posts\/1080265\/revisions"}],"wp:featuredmedia":[{"embeddable":true,"href":"https:\/\/www.europesays.com\/de\/wp-json\/wp\/v2\/media\/1080266"}],"wp:attachment":[{"href":"https:\/\/www.europesays.com\/de\/wp-json\/wp\/v2\/media?parent=1080265"}],"wp:term":[{"taxonomy":"category","embeddable":true,"href":"https:\/\/www.europesays.com\/de\/wp-json\/wp\/v2\/categories?post=1080265"},{"taxonomy":"post_tag","embeddable":true,"href":"https:\/\/www.europesays.com\/de\/wp-json\/wp\/v2\/tags?post=1080265"}],"curies":[{"name":"wp","href":"https:\/\/api.w.org\/{rel}","templated":true}]}}