{"id":1080279,"date":"2026-06-09T02:01:17","date_gmt":"2026-06-09T02:01:17","guid":{"rendered":"https:\/\/www.europesays.com\/de\/1080279\/"},"modified":"2026-06-09T02:01:17","modified_gmt":"2026-06-09T02:01:17","slug":"alexander-zverev-gewinnt-french-open-erster-profititel-in-braunschweig","status":"publish","type":"post","link":"https:\/\/www.europesays.com\/de\/1080279\/","title":{"rendered":"Alexander Zverev gewinnt French Open \u2013 erster Profititel in Braunschweig"},"content":{"rendered":"<p>&#8222;Etwas ganz Besonderes&#8220; <\/p>\n<p>Hier gewann Tennis-Star Zverev seinen ersten Profi-Titel<\/p>\n<p>Aktualisiert am 09.06.2026 &#8211; 03:49 UhrLesedauer: 2 Min.<\/p>\n<p><a href=\"#focus-0\" class=\"transition-colors duration-200 block text-current relative\" data-sctrack=\"FocusGalleryImage.Reference\"><img fetchpriority=\"high\" data-testid=\"Opener.Image\"   loading=\"eager\" src=\"https:\/\/www.europesays.com\/de\/wp-content\/uploads\/2026\/06\/alexander-zverev-bei-einem-rueckhandschlag-in-der-defensive.jpg\" alt=\"French Open\" title=\"French Open\" width=\"2048\" height=\"1152\" class=\"bg-[url:var(--lqipURL)] bg-cover bg-center flex h-full w-full max-w-full\" style=\"--lqipURL:url('https:\/\/images.t-online.de\/2026\/06\/n-eZsf3DN-sw\/0x44:2048x1152\/fit-in\/150x0\/filters:blur(25)\/alexander-zverev-bei-einem-rueckhandschlag-in-der-defensive.jpg')\" decoding=\"async\"\/><img loading=\"lazy\" src=\"https:\/\/braunschweig.t-online.de\/s\/paper\/_next\/static\/media\/zoom-in.f7dae02f.svg\" alt=\"Vergr\u00f6\u00dfern des Bildes\" title=\"Vergr\u00f6\u00dfern des Bildes\" class=\"block h-[calc(var(--height)_\/_16_*_1rem)] w-[calc(var(--width)_\/_16_*_1rem)] max-w-none absolute bottom-8 right-8 rounded-4 bg-snow p-8\" style=\"--width:32;--height:32\" decoding=\"async\"\/><\/a><\/p>\n<p>Alexander Zverev: Hier spielt er einen R\u00fcckhandschlag in der Defensive. (Quelle: Dimitar Dilkoff\/AFP\/dpa\/dpa-bilder)<\/p>\n<p><img loading=\"lazy\" src=\"https:\/\/braunschweig.t-online.de\/s\/paper\/_next\/static\/media\/audio-volume.6689034c.svg\" alt=\"\" title=\"\" class=\"block h-[calc(var(--height)_\/_16_*_1rem)] w-[calc(var(--width)_\/_16_*_1rem)] max-w-none group-hover:brightness-0 group-hover:invert\" style=\"--width:16;--height:16\" decoding=\"async\"\/>Vorlesen<\/p>\n<p>Aktuelle Zeit:0:00Gesamtdauer:0:00<\/p>\n<p>1x<\/p>\n<p class=\"text-center\">Jetzt neu bei t-online:<\/p>\n<p class=\"text-center\">Schriftgr\u00f6\u00dfe anpassen!<\/p>\n<p><img loading=\"lazy\" src=\"https:\/\/braunschweig.t-online.de\/s\/paper\/_next\/static\/media\/font-sizes.32942e33.svg\" alt=\"\" title=\"\" class=\"block h-[calc(var(--height)_\/_16_*_1rem)] w-[calc(var(--width)_\/_16_*_1rem)] max-w-none group-hover:hidden group-aria-expanded:hidden\" style=\"--width:16;--height:16\" decoding=\"async\"\/><img loading=\"lazy\" src=\"https:\/\/braunschweig.t-online.de\/s\/paper\/_next\/static\/media\/font-sizes-dark-mode.e382645c.svg\" alt=\"\" title=\"\" class=\"block h-[calc(var(--height)_\/_16_*_1rem)] w-[calc(var(--width)_\/_16_*_1rem)] max-w-none hidden group-hover:block group-aria-expanded:block\" style=\"--width:16;--height:16\" decoding=\"async\"\/><img loading=\"lazy\" src=\"https:\/\/braunschweig.t-online.de\/s\/paper\/_next\/static\/media\/sharing-menu-icon.1eb71368.svg\" alt=\"\" title=\"\" class=\"block h-[calc(var(--height)_\/_16_*_1rem)] w-[calc(var(--width)_\/_16_*_1rem)] max-w-none group-hover:brightness-0 group-hover:invert\" style=\"--width:16;--height:16\" decoding=\"async\"\/>Artikel teilen<\/p>\n<p class=\"font-bold text-18 leading-17 user-text-lg:text-22 user-text-xl:text-24\">Er lag nach dem Sieg auf der roten Asche von Paris: Deutschlands bester Tennisspieler hat seinen ersten Grand-Slam-Titel gewonnen. Den ersten Profisieg holte er einst in Braunschweig.<\/p>\n<p class=\"text-18 leading-17 user-text-lg:text-22 user-text-xl:text-24\">F\u00fcnf S\u00e4tze brauchte es im Finale der French Open gegen den Italiener Flavio Cobolli, ehe feststand: Alexander Zverev schafft es im vierten Anlauf eines Grand-Slam-Finales \u2013 und gewinnt. Der Hamburger schreibt damit Geschichte und holt den ersten Titel bei den deutschen M\u00e4nnern seit 30 Jahren: 1996 gewann Boris Becker die Australian Open.<\/p>\n<p class=\"text-18 leading-17 user-text-lg:text-22 user-text-xl:text-24\">Geschichte schrieb der heute 29-J\u00e4hrige auch in Braunschweig: Bei den damaligen Sparkassen Open gewann Zverev vor zw\u00f6lf Jahren seinen ersten Titel im Profibereich. Mit einer Wildcard war der damals 17-J\u00e4hrige als Nummer 665 der Welt an den Start gegangen. Er setzte sich beim ATP-Tennisturnier 2014 mit 1:6, 6:1, 6:4 im Finale gegen den Franzosen Paul-Henri Mathieu durch.<\/p>\n<p><a href=\"#focus-1\" class=\"transition-colors duration-200 block text-current relative\" data-sctrack=\"FocusGalleryImage.Reference\"><img   loading=\"lazy\" src=\"https:\/\/www.europesays.com\/de\/wp-content\/uploads\/2026\/06\/zverevs-groesster-erfolg-war-bislang-der-olympiasieg-2021-in-tokio-archivbild.jpg\" alt=\"Olympiasieger Alexander Zverev\" title=\"Olympiasieger Alexander Zverev\" width=\"2048\" height=\"1152\" class=\"h-full w-full max-w-full rounded-8\" decoding=\"async\"\/><img loading=\"lazy\" src=\"https:\/\/braunschweig.t-online.de\/s\/paper\/_next\/static\/media\/zoom-in.f7dae02f.svg\" alt=\"Vergr\u00f6\u00dfern des Bildes\" title=\"Vergr\u00f6\u00dfern des Bildes\" class=\"block h-[calc(var(--height)_\/_16_*_1rem)] w-[calc(var(--width)_\/_16_*_1rem)] max-w-none absolute bottom-8 right-8 rounded-4 bg-snow p-8\" style=\"--width:32;--height:32\" decoding=\"async\"\/>Alexander Zverev: Er wurde 2021 Olympiasieger in Tokio. (Quelle: Marijan Murat\/dpa\/dpa-bilder)<\/a><\/p>\n<p>Zverev in Braunschweig: &#8222;Ich kann das alles noch gar nicht richtig begreifen&#8220;<\/p>\n<p class=\"text-18 leading-17 user-text-lg:text-22 user-text-xl:text-24\">Der Hamburger Tennisverband erinnert auf seiner Internetseite an den damaligen Erfolg des heute besten deutschen Spielers. Zverev wird mit folgenden Worten zitiert: &#8222;Mein erster gro\u00dfer Turniersieg bei den Herren ist nat\u00fcrlich etwas ganz Besonderes. Ich kann das alles noch gar nicht richtig begreifen. Eine oder zwei Runden wollte ich hier gewinnen. Jetzt bin ich Turniersieger geworden.&#8220; Viele weitere Titel folgten bekanntlich in den vergangenen Jahren \u2013 und nun ist ihm auch der Erfolg bei einem der weltweit wichtigsten Wettbewerbe gelungen.<\/p>\n<p class=\"text-18 leading-17 user-text-lg:text-22 user-text-xl:text-24\">Das gro\u00dfe Turnier in der L\u00f6wenstadt geht \u00fcbrigens demn\u00e4chst in die n\u00e4chste Runde. Mittlerweile hat das ATP-Turnier in Braunschweig, das es seit 1994 gibt, aber seinen Namen ge\u00e4ndert: aus den Sparkassen Open sind die Brawo-Open geworden. Am 2. Juli startet der Wettstreit im B\u00fcrgerpark. Das Finale wird am 12. Juli gespielt.<\/p>\n","protected":false},"excerpt":{"rendered":"&#8222;Etwas ganz Besonderes&#8220; Hier gewann Tennis-Star Zverev seinen ersten Profi-Titel Aktualisiert am 09.06.2026 &#8211; 03:49 UhrLesedauer: 2 Min.&hellip;\n","protected":false},"author":2,"featured_media":1080280,"comment_status":"","ping_status":"","sticky":false,"template":"","format":"standard","meta":{"footnotes":"","_share_on_mastodon":"0"},"categories":[1850],"tags":[229484,10329,80520,111178,5790,6429,3364,29,548,663,3934,20798,30,13,14,15,1411,319,229483,229485,12,7165,226],"class_list":["post-1080279","post","type-post","status-publish","format-standard","has-post-thumbnail","category-braunschweig","tag-alex-zverev","tag-alexander-zverev","tag-australian-open","tag-basketball-superstar","tag-boris-becker","tag-braunschweig","tag-de","tag-deutschland","tag-eu","tag-europa","tag-europe","tag-french-open","tag-germany","tag-headlines","tag-nachrichten","tag-news","tag-niedersachsen","tag-paris","tag-profisieg","tag-rueckhandschlag","tag-schlagzeilen","tag-sophia-thomalla","tag-t-online"],"share_on_mastodon":{"url":"https:\/\/pubeurope.com\/@de\/116717688948971147","error":""},"_links":{"self":[{"href":"https:\/\/www.europesays.com\/de\/wp-json\/wp\/v2\/posts\/1080279","targetHints":{"allow":["GET"]}}],"collection":[{"href":"https:\/\/www.europesays.com\/de\/wp-json\/wp\/v2\/posts"}],"about":[{"href":"https:\/\/www.europesays.com\/de\/wp-json\/wp\/v2\/types\/post"}],"author":[{"embeddable":true,"href":"https:\/\/www.europesays.com\/de\/wp-json\/wp\/v2\/users\/2"}],"replies":[{"embeddable":true,"href":"https:\/\/www.europesays.com\/de\/wp-json\/wp\/v2\/comments?post=1080279"}],"version-history":[{"count":0,"href":"https:\/\/www.europesays.com\/de\/wp-json\/wp\/v2\/posts\/1080279\/revisions"}],"wp:featuredmedia":[{"embeddable":true,"href":"https:\/\/www.europesays.com\/de\/wp-json\/wp\/v2\/media\/1080280"}],"wp:attachment":[{"href":"https:\/\/www.europesays.com\/de\/wp-json\/wp\/v2\/media?parent=1080279"}],"wp:term":[{"taxonomy":"category","embeddable":true,"href":"https:\/\/www.europesays.com\/de\/wp-json\/wp\/v2\/categories?post=1080279"},{"taxonomy":"post_tag","embeddable":true,"href":"https:\/\/www.europesays.com\/de\/wp-json\/wp\/v2\/tags?post=1080279"}],"curies":[{"name":"wp","href":"https:\/\/api.w.org\/{rel}","templated":true}]}}