{"id":1080409,"date":"2026-06-09T03:22:15","date_gmt":"2026-06-09T03:22:15","guid":{"rendered":"https:\/\/www.europesays.com\/de\/1080409\/"},"modified":"2026-06-09T03:22:15","modified_gmt":"2026-06-09T03:22:15","slug":"bild-exklusiv-start-up-von-openai-chef-altman-entlaesst-mitarbeiter-geld","status":"publish","type":"post","link":"https:\/\/www.europesays.com\/de\/1080409\/","title":{"rendered":"BILD exklusiv: Start-up von OpenAI-Chef Altman entl\u00e4sst Mitarbeiter | Geld"},"content":{"rendered":"<p><a class=\"skip-content skip-content--link\" href=\"#in-content-skip-link-target-v-0-0\">TTS-Player \u00fcberspringen\u21b5<\/a><a id=\"in-content-skip-link-target-v-0-0\" class=\"skip-content--target-link-hidden skip-content skip-content--target-link\" href=\"#in-content-skip-link-target-v-0-0\">Artikel weiterlesen<\/a><\/p>\n<p data-1b35ef44=\"0-1832\">San Francisco \u2013<b>\u00a0Tools for Humanity, das von <\/b><a href=\"https:\/\/www.bild.de\/politik\/inland\/tech-visionaer-sam-altman-ki-wird-den-krieg-komplett-veraendern-68dd06f8eb7e531160b3fa5a\" class=\"text-link\" rel=\"nofollow noopener\" target=\"_blank\"><b>Sam Altman<\/b><\/a><b> (41) mitgegr\u00fcndete Augapfel-Scanning-Startup, entl\u00e4sst Mitarbeiter. Das geht aus einer internen E-Mail hervor, die das Axel Springer Global Reporters Network eingesehen hat. <\/b><\/p>\n<p data-1b35ef44=\"0-1832\">Das Unternehmen hat Schwierigkeiten zu zeigen, wie sein Iris-Scanning-Ger\u00e4t \u201eOrb\u201c Ums\u00e4tze erzielen und Regulierungsbeh\u00f6rden \u00fcberzeugen kann \u2013 trotz einer Bewertung von 2,5 Milliarden US-Dollar und Millionen von Registrierungen. Investoren wie Andreessen Horowitz, Bain Capital und Khosla Ventures haben laut PitchBook Hunderte Millionen Dollar in das Unternehmen gesteckt.<\/p>\n<p>Darum geht es bei Tools for Humanity <\/p>\n<p data-1b35ef44=\"0-1832\">Tools for Humanity wurde mit der Idee gegr\u00fcndet, mithilfe von Iris-Scans nachzuweisen, dass eine Person ein Mensch ist und kein KI-Bot. Der Orb des <a href=\"https:\/\/www.bild.de\/themen\/specials\/existenzgruendung\/ratgeber-news-fotos-videos-23962960.bild.html\" class=\"text-link\" rel=\"nofollow noopener\" target=\"_blank\">Startups<\/a> \u2013 eine gl\u00e4nzende, volleyballgro\u00dfe Kugel \u2013 scannt Iriden, um eine digitale ID zu erzeugen. Personen, die teilnehmen, k\u00f6nnen Worldcoin-Token erhalten, eine Kryptow\u00e4hrung, die von der auf den Cayman Islands ans\u00e4ssigen World Foundation verteilt wird.<\/p>\n<p>Das sagt das Unternehmen zum Mitarbeiter-Cut<\/p>\n<p data-1b35ef44=\"0-1832\">\u201eW\u00e4hrend wir in den n\u00e4chsten Schritt unserer Unternehmensstrategie und operativen Priorit\u00e4ten eintreten, haben wir die schwere Entscheidung getroffen, \u00c4nderungen an einigen Rollen und Teams im gesamten Unternehmen vorzunehmen\u201c, teilte Tools for Humanity in der E-Mail mit, die am Montag vom People-Team an die Mitarbeiter verschickt wurde. Das <a href=\"https:\/\/www.bild.de\/themen\/organisationen\/unternehmen\/news-fotos-videos-5n9Nevv68FAFS89DJteg\" class=\"text-link\" rel=\"nofollow noopener\" target=\"_blank\">Unternehmen<\/a> werde Details zu seiner Strategie und den n\u00e4chsten Schritten bei einer Betriebsversammlung am Dienstag mitteilen, hie\u00df es in der E-Mail.<\/p>\n<p data-1b35ef44=\"0-1832\">Es ist unklar, wie viele Mitarbeiter von den Entlassungen betroffen sein werden. Tools for Humanity besch\u00e4ftigt laut seiner Website mehr als 500 Menschen. Das Unternehmen reagierte nicht sofort auf eine Bitte um Stellungnahme.<\/p>\n<p><b>Nicole Einbinder<\/b> ist Global Reporterin bei Axel Springer. Das Axel Springer Global Reporters Network ist eine marken\u00fcbergreifende Initiative, die Scoops, investigative Recherchen, Interviews, Meinungsst\u00fccke und Analysen globaler Relevanz ver\u00f6ffentlicht. Journalisten aller Axel-Springer-Marken \u2013 darunter POLITICO, Business Insider, WELT, BILD, Onet und Fakt \u2013 kooperieren bei gro\u00dfen Geschichten f\u00fcr ein internationales Publikum. Die Berichterstattung erstreckt sich \u00fcber alle Plattformen von Axel Springer: Online, Print, TV und Audio. Zusammen erreichen diese Ver\u00f6ffentlichungen Hunderte Millionen Menschen weltweit.<\/p>\n","protected":false},"excerpt":{"rendered":"TTS-Player \u00fcberspringen\u21b5Artikel weiterlesen San Francisco \u2013\u00a0Tools for Humanity, das von Sam Altman (41) mitgegr\u00fcndete Augapfel-Scanning-Startup, entl\u00e4sst Mitarbeiter. Das&hellip;\n","protected":false},"author":2,"featured_media":1080410,"comment_status":"","ping_status":"","sticky":false,"template":"","format":"standard","meta":{"footnotes":"","_share_on_mastodon":"0"},"categories":[134],"tags":[175,170,169,29,30,1026,1256,171,174,6400,428,173,172],"class_list":["post-1080409","post","type-post","status-publish","format-standard","has-post-thumbnail","category-unternehmen-maerkte","tag-business","tag-companies","tag-companies-markets","tag-deutschland","tag-germany","tag-kuendigung","tag-kuenstliche-intelligenz","tag-markets","tag-maerkte","tag-mitarbeiter","tag-start-up","tag-unternehmen","tag-unternehmen-maerkte"],"share_on_mastodon":{"url":"https:\/\/pubeurope.com\/@de\/116718007038248989","error":""},"_links":{"self":[{"href":"https:\/\/www.europesays.com\/de\/wp-json\/wp\/v2\/posts\/1080409","targetHints":{"allow":["GET"]}}],"collection":[{"href":"https:\/\/www.europesays.com\/de\/wp-json\/wp\/v2\/posts"}],"about":[{"href":"https:\/\/www.europesays.com\/de\/wp-json\/wp\/v2\/types\/post"}],"author":[{"embeddable":true,"href":"https:\/\/www.europesays.com\/de\/wp-json\/wp\/v2\/users\/2"}],"replies":[{"embeddable":true,"href":"https:\/\/www.europesays.com\/de\/wp-json\/wp\/v2\/comments?post=1080409"}],"version-history":[{"count":0,"href":"https:\/\/www.europesays.com\/de\/wp-json\/wp\/v2\/posts\/1080409\/revisions"}],"wp:featuredmedia":[{"embeddable":true,"href":"https:\/\/www.europesays.com\/de\/wp-json\/wp\/v2\/media\/1080410"}],"wp:attachment":[{"href":"https:\/\/www.europesays.com\/de\/wp-json\/wp\/v2\/media?parent=1080409"}],"wp:term":[{"taxonomy":"category","embeddable":true,"href":"https:\/\/www.europesays.com\/de\/wp-json\/wp\/v2\/categories?post=1080409"},{"taxonomy":"post_tag","embeddable":true,"href":"https:\/\/www.europesays.com\/de\/wp-json\/wp\/v2\/tags?post=1080409"}],"curies":[{"name":"wp","href":"https:\/\/api.w.org\/{rel}","templated":true}]}}