{"id":1080585,"date":"2026-06-09T05:07:16","date_gmt":"2026-06-09T05:07:16","guid":{"rendered":"https:\/\/www.europesays.com\/de\/1080585\/"},"modified":"2026-06-09T05:07:16","modified_gmt":"2026-06-09T05:07:16","slug":"hofflohmaerkte-staende-auf-schulhof-in-verler-ortsteil-feiern-premiere","status":"publish","type":"post","link":"https:\/\/www.europesays.com\/de\/1080585\/","title":{"rendered":"Hofflohm\u00e4rkte: St\u00e4nde auf Schulhof in Verler Ortsteil feiern Premiere"},"content":{"rendered":"<p>Nach der Premiere vor drei Jahren sind die Hofflohm\u00e4rkte im Verler Ortsteil S\u00fcrenheide zu einer festen Einrichtung geworden.<\/p>\n<p>S\u00fcrenheide (abb) &#8211; Mit viel Hingabe und Tatendrang f\u00fcllt Luca (11) ein Waffeleisen mit Teig. Der junge S\u00fcrenheider wartet, bis die Leckerei sch\u00f6n braun ist, und streut noch eine ordentliche Menge Puderzucker \u00fcber sein Backwerk. Das eingenommene Geld steckt der Junge in eine Spardose. \u201eDas sammeln\u2026<\/p>\n<p>            <img decoding=\"async\" src=\"https:\/\/www.die-glocke.de\/typo3conf\/ext\/bo_dieglocke_template\/Resources\/Public\/Images\/logo\/glocke_plus_icon.svg\" class=\"pwTopImage\" alt=\"Glocke Plus\"\/><\/p>\n<p>                Jetzt weiterlesen mit G+<\/p>\n<p class=\"card-text equal-height text-center\" data-equalheightgroup=\"1\">\n                0,99 \u20ac im 1. Monat \u2013 monatlich k\u00fcndbar\n            <\/p>\n<tr>\n<tr>\n<td class=\"w-25px p-1\">\n<\/td>\n<td class=\"p-1\">\n<p>                                            aktuelle Nachrichten rund um die Uhr<\/p>\n<\/td>\n<\/tr>\n<tr>\n<td class=\"w-25px p-1\">\n<\/td>\n<td class=\"p-1\">\n<p>                                            nur 79 \u20ac (ab dem 13. Monat 7,90 \u20ac monatlich)<\/p>\n<\/td>\n<\/tr>\n<tr>\n<td class=\"w-25px p-1\">\n<\/td>\n<td class=\"p-1\">\n<p>                                            nach 12 Monaten Mindestlaufzeit monatlich k\u00fcndbar<\/p>\n<\/td>\n<\/tr>\n<tr>\n<td class=\"w-25px p-1\">\n<\/td>\n<td class=\"p-1\">\n<p>                                            sparen Sie 15,80 \u20ac gegen\u00fcber dem Monatsabo<\/p>\n<\/td>\n<\/tr>\n<\/tr>\n<p>\n                        79 \u20ac f\u00fcr 12 Monate\n                    <\/p>\n<p>                    <a class=\"btn link-primary border rounded border-2 border-primary d-block w-100 mb-4\" href=\"https:\/\/shop.die-glocke.de\/bestellen\/g-jahresabo-bc91?type=paypal&amp;upscore_object_id=af68f40d-8707-4169-971e-8c426566ff5d-Portal&amp;upscore_offer_id=&amp;upscore_click_id=&amp;upscore_object_url=https%3A%2F%2Fwww.die-glocke.de%2Fkreis-guetersloh%2Fverl%2Fartikel%2Fstaende-auf-schulhof-in-verler-ortsteil-feiern-premiere-1780926354&amp;target=https%3A%2F%2Fwww.die-glocke.de%2Fkreis-guetersloh%2Fverl%2Fartikel%2Fstaende-auf-schulhof-in-verler-ortsteil-feiern-premiere-1780926354\" rel=\"nofollow noopener\" target=\"_blank\"><br \/>\n                        <strong>Jahresabo bestellen mit <\/strong><br \/>\n                        <img loading=\"lazy\" decoding=\"async\" class=\"me-2 icon-paypal\" src=\"https:\/\/www.die-glocke.de\/fileadmin\/images\/demo\/paypal.svg\" width=\"65\" height=\"15\" alt=\"Paypal\"\/><br \/>\n                    <\/a><\/p>\n<p>                    <a class=\"paywall_order_btn-668975\" href=\"https:\/\/shop.die-glocke.de\/gplus-jahresabo?upscore_object_id=af68f40d-8707-4169-971e-8c426566ff5d-Portal&amp;upscore_offer_id=&amp;upscore_click_id=&amp;upscore_object_url=https%3A%2F%2Fwww.die-glocke.de%2Fkreis-guetersloh%2Fverl%2Fartikel%2Fstaende-auf-schulhof-in-verler-ortsteil-feiern-premiere-1780926354&amp;target=https%3A%2F%2Fwww.die-glocke.de%2Fkreis-guetersloh%2Fverl%2Fartikel%2Fstaende-auf-schulhof-in-verler-ortsteil-feiern-premiere-1780926354\" rel=\"nofollow noopener\" target=\"_blank\"><br \/>\n                        Jahresabo bestellen<br \/>\n                    <\/a><\/p>\n<p>Texte und Fotos von die-glocke.de sind urheberrechtlich gesch\u00fctzt.<br \/>\n            Weiterverwendung nur mit Genehmigung der Chefredaktion.<\/p>\n","protected":false},"excerpt":{"rendered":"Nach der Premiere vor drei Jahren sind die Hofflohm\u00e4rkte im Verler Ortsteil S\u00fcrenheide zu einer festen Einrichtung geworden.&hellip;\n","protected":false},"author":2,"featured_media":1080586,"comment_status":"","ping_status":"","sticky":false,"template":"","format":"standard","meta":{"footnotes":"","_share_on_mastodon":"0"},"categories":[1841],"tags":[1605,3364,29,30,229536,1209,229537,11093],"class_list":["post-1080585","post","type-post","status-publish","format-standard","has-post-thumbnail","category-bielefeld","tag-bielefeld","tag-de","tag-deutschland","tag-germany","tag-hofflohmaerkte-suerenheide","tag-nordrhein-westfalen","tag-st-georg-grundschule-suerenheide","tag-waffeln"],"share_on_mastodon":{"url":"https:\/\/pubeurope.com\/@de\/116718419686394740","error":""},"_links":{"self":[{"href":"https:\/\/www.europesays.com\/de\/wp-json\/wp\/v2\/posts\/1080585","targetHints":{"allow":["GET"]}}],"collection":[{"href":"https:\/\/www.europesays.com\/de\/wp-json\/wp\/v2\/posts"}],"about":[{"href":"https:\/\/www.europesays.com\/de\/wp-json\/wp\/v2\/types\/post"}],"author":[{"embeddable":true,"href":"https:\/\/www.europesays.com\/de\/wp-json\/wp\/v2\/users\/2"}],"replies":[{"embeddable":true,"href":"https:\/\/www.europesays.com\/de\/wp-json\/wp\/v2\/comments?post=1080585"}],"version-history":[{"count":0,"href":"https:\/\/www.europesays.com\/de\/wp-json\/wp\/v2\/posts\/1080585\/revisions"}],"wp:featuredmedia":[{"embeddable":true,"href":"https:\/\/www.europesays.com\/de\/wp-json\/wp\/v2\/media\/1080586"}],"wp:attachment":[{"href":"https:\/\/www.europesays.com\/de\/wp-json\/wp\/v2\/media?parent=1080585"}],"wp:term":[{"taxonomy":"category","embeddable":true,"href":"https:\/\/www.europesays.com\/de\/wp-json\/wp\/v2\/categories?post=1080585"},{"taxonomy":"post_tag","embeddable":true,"href":"https:\/\/www.europesays.com\/de\/wp-json\/wp\/v2\/tags?post=1080585"}],"curies":[{"name":"wp","href":"https:\/\/api.w.org\/{rel}","templated":true}]}}