{"id":108062,"date":"2025-05-13T19:11:18","date_gmt":"2025-05-13T19:11:18","guid":{"rendered":"https:\/\/www.europesays.com\/de\/108062\/"},"modified":"2025-05-13T19:11:18","modified_gmt":"2025-05-13T19:11:18","slug":"bahnstrecke-zwischen-hagen-hbf-und-wuppertal-oberbarmen-schaeden-behoben","status":"publish","type":"post","link":"https:\/\/www.europesays.com\/de\/108062\/","title":{"rendered":"Bahnstrecke zwischen Hagen Hbf und Wuppertal-Oberbarmen: Sch\u00e4den behoben"},"content":{"rendered":"<p class=\"text_ohne_einzug richtext text-em-55 !leading-serif mx-6 desktop:mx-0\">Die Linien S 8 und S 9 waren am heutigen Dienstag, 13. Mai, zwischen Hagen und Wuppertal-Oberbarmen seit dem fr\u00fchen Morgen bis etwa 17.30 Uhr beeintr\u00e4chtigt. Grund f\u00fcr die St\u00f6rung war die Besch\u00e4digung einer Br\u00fccke auf der Strecke. In der Folge kam es zu Versp\u00e4tungen und Teilausf\u00e4llen. Die S-Bahnen wurden zwischen Hagen Hauptbahnhof und Wuppertal-Oberbarmen in beide Richtungen ohne Zwischenhalt umgeleitet. Ein Ersatzverkehr (SEV) mit vier Bussen war eingerichtet.<\/p>\n","protected":false},"excerpt":{"rendered":"Die Linien S 8 und S 9 waren am heutigen Dienstag, 13. Mai, zwischen Hagen und Wuppertal-Oberbarmen seit&hellip;\n","protected":false},"author":2,"featured_media":108063,"comment_status":"","ping_status":"","sticky":false,"template":"","format":"standard","meta":{"footnotes":""},"categories":[1840],"tags":[42451,42450,3364,29,30,20442,10270,42452,1209,17471,4418],"class_list":{"0":"post-108062","1":"post","2":"type-post","3":"status-publish","4":"format-standard","5":"has-post-thumbnail","7":"category-wuppertal","8":"tag-absehbar","9":"tag-beeintraechtigt","10":"tag-de","11":"tag-deutschland","12":"tag-germany","13":"tag-hagen","14":"tag-hbf","15":"tag-linien","16":"tag-nordrhein-westfalen","17":"tag-oberbarmen","18":"tag-wuppertal"},"share_on_mastodon":{"url":"https:\/\/pubeurope.com\/@de\/114502112643695546","error":""},"_links":{"self":[{"href":"https:\/\/www.europesays.com\/de\/wp-json\/wp\/v2\/posts\/108062","targetHints":{"allow":["GET"]}}],"collection":[{"href":"https:\/\/www.europesays.com\/de\/wp-json\/wp\/v2\/posts"}],"about":[{"href":"https:\/\/www.europesays.com\/de\/wp-json\/wp\/v2\/types\/post"}],"author":[{"embeddable":true,"href":"https:\/\/www.europesays.com\/de\/wp-json\/wp\/v2\/users\/2"}],"replies":[{"embeddable":true,"href":"https:\/\/www.europesays.com\/de\/wp-json\/wp\/v2\/comments?post=108062"}],"version-history":[{"count":0,"href":"https:\/\/www.europesays.com\/de\/wp-json\/wp\/v2\/posts\/108062\/revisions"}],"wp:featuredmedia":[{"embeddable":true,"href":"https:\/\/www.europesays.com\/de\/wp-json\/wp\/v2\/media\/108063"}],"wp:attachment":[{"href":"https:\/\/www.europesays.com\/de\/wp-json\/wp\/v2\/media?parent=108062"}],"wp:term":[{"taxonomy":"category","embeddable":true,"href":"https:\/\/www.europesays.com\/de\/wp-json\/wp\/v2\/categories?post=108062"},{"taxonomy":"post_tag","embeddable":true,"href":"https:\/\/www.europesays.com\/de\/wp-json\/wp\/v2\/tags?post=108062"}],"curies":[{"name":"wp","href":"https:\/\/api.w.org\/{rel}","templated":true}]}}