{"id":108064,"date":"2025-05-13T19:12:16","date_gmt":"2025-05-13T19:12:16","guid":{"rendered":"https:\/\/www.europesays.com\/de\/108064\/"},"modified":"2025-05-13T19:12:16","modified_gmt":"2025-05-13T19:12:16","slug":"mitarbeiter-kuendigen-eltern-fluechten-geburtsstation-in-castrop-rauxel-schliesst","status":"publish","type":"post","link":"https:\/\/www.europesays.com\/de\/108064\/","title":{"rendered":"Mitarbeiter k\u00fcndigen, Eltern fl\u00fcchten: Geburtsstation in Castrop-Rauxel schlie\u00dft"},"content":{"rendered":"<p>\t\tMitarbeiter k\u00fcndigen, Eltern fl\u00fcchten<br \/>\n\t\t\t\t\tGeburtsstation in Castrop-Rauxel schlie\u00dft noch fr\u00fcher<\/p>\n<p>\t\t<img alt=\"\" src=\"https:\/\/www.europesays.com\/de\/wp-content\/uploads\/2025\/04\/630_0036_40550_.jpg\"  class=\"avatar avatar-36 photo avatar-default\" height=\"36\" width=\"36\" loading=\"lazy\" decoding=\"async\"\/>\t\t<a class=\"article-author__name\" href=\"https:\/\/www.ruhrnachrichten.de\/author\/tobias-weckenbrock\/\" rel=\"author nofollow noopener\" target=\"_blank\">Tobias Weckenbrock<\/a><br \/>\n\t\tRedakteur<\/p>\n<p>\t13.05.2025 17:03 Uhr<\/p>\n<p>\t\tTeilen<\/p>\n<p>\n\tIn Merkliste \u00fcbernehmen\n<\/p>\n<p>    <a href=\"https:\/\/www.ruhrnachrichten.de\/wp-content\/uploads\/2025\/01\/24\/15\/630_0900_4436935_Geschaeftsfuehrer_Paulus_Gesellschaft_C-1648x824.jpg\" rel=\"nofollow noopener\" target=\"_blank\"><\/p>\n<p>            <img decoding=\"async\" fetchpriority=\"high\" src=\"https:\/\/www.europesays.com\/de\/wp-content\/uploads\/2025\/05\/630_0900_4436934_Geschaeftsfuehrer_Paulus_Gesellschaft_C-640x428.jpg\" width=\"640\" height=\"428\"  alt=\"Das Rochus-Hospital verk\u00fcndete am Dienstag die Schlie\u00dfung der Geburtshilfe schon zum Ende der Woche, als zum 16. Mai 2025. Sechs Wochen fr\u00fcher als bisher geplant.\"\/><\/p>\n<p>    <\/a><br \/>\n    Das Rochus-Hospital und Gesch\u00e4ftsf\u00fchrer Clemens Galuschka verk\u00fcndete am Dienstag die Schlie\u00dfung der Geburtshilfe schon zum Ende der Woche, also zum 16. Mai 2025. Sechs Wochen fr\u00fcher als bisher geplant. \u00a9 Friedrich Stark<\/p>\n<p class=\"article__teaser-text\">Das Rochus-Hospital schlie\u00dft die Geburtshilfe schon deutlich fr\u00fcher, als bisher geplant. Das wurde am Dienstag bekannt gegeben.<\/p>\n<p>3 Min Lesezeit<\/p>\n<p>\u201eWir haben alles getan\u201cPersonalfluktuation begann schon fr\u00fch<\/p>\n<p>\n\t<a href=\"https:\/\/www.ruhrnachrichten.de\" class=\"button button--brand button--link home-button\" rel=\"nofollow noopener\" target=\"_blank\">Zur Startseite<\/a><\/p>\n","protected":false},"excerpt":{"rendered":"Mitarbeiter k\u00fcndigen, Eltern fl\u00fcchten Geburtsstation in Castrop-Rauxel schlie\u00dft noch fr\u00fcher Tobias Weckenbrock Redakteur 13.05.2025 17:03 Uhr Teilen In&hellip;\n","protected":false},"author":2,"featured_media":108065,"comment_status":"","ping_status":"","sticky":false,"template":"","format":"standard","meta":{"footnotes":""},"categories":[1839],"tags":[7507,3364,29,30,141,10701,1209],"class_list":{"0":"post-108064","1":"post","2":"type-post","3":"status-publish","4":"format-standard","5":"has-post-thumbnail","7":"category-bochum","8":"tag-bochum","9":"tag-de","10":"tag-deutschland","11":"tag-germany","12":"tag-gesundheit","13":"tag-krankenhaeuser","14":"tag-nordrhein-westfalen"},"share_on_mastodon":{"url":"https:\/\/pubeurope.com\/@de\/114502116595660846","error":""},"_links":{"self":[{"href":"https:\/\/www.europesays.com\/de\/wp-json\/wp\/v2\/posts\/108064","targetHints":{"allow":["GET"]}}],"collection":[{"href":"https:\/\/www.europesays.com\/de\/wp-json\/wp\/v2\/posts"}],"about":[{"href":"https:\/\/www.europesays.com\/de\/wp-json\/wp\/v2\/types\/post"}],"author":[{"embeddable":true,"href":"https:\/\/www.europesays.com\/de\/wp-json\/wp\/v2\/users\/2"}],"replies":[{"embeddable":true,"href":"https:\/\/www.europesays.com\/de\/wp-json\/wp\/v2\/comments?post=108064"}],"version-history":[{"count":0,"href":"https:\/\/www.europesays.com\/de\/wp-json\/wp\/v2\/posts\/108064\/revisions"}],"wp:featuredmedia":[{"embeddable":true,"href":"https:\/\/www.europesays.com\/de\/wp-json\/wp\/v2\/media\/108065"}],"wp:attachment":[{"href":"https:\/\/www.europesays.com\/de\/wp-json\/wp\/v2\/media?parent=108064"}],"wp:term":[{"taxonomy":"category","embeddable":true,"href":"https:\/\/www.europesays.com\/de\/wp-json\/wp\/v2\/categories?post=108064"},{"taxonomy":"post_tag","embeddable":true,"href":"https:\/\/www.europesays.com\/de\/wp-json\/wp\/v2\/tags?post=108064"}],"curies":[{"name":"wp","href":"https:\/\/api.w.org\/{rel}","templated":true}]}}