{"id":1080696,"date":"2026-06-09T06:12:26","date_gmt":"2026-06-09T06:12:26","guid":{"rendered":"https:\/\/www.europesays.com\/de\/1080696\/"},"modified":"2026-06-09T06:12:26","modified_gmt":"2026-06-09T06:12:26","slug":"dieser-whatsapp-kettenbrief-verunsichert-tausende-ki-liest-eure-chats-mit-das-steckt-dahinter","status":"publish","type":"post","link":"https:\/\/www.europesays.com\/de\/1080696\/","title":{"rendered":"Dieser WhatsApp-Kettenbrief verunsichert Tausende: KI liest eure Chats mit? Das steckt dahinter!"},"content":{"rendered":"<p>Das steckt dahinter KI liest eure Chats mit? Dieser WhatsApp-Kettenbrief verunsichert Tausende<img alt=\"Die Nachricht klingt alarmierend: Wer eine bestimmte WhatsApp-Einstellung nicht aktiviert, soll seine Daten der KI ausliefern.\" fetchpriority=\"high\" width=\"940\" height=\"529\" decoding=\"async\" data-nimg=\"1\" class=\"Image_image__SdgLQ Picture_image__vGN9W\" style=\"color:transparent\"   src=\"https:\/\/www.europesays.com\/de\/wp-content\/uploads\/2026\/06\/gettyimages-2228363749.webp\"\/><\/p>\n<p>Die Nachricht klingt alarmierend: Wer eine bestimmte WhatsApp-Einstellung nicht aktiviert, soll seine Daten der KI ausliefern.<\/p>\n<p>Jonathan Raa\/NurPhoto<\/p>\n<p class=\"AnnotatedMarkup_paragraph__IUT9l\"><strong>Hat euch dieser Kettenbrief auch erreicht? <\/strong><br \/>In zahlreichen WhatsApp-Gruppen macht aktuell eine Warnung die Runde. Darin wird behauptet, Meta-KI k\u00f6nne auf private Nachrichten, Telefonnummern und sogar andere Chats zugreifen. Die Botschaft sorgt bei vielen Nutzern f\u00fcr Verunsicherung. Doch genau dazu besteht kein Anlass.<\/p>\n<p class=\"AnnotatedMarkup_paragraph__IUT9l\">In der Nachricht wird behauptet, dass k\u00fcnstliche Intelligenz ohne zus\u00e4tzliche Einstellungen Gruppenchats \u00f6ffnen, pers\u00f6nliche Informationen auslesen und sogar auf andere private Unterhaltungen zugreifen k\u00f6nne. Diese Aussagen sind jedoch falsch. Die Ende-zu-Ende-Verschl\u00fcsselung von WhatsApp bleibt weiterhin aktiv. Das bedeutet, dass Nachrichten nur von den beteiligten Personen gelesen werden k\u00f6nnen. Auch die Einf\u00fchrung neuer KI-Funktionen durch Meta \u00e4ndert daran nichts. Nach Angaben der Faktenchecker von \u201e<a rel=\"noopener noreferrer nofollow\" href=\"https:\/\/www.mimikama.org\/erweiterter-chat-datenschutz-whatsapp-kettenbrief\/\" target=\"_blank\">Mimikama<\/a>\u201d werden Daten erst dann verarbeitet, wenn Nutzer die KI-Funktionen bewusst selbst verwenden.<\/p>\n<p><img alt=\"In WhatsApp-Gruppen verbreitet sich dieser Kettenbrief derzeit massenhaft.\" fetchpriority=\"auto\" loading=\"lazy\" width=\"940\" height=\"529\" decoding=\"async\" data-nimg=\"1\" class=\"Image_image__SdgLQ Picture_image__vGN9W\" style=\"color:transparent\"   src=\"https:\/\/www.europesays.com\/de\/wp-content\/uploads\/2026\/06\/unbenannt-08-juni-2026-um-113248.webp\"\/><\/p>\n<p>In WhatsApp-Gruppen verbreitet sich dieser Kettenbrief derzeit massenhaft. <\/p>\n<p>RTL<\/p>\n<p class=\"AnnotatedMarkup_paragraph__IUT9l\"><strong>Lese-Tipp: <\/strong><a href=\"https:\/\/www.rtl.de\/leben\/digitales\/facebook-instagram-whatsapp-plus-starten-weltweit-id30864905.html\" target=\"_self\" rel=\"nofollow noopener\">Meta f\u00fchrt Bezahl-Angebot f\u00fcr Instagram und Co. ein<\/a><\/p>\n<p>Wof\u00fcr ist der \u201eerweiterte Chat-Datenschutz\u201c gedacht?<\/p>\n<p class=\"AnnotatedMarkup_paragraph__IUT9l\">Der im Kettenbrief genannte \u201eerweiterte Chat-Datenschutz\u201d existiert tats\u00e4chlich. Die Funktion dient allerdings nicht dazu, eine angebliche KI-Spionage zu verhindern. Vielmehr bietet sie zus\u00e4tzliche M\u00f6glichkeiten, um den Export von Chats oder den Umgang mit Medieninhalten st\u00e4rker einzuschr\u00e4nken. Ob Nutzer diese Option aktivieren m\u00f6chten, bleibt eine pers\u00f6nliche Entscheidung. Wer die Funktion nicht einschaltet, muss deshalb aber nicht bef\u00fcrchten, dass Meta oder eine KI automatisch private Chats mitliest.<\/p>\n<p><img alt=\"Angriff auf unsere Kinder - Der Feind im Chat\" fetchpriority=\"auto\" loading=\"lazy\" width=\"615\" height=\"346\" decoding=\"async\" data-nimg=\"1\" class=\"Image_image__SdgLQ RtlPlusContent_image__Gbn0N\" style=\"color:transparent\"   src=\"https:\/\/www.europesays.com\/de\/wp-content\/uploads\/2026\/06\/angriff-auf-unsere-kinder-der-feind-im-chat.webp\"\/>Anzeige:<\/p>\n<p>Empfehlungen unserer Partner<\/p>\n<p>Wie erkenne ich einen Kettenbrief? <\/p>\n<p class=\"AnnotatedMarkup_paragraph__IUT9l\">Burak Kahraman aus dem RTL-Verifizierungsteam r\u00e4t dazu, bei solchen Nachrichten genau hinzuschauen. <strong>\u201eEmpf\u00e4nger solcher Nachrichten sollten nicht in Panik geraten. Oft stecken hinter diesen Nachrichten keine verl\u00e4sslichen oder \u00fcberpr\u00fcfbaren Informationen\u201d<\/strong>, erkl\u00e4rt er. Besonders misstrauisch sollten Nutzer werden, wenn mit Angst gearbeitet wird. \u00dcbertriebene Warnungen, alarmierende Schlagworte und fehlende Quellen seien typische Merkmale vieler Kettenbriefe. <strong>\u201eDa solche Nachrichten gezielt Emotionen wie Angst oder Wut ansprechen, reagieren viele Betroffene spontan und ohne die Inhalte n\u00e4her zu pr\u00fcfen\u201d<\/strong>, schildert Kahraman.<\/p>\n<p>Im Video: Geheimzeichen auf dem iPhone! Das steckt hinter dem gr\u00fcnen und orangenen Punkt<\/p>\n<p>02:34 min<\/p>\n<p>Warnsignal oder was ist das?<\/p>\n<p>Geheimzeichen auf dem iPhone! Das steckt hinter dem gr\u00fcnen und orangen Punkt<\/p>\n<p>WhatsApp-Chats bleiben gesch\u00fctzt<\/p>\n<p class=\"AnnotatedMarkup_paragraph__IUT9l\"><strong>\u201eDer Messengerdienst hat zu jeder Zeit eine Ende-zu-Ende-Verschl\u00fcsselung aktiviert, daher sind s\u00e4mtliche Daten innerhalb der Chats stets gesch\u00fctzt und k\u00f6nnen weder von WhatsApp noch von Meta eingesehen werden\u201d,<\/strong> beruhigt<strong> <\/strong>Burak Kahraman. Sein Rat: Datenschutz- und Sicherheitseinstellungen regelm\u00e4\u00dfig \u00fcberpr\u00fcfen und individuell an die eigenen Bed\u00fcrfnisse anpassen. Panik wegen des aktuellen Kettenbriefs, der im vergangenen Jahr in \u00e4hnlicher Form bereits die Runde machte, ist also nicht n\u00f6tig.<\/p>\n<p class=\"AnnotatedMarkup_paragraph__IUT9l\">Verwendete Quellen: Mimikama, eigene RTL-Recherche <\/p>\n","protected":false},"excerpt":{"rendered":"Das steckt dahinter KI liest eure Chats mit? Dieser WhatsApp-Kettenbrief verunsichert Tausende Die Nachricht klingt alarmierend: Wer eine&hellip;\n","protected":false},"author":2,"featured_media":1080697,"comment_status":"","ping_status":"","sticky":false,"template":"","format":"standard","meta":{"footnotes":"","_share_on_mastodon":"0"},"categories":[135],"tags":[4561,5308,29,23190,123627,291,30,12793,152,198,190,189,769,154,5676,194,191,672,193,192],"class_list":["post-1080696","post","type-post","status-publish","format-standard","has-post-thumbnail","category-wissenschaft-technik","tag-apps","tag-computer","tag-deutschland","tag-digitales","tag-ems_ratgeber_digital","tag-facebook","tag-germany","tag-handy","tag-instagram","tag-internet","tag-science","tag-science-technology","tag-smartphone","tag-social-media","tag-soziale-netzwerke","tag-technik","tag-technology","tag-whatsapp","tag-wissenschaft","tag-wissenschaft-technik"],"share_on_mastodon":{"url":"https:\/\/pubeurope.com\/@de\/116718675718396329","error":""},"_links":{"self":[{"href":"https:\/\/www.europesays.com\/de\/wp-json\/wp\/v2\/posts\/1080696","targetHints":{"allow":["GET"]}}],"collection":[{"href":"https:\/\/www.europesays.com\/de\/wp-json\/wp\/v2\/posts"}],"about":[{"href":"https:\/\/www.europesays.com\/de\/wp-json\/wp\/v2\/types\/post"}],"author":[{"embeddable":true,"href":"https:\/\/www.europesays.com\/de\/wp-json\/wp\/v2\/users\/2"}],"replies":[{"embeddable":true,"href":"https:\/\/www.europesays.com\/de\/wp-json\/wp\/v2\/comments?post=1080696"}],"version-history":[{"count":0,"href":"https:\/\/www.europesays.com\/de\/wp-json\/wp\/v2\/posts\/1080696\/revisions"}],"wp:featuredmedia":[{"embeddable":true,"href":"https:\/\/www.europesays.com\/de\/wp-json\/wp\/v2\/media\/1080697"}],"wp:attachment":[{"href":"https:\/\/www.europesays.com\/de\/wp-json\/wp\/v2\/media?parent=1080696"}],"wp:term":[{"taxonomy":"category","embeddable":true,"href":"https:\/\/www.europesays.com\/de\/wp-json\/wp\/v2\/categories?post=1080696"},{"taxonomy":"post_tag","embeddable":true,"href":"https:\/\/www.europesays.com\/de\/wp-json\/wp\/v2\/tags?post=1080696"}],"curies":[{"name":"wp","href":"https:\/\/api.w.org\/{rel}","templated":true}]}}