{"id":1080716,"date":"2026-06-09T06:22:19","date_gmt":"2026-06-09T06:22:19","guid":{"rendered":"https:\/\/www.europesays.com\/de\/1080716\/"},"modified":"2026-06-09T06:22:19","modified_gmt":"2026-06-09T06:22:19","slug":"tafel-wegberg-stellt-sich-fuer-die-zukunft-neu-auf","status":"publish","type":"post","link":"https:\/\/www.europesays.com\/de\/1080716\/","title":{"rendered":"Tafel Wegberg stellt sich f\u00fcr die Zukunft neu auf"},"content":{"rendered":"<p class=\"text_ohne_einzug richtext text-em-55 !leading-serif mx-6 desktop:mx-0\"> Die Tafel Wegberg entwickelt sich weiter: Mit dem Beitritt zur Tafel Deutschland, einer neugestalteten Eingangssituation und umfassenden Renovierungsarbeiten an der Lebensmittelausgabe wurden in den vergangenen Monaten wichtige Weichen f\u00fcr die Zukunft gestellt. M\u00f6glich wurde dies durch das gro\u00dfe Engagement zahlreicher Ehrenamtlicher, die Unterst\u00fctzung regionaler Unternehmen sowie F\u00f6rdermittel und Spenden.<\/p>\n<p class=\"richtext text-em-55 !leading-serif mx-6 desktop:mx-0\">Seit Mai 2024 ist der fr\u00fchere Wegberger Tisch eine Einrichtung von <a href=\"https:\/\/rp-online.de\/thema\/sankt-martin\/\" rel=\"nofollow noopener\" target=\"_blank\">Sankt Martin<\/a> hilft, dem Hilfswerk der Katholischen Kirche Wegberg. Nun hat sich das Team dazu entschlossen, dem bundesweiten Dachverband Tafel Deutschland beizutreten. Die Mitgliedschaft erfolgt weiterhin in Tr\u00e4gerschaft der Katholischen Kirche, sodass die Tafel Wegberg auch k\u00fcnftig eine Einrichtung von Sankt Martin hilft bleibt.<\/p>\n<p class=\"richtext text-em-55 !leading-serif mx-6 desktop:mx-0\">F\u00fcr Projektleiter Willibert Jansen ist dieser Schritt ein wichtiger Meilenstein. Tafel Deutschland vertritt die Interessen von mehr als 980 Tafeln in Deutschland gegen\u00fcber Politik, Wirtschaft und Gesellschaft und unterst\u00fctzt die Einrichtungen vor Ort mit praktischer Hilfe. Dar\u00fcber hinaus bietet die Tafel-Akademie den ehrenamtlichen Helferinnen und Helfern vielf\u00e4ltige Aus- und Fortbildungsm\u00f6glichkeiten. \u201eMit dieser Mitgliedschaft wird die Tafel Wegberg zukunftsorientiert und leistungsf\u00e4higer aufgestellt\u201c, betont Jansen.<\/p>\n<p class=\"richtext text-em-55 !leading-serif mx-6 desktop:mx-0\">Parallel dazu konnte die Eingangssituation der Lebensmittelausgabe grundlegend verbessert werden. Durch die Schaffung eines neuen Zugangs vom Klosterhof aus ist die Ausgabestelle nun barrierefrei erreichbar. Gleichzeitig entstand im gesch\u00fctzten Innenhof ein deutlich angenehmerer und diskreterer Wartebereich f\u00fcr die Kundinnen und Kunden. Auch die Anlieferung der Waren wird durch den neuen Zugang erheblich erleichtert. Der bisherige Haupteingang \u00fcber die Treppenanlage an der Kirche dient k\u00fcnftig als Nebeneingang und Notausgang.<\/p>\n<p class=\"richtext text-em-55 !leading-serif mx-6 desktop:mx-0\">Verantwortlich f\u00fcr Planung, Bauantrag und Bauaufsicht war der ehrenamtlich f\u00fcr Sankt Martin hilft t\u00e4tige Architekt Michael Baumeister. Gemeinsam mit den ebenfalls ehrenamtlich engagierten Handwerkern Heinz Kissels und Arno Krekelberg wurde die neue Eingangst\u00fcr unter Ber\u00fccksichtigung der denkmalrechtlichen Vorgaben gestaltet und eingebaut. Beide unterst\u00fctzen regelm\u00e4\u00dfig die Arbeiten in der Pfarrkirche St. Peter und Paul sowie im ehemaligen Karmeliterkloster.<\/p>\n<p class=\"richtext text-em-55 !leading-serif mx-6 desktop:mx-0\">Die neue Eingangssituation er\u00f6ffnet zugleich M\u00f6glichkeiten f\u00fcr ein optimiertes Raum- und Logistikkonzept innerhalb der Ausgabestelle. Davon profitieren sowohl die Kundinnen und Kunden als auch die ehrenamtlichen Helfer.<\/p>\n<p class=\"richtext text-em-55 !leading-serif mx-6 desktop:mx-0\">Im Zuge der Umbauarbeiten wurde auch der Ausgaberaum umfassend renoviert. Hier sprang der in Beeck ans\u00e4ssige Malermeister Klaus Buchholz gemeinsam mit seinem Sohn Paul ein. Spontan erkl\u00e4rten sich beide bereit, die Arbeiten als Sachspende auszuf\u00fchren. Nachdem das Tafelteam die R\u00e4ume vorbereitet hatte, wurden an einem Wochenende W\u00e4nde und Decken gespachtelt, gestrichen und Holzfl\u00e4chen lackiert. Das Ergebnis ist ein heller, freundlicher und einladender Raum, der den Besuchern nun eine deutlich angenehmere Atmosph\u00e4re bietet.<\/p>\n<p class=\"richtext text-em-55 !leading-serif mx-6 desktop:mx-0\">W\u00e4hrend zahlreiche Arbeiten ehrenamtlich geleistet wurden, mussten f\u00fcr einzelne Gewerke Fachunternehmen beauftragt werden. Finanziert werden konnten diese Ma\u00dfnahmen unter anderem durch Spenden aus der Benefizaktion \u201ePolizisten radeln f\u00fcr einen guten Zweck\u201c, organisiert von Pascal &amp; Friends 2025, sowie durch F\u00f6rdermittel aus dem WDR 2 Weihnachtswunder.<\/p>\n<p class=\"richtext text-em-55 !leading-serif mx-6 desktop:mx-0\">\u00dcber die erfolgreiche Fertigstellung der Ma\u00dfnahmen freuen sich Projektleiter Willibert Jansen, sein Stellvertreter Diakon Ren\u00e9 Brockers sowie das gesamte Tafelteam unter der Leitung von Patrick Exner und Silvia Sieben. Ihr gemeinsamer Dank gilt allen Unterst\u00fctzern, die mit Zeit, Fachwissen, Materialspenden und finanzieller Hilfe dazu beigetragen haben, die Tafel Wegberg fit f\u00fcr die Zukunft zu machen.<\/p>\n","protected":false},"excerpt":{"rendered":"Die Tafel Wegberg entwickelt sich weiter: Mit dem Beitritt zur Tafel Deutschland, einer neugestalteten Eingangssituation und umfassenden Renovierungsarbeiten&hellip;\n","protected":false},"author":2,"featured_media":1080717,"comment_status":"","ping_status":"","sticky":false,"template":"","format":"standard","meta":{"footnotes":"","_share_on_mastodon":"0"},"categories":[1849],"tags":[40399,15832,3364,29,229564,548,663,3934,30,13,18931,31600,4455,14,15,1209,86467,12,6735,229565,4051,39781,1889,229566],"class_list":["post-1080716","post","type-post","status-publish","format-standard","has-post-thumbnail","category-moenchengladbach","tag-ausgabestelle","tag-beitritt","tag-de","tag-deutschland","tag-eingangssituation","tag-eu","tag-europa","tag-europe","tag-germany","tag-headlines","tag-hilft","tag-jansen","tag-moenchengladbach","tag-nachrichten","tag-news","tag-nordrhein-westfalen","tag-sankt","tag-schlagzeilen","tag-tafel","tag-tafelteam","tag-team","tag-wegberg","tag-zukunft","tag-zukunftsorientiert"],"share_on_mastodon":{"url":"https:\/\/pubeurope.com\/@de\/116718714796467201","error":""},"_links":{"self":[{"href":"https:\/\/www.europesays.com\/de\/wp-json\/wp\/v2\/posts\/1080716","targetHints":{"allow":["GET"]}}],"collection":[{"href":"https:\/\/www.europesays.com\/de\/wp-json\/wp\/v2\/posts"}],"about":[{"href":"https:\/\/www.europesays.com\/de\/wp-json\/wp\/v2\/types\/post"}],"author":[{"embeddable":true,"href":"https:\/\/www.europesays.com\/de\/wp-json\/wp\/v2\/users\/2"}],"replies":[{"embeddable":true,"href":"https:\/\/www.europesays.com\/de\/wp-json\/wp\/v2\/comments?post=1080716"}],"version-history":[{"count":0,"href":"https:\/\/www.europesays.com\/de\/wp-json\/wp\/v2\/posts\/1080716\/revisions"}],"wp:featuredmedia":[{"embeddable":true,"href":"https:\/\/www.europesays.com\/de\/wp-json\/wp\/v2\/media\/1080717"}],"wp:attachment":[{"href":"https:\/\/www.europesays.com\/de\/wp-json\/wp\/v2\/media?parent=1080716"}],"wp:term":[{"taxonomy":"category","embeddable":true,"href":"https:\/\/www.europesays.com\/de\/wp-json\/wp\/v2\/categories?post=1080716"},{"taxonomy":"post_tag","embeddable":true,"href":"https:\/\/www.europesays.com\/de\/wp-json\/wp\/v2\/tags?post=1080716"}],"curies":[{"name":"wp","href":"https:\/\/api.w.org\/{rel}","templated":true}]}}