{"id":1080774,"date":"2026-06-09T06:57:19","date_gmt":"2026-06-09T06:57:19","guid":{"rendered":"https:\/\/www.europesays.com\/de\/1080774\/"},"modified":"2026-06-09T06:57:19","modified_gmt":"2026-06-09T06:57:19","slug":"spione-unter-uns-in-der-gedenkstaette-bautzner-strasse","status":"publish","type":"post","link":"https:\/\/www.europesays.com\/de\/1080774\/","title":{"rendered":"\u201eSpione unter uns&#8220; in der Gedenkst\u00e4tte Bautzner Stra\u00dfe"},"content":{"rendered":"<p>Am Freitag, 12. Juni 2026, feiert der Dokumentarfilm \u201eThe Spies Among Us \u2013 Spione unter uns\u201c um 18 Uhr in der Gedenkst\u00e4tte Bautzner Stra\u00dfe seine Sachsen-Premiere. Der Eintritt ist frei.<br \/>\n<img fetchpriority=\"high\" decoding=\"async\" src=\"https:\/\/www.europesays.com\/de\/wp-content\/uploads\/2026\/06\/2026-06-08-DieSpieonesindunteruns.jpg\" alt=\"Dreharbeiten zu Die Spione sind unter uns - Foto: SideXSide Studios\" width=\"2400\" height=\"1350\" class=\"size-full wp-image-238692\"  \/>Dreharbeiten zu Die Spione sind unter uns \u2013 Foto: SideXSide Studios\n<\/p>\n<p>Im Mittelpunkt des Films steht Peter Keup. Der heute in Nordrhein-Westfalen lebende Wissenschaftler wurde 1981 nach einem Fluchtversuch aus der DDR verhaftet und wegen \u201eVorbereitung zur Republikflucht\u201c inhaftiert. Jahrzehnte sp\u00e4ter sucht er die direkte Konfrontation mit ehemaligen Mitarbeitern des Ministeriums f\u00fcr Staatssicherheit. Dabei geht es um die Frage, wie \u00dcberwachung, Verfolgung und pers\u00f6nliche Verantwortung bis heute nachwirken.\n<\/p>\n<p>Vom Turniert\u00e4nzer zum Wissenschaftler<\/p>\n<p>Keup wurde 1958 in Radebeul geboren. Anfang der 1980er Jahre geh\u00f6rte er als Leistungssportler zum DDR-Nationalteam im Turniertanz. Nach seinem gescheiterten Fluchtversuch wurde er verhaftet und sp\u00e4ter von der Bundesrepublik freigekauft. Aus dem ehemaligen Leistungssportler wurde sp\u00e4ter Wissenschaftler: In seiner 2025 abgeschlossenen Promotion untersuchte er, wie politische Gefangene im DDR-Strafvollzug zu Informanten gemacht wurden.\n<\/p>\n<p>Dokumentarfilme, in denen ehemalige DDR-H\u00e4ftlinge direkt auf fr\u00fchere Stasi-Mitarbeiter treffen, sind selten. Der Film begleitet Keup bei diesen Begegnungen und beleuchtet die langfristigen Folgen politischer Repression und die Aufarbeitung von DDR-Unrecht.<\/p>\n<p><img loading=\"lazy\" decoding=\"async\" src=\"https:\/\/www.europesays.com\/de\/wp-content\/uploads\/2026\/06\/2026-06-08-DieSpieonesindunteruns2.jpg\" alt=\"Szene aus &quot;Spione unter uns&quot; - SideXSide Studios\" width=\"2400\" height=\"1350\" class=\"size-full wp-image-238691\"  \/>Szene aus \u201eSpione unter uns\u201c \u2013 SideXSide Studios<\/p>\n<p>Die Veranstaltung wird von der S\u00e4chsischen Landesbeauftragten zur Aufarbeitung der SED-Diktatur und der Gedenkst\u00e4tte Bautzner Stra\u00dfe organisiert. Zur Er\u00f6ffnung spricht die S\u00e4chsische Landesbeauftragte Nancy Aris. Sie sagt: \u201ePeter Keup wirbt aus der Perspektive eines Betroffenen f\u00fcr eine sachliche und wissenschaftliche Aufarbeitung der SED-Diktatur. Mit dem Film schafft er zudem einen Zugang zum Thema, der f\u00fcr die Erinnerungskultur zunehmend an Bedeutung gewinnt.\u201c\n<\/p>\n<p>Im Anschluss an die Vorf\u00fchrung ist Peter Keup zu Gast f\u00fcr ein Publikumsgespr\u00e4ch. Dabei wird es um die Entstehung des Films, seine Forschung und seine pers\u00f6nlichen Erfahrungen mit dem DDR-Unrechtssystem gehen.\n<\/p>\n<p>The Spies Among Us \u2013 Spione unter uns<\/p>\n","protected":false},"excerpt":{"rendered":"Am Freitag, 12. Juni 2026, feiert der Dokumentarfilm \u201eThe Spies Among Us \u2013 Spione unter uns\u201c um 18&hellip;\n","protected":false},"author":2,"featured_media":1080775,"comment_status":"","ping_status":"","sticky":false,"template":"","format":"standard","meta":{"footnotes":"","_share_on_mastodon":"0"},"categories":[1835],"tags":[44737,3364,29,2386,2416,30,859,87039,91083],"class_list":["post-1080774","post","type-post","status-publish","format-standard","has-post-thumbnail","category-dresden","tag-bautzner-strasse","tag-de","tag-deutschland","tag-dresden","tag-gedenkstaette","tag-germany","tag-sachsen","tag-spione","tag-stasi"],"share_on_mastodon":{"url":"https:\/\/pubeurope.com\/@de\/116718852550670608","error":""},"_links":{"self":[{"href":"https:\/\/www.europesays.com\/de\/wp-json\/wp\/v2\/posts\/1080774","targetHints":{"allow":["GET"]}}],"collection":[{"href":"https:\/\/www.europesays.com\/de\/wp-json\/wp\/v2\/posts"}],"about":[{"href":"https:\/\/www.europesays.com\/de\/wp-json\/wp\/v2\/types\/post"}],"author":[{"embeddable":true,"href":"https:\/\/www.europesays.com\/de\/wp-json\/wp\/v2\/users\/2"}],"replies":[{"embeddable":true,"href":"https:\/\/www.europesays.com\/de\/wp-json\/wp\/v2\/comments?post=1080774"}],"version-history":[{"count":0,"href":"https:\/\/www.europesays.com\/de\/wp-json\/wp\/v2\/posts\/1080774\/revisions"}],"wp:featuredmedia":[{"embeddable":true,"href":"https:\/\/www.europesays.com\/de\/wp-json\/wp\/v2\/media\/1080775"}],"wp:attachment":[{"href":"https:\/\/www.europesays.com\/de\/wp-json\/wp\/v2\/media?parent=1080774"}],"wp:term":[{"taxonomy":"category","embeddable":true,"href":"https:\/\/www.europesays.com\/de\/wp-json\/wp\/v2\/categories?post=1080774"},{"taxonomy":"post_tag","embeddable":true,"href":"https:\/\/www.europesays.com\/de\/wp-json\/wp\/v2\/tags?post=1080774"}],"curies":[{"name":"wp","href":"https:\/\/api.w.org\/{rel}","templated":true}]}}