{"id":1080870,"date":"2026-06-09T07:49:16","date_gmt":"2026-06-09T07:49:16","guid":{"rendered":"https:\/\/www.europesays.com\/de\/1080870\/"},"modified":"2026-06-09T07:49:16","modified_gmt":"2026-06-09T07:49:16","slug":"baden-wuerttemberg-statt-berlin-leser-kueren-den-besten-club-in-deutschland-2025-2","status":"publish","type":"post","link":"https:\/\/www.europesays.com\/de\/1080870\/","title":{"rendered":"Baden-W\u00fcrttemberg statt Berlin: Leser k\u00fcren den besten Club in Deutschland 2025"},"content":{"rendered":"<p class=\"mb-6 text-xs md:text-m lg:text-l font-serif group-[.font-sans]:font-sans \">\n    Wer bei den besten Clubs Deutschlands automatisch an Berlin denkt, liegt daneben. Das FAZEmag, eines der wichtigsten Magazine f\u00fcr elektronische Musik, hat seine Leserinnen und Leser abstimmen lassen \u2013 mit einem \u00fcberraschend klaren Ergebnis: <strong class=\"font-bold\"><a href=\"https:\/\/www.ka-news.de\/baden-wuerttemberg\/baden-wuerttemberg-staedte-flaeche-einwohnerzahl-sehenswuerdigkeiten-insider-tipps-3-6-26-113173158\" target=\"_self\" class=\"underline \" rel=\"nofollow noopener\">Baden-W\u00fcrttemberg<\/a> spielt im Jahr 2025 ganz vorn mit.<\/strong>\n  <\/p>\n<p>            32.000 Club-G\u00e4nger stimmten ab<\/p>\n<p class=\"mb-6 text-xs md:text-m lg:text-l font-serif group-[.font-sans]:font-sans \">\n    Beim <strong class=\"font-bold\">FAZEmag-Jahrespoll 2025 \u201eClub National\u201c<\/strong> haben rund <strong class=\"font-bold\">32.000 Teilnehmer*innen<\/strong> r\u00fcckwirkend f\u00fcr das Jahr 2025 abgestimmt. F\u00fcr Baden-W\u00fcrttemberg ist das Ergebnis ein Ritterschlag \u2013 und f\u00fcr Clubg\u00e4nger ein klarer Hinweis: Wer elektronische Musik auf Top-Niveau erleben will, muss nicht zwingend nach Berlin reisen.\n  <\/p>\n<p>            Platz 1 in Deutschland: Gotec aus Karlsruhe<\/p>\n<p class=\"mb-6 text-xs md:text-m lg:text-l font-serif group-[.font-sans]:font-sans \">\n    Der Titel <strong class=\"font-bold\">\u201eBester Club Deutschlands 2025\u201c<\/strong> geht nach <strong class=\"font-bold\"><a href=\"https:\/\/www.ka-news.de\/karlsruhe\" target=\"_self\" class=\"underline \" rel=\"nofollow noopener\">Karlsruhe<\/a><\/strong>. Das <strong class=\"font-bold\">Gotec<\/strong> setzt sich im FAZEmag-Ranking gegen internationale Schwergewichte durch \u2013 darunter das <strong class=\"font-bold\">Berghain<\/strong> und der <strong class=\"font-bold\">Tresor<\/strong> aus Berlin. Seit Jahrzehnten ist das Gotec eine feste Adresse f\u00fcr Techno- und Electro-Fans. Internationale Acts und eine treue Community haben den Club weit \u00fcber die Region hinaus bekannt gemacht.\n  <\/p>\n<p>    <img decoding=\"async\" src=\"https:\/\/images.mgpd.de\/img\/109226960\/crop\/c16_9-w100\/1456873675\/305661668\/interieur-gotec.jpg\" alt=\"Das Gotec im Innenbereich. (Archivbild)\" title=\"Das Gotec im Innenbereich. (Archivbild)\" loading=\"lazy\" class=\"h-full w-full object-cover\"\/><\/p>\n<p>      Icon vergr\u00f6\u00dfern<\/p>\n<p>    Das Gotec im Innenbereich. (Archivbild)<br \/>\n    Foto: Thomas Riedel<\/p>\n<p>        Schlie\u00dfen <\/p>\n<p>      Icon Schlie\u00dfen<\/p>\n<p>        Icon vergr\u00f6\u00dfern<\/p>\n<p>        Icon verkleinern<\/p>\n<p>      Icon Pfeil bewegen<\/p>\n<p>    Das Gotec im Innenbereich. (Archivbild)<br \/>\n    Foto: Thomas Riedel<\/p>\n<p class=\"mb-6 text-xs md:text-m lg:text-l font-serif group-[.font-sans]:font-sans \">\n    Auf Platz 9 landet ein weiterer Club aus der F\u00e4cherstadt. <a href=\"https:\/\/www.ka-news.de\/kultur\/regional\/club-in-karlsruhe-adrian-ziser-investiert-millionen-in-das-c2-ost-28-03-25-art-3296930\" target=\"_self\" class=\"underline \" rel=\"nofollow noopener\">Der relativ neue C2 Ost Club in der Oststadt. Der zog im M\u00e4rz 2025 in die R\u00e4umlichkeiten des Culteums<\/a>. <a href=\"https:\/\/www.ka-news.de\/karlsruhe\/stadtgespraech\/welche-clubs-sind-in-karlsruhe-am-besten-bewertet-25-1-26-112767643\" target=\"_self\" class=\"underline \" rel=\"nofollow noopener\">Laut Google-Wertungen steht aber ein anderer Club aus Karlsruhe aktuell an erster Stelle: Das Nachtwerk (Stand: 2025)<\/a>\n  <\/p>\n<p>            Die Top 10 der besten Clubs in Deutschland im \u00dcberblick<\/p>\n<ul rel=\"\" class=\"[&amp;&gt;li]:relative list-none  [&amp;&gt;li]:pl-[1.2em] [&amp;&gt;li]:marker:text-[0] [&amp;&gt;li]:relative [&amp;&gt;li]:before:absolute [&amp;&gt;li]:before:w-3 [&amp;&gt;li]:before:h-3 [&amp;&gt;li]:before:bg-brand [&amp;&gt;li]:before:left-0 [&amp;&gt;li]:before:top-[8px] [&amp;&gt;li]:before:rounded-full  my-5\">\n<li class=\" mb-3 text-xs md:text-m lg:text-l\">1. Gotec (Karlsruhe)<\/li>\n<li class=\" mb-3 text-xs md:text-m lg:text-l\">2. Bootshaus (K\u00f6ln)<\/li>\n<li class=\" mb-3 text-xs md:text-m lg:text-l\">3. Fusion, M\u00fcnster)<\/li>\n<li class=\" mb-3 text-xs md:text-m lg:text-l\">4. Die Rakete (N\u00fcrnberg)<\/li>\n<li class=\" mb-3 text-xs md:text-m lg:text-l\">5. Berghain (Berlin)<\/li>\n<li class=\" mb-3 text-xs md:text-m lg:text-l\">6. Hans Bunte Areal (Freiburg)<\/li>\n<li class=\" mb-3 text-xs md:text-m lg:text-l\">7. Tanzhaus West (Frankfurt)<\/li>\n<li class=\" mb-3 text-xs md:text-m lg:text-l\">8. Tresor (Berlin)<\/li>\n<li class=\" mb-3 text-xs md:text-m lg:text-l\">9. C2 Ost (Karlsruhe)<\/li>\n<li class=\" mb-3 text-xs md:text-m lg:text-l\">10. Odonien (K\u00f6ln)<\/li>\n<\/ul>\n<p class=\"mb-6 text-xs md:text-m lg:text-l font-serif group-[.font-sans]:font-sans \">\n    Damit haben es mit den beiden Karlsruher Clubs und dem Hans-Bunte-Areal in Freiburg gleich <strong class=\"font-bold\">drei Cubs in die Top 10 der besten Clubs in Deutschland 2025<\/strong> geschafft. Zudem schafften es Fridas Pier, der Proton-Club und das Lehmann in Stuttgart auf die Liste.\n  <\/p>\n<p class=\"mb-6 text-xs md:text-m lg:text-l font-serif group-[.font-sans]:font-sans \">\n    \u00dcbringes: In <a href=\"https:\/\/www.ka-news.de\/promis\/karlsruhe-kulturlandschaft-technologieregion-und-residenz-des-rechts-die-faecherstadt-im-ueberblick-art-2783253\" target=\"_self\" class=\"underline \" rel=\"nofollow noopener\">Karlsruhe<\/a> hat neben dem C2 Ost noch ein <a href=\"https:\/\/www.ka-news.de\/karlsruhe\/freizeit-und-veranstaltungen\/neues-aus-karlsruhes-nachtleben-ballhaus-west-ersetzt-den-lux-club-21-10-25-112185427\" target=\"_self\" class=\"underline \" rel=\"nofollow noopener\">weiterer Club neu er\u00f6ffnet. Das Ballhaus West in der Hirschstra\u00dfe.<\/a> Auch bei den <a href=\"https:\/\/www.ka-news.de\/baden-wuerttemberg\/die-besten-bars-in-baden-wuerttemberg-laut-falstaff-27-3-26-113132601\" target=\"_self\" class=\"underline \" rel=\"nofollow noopener\">besten Bars in Baden-W\u00fcrttemberg<\/a> haben die Karlsruher gut abgeschnitten.\n  <\/p>\n","protected":false},"excerpt":{"rendered":"Wer bei den besten Clubs Deutschlands automatisch an Berlin denkt, liegt daneben. Das FAZEmag, eines der wichtigsten Magazine&hellip;\n","protected":false},"author":2,"featured_media":740235,"comment_status":"","ping_status":"","sticky":false,"template":"","format":"standard","meta":{"footnotes":"","_share_on_mastodon":"0"},"categories":[1844],"tags":[1634,13127,296,3364,29,295,30,8194,8903,4077,1441],"class_list":["post-1080870","post","type-post","status-publish","format-standard","has-post-thumbnail","category-karlsruhe","tag-baden-wuerttemberg","tag-berghain","tag-berlin","tag-de","tag-deutschland","tag-freiburg","tag-germany","tag-google-inc","tag-karlsruhe","tag-oststadt","tag-stuttgart"],"share_on_mastodon":{"url":"https:\/\/pubeurope.com\/@de\/116719058328528575","error":""},"_links":{"self":[{"href":"https:\/\/www.europesays.com\/de\/wp-json\/wp\/v2\/posts\/1080870","targetHints":{"allow":["GET"]}}],"collection":[{"href":"https:\/\/www.europesays.com\/de\/wp-json\/wp\/v2\/posts"}],"about":[{"href":"https:\/\/www.europesays.com\/de\/wp-json\/wp\/v2\/types\/post"}],"author":[{"embeddable":true,"href":"https:\/\/www.europesays.com\/de\/wp-json\/wp\/v2\/users\/2"}],"replies":[{"embeddable":true,"href":"https:\/\/www.europesays.com\/de\/wp-json\/wp\/v2\/comments?post=1080870"}],"version-history":[{"count":0,"href":"https:\/\/www.europesays.com\/de\/wp-json\/wp\/v2\/posts\/1080870\/revisions"}],"wp:featuredmedia":[{"embeddable":true,"href":"https:\/\/www.europesays.com\/de\/wp-json\/wp\/v2\/media\/740235"}],"wp:attachment":[{"href":"https:\/\/www.europesays.com\/de\/wp-json\/wp\/v2\/media?parent=1080870"}],"wp:term":[{"taxonomy":"category","embeddable":true,"href":"https:\/\/www.europesays.com\/de\/wp-json\/wp\/v2\/categories?post=1080870"},{"taxonomy":"post_tag","embeddable":true,"href":"https:\/\/www.europesays.com\/de\/wp-json\/wp\/v2\/tags?post=1080870"}],"curies":[{"name":"wp","href":"https:\/\/api.w.org\/{rel}","templated":true}]}}