{"id":108088,"date":"2025-05-13T19:26:12","date_gmt":"2025-05-13T19:26:12","guid":{"rendered":"https:\/\/www.europesays.com\/de\/108088\/"},"modified":"2025-05-13T19:26:12","modified_gmt":"2025-05-13T19:26:12","slug":"bbl-bonn-kauft-nationalspieler-joel-aminu-aus-vertrag-in-vechta-sportmix","status":"publish","type":"post","link":"https:\/\/www.europesays.com\/de\/108088\/","title":{"rendered":"BBL: Bonn kauft Nationalspieler Joel Aminu aus Vertrag in Vechta | Sportmix"},"content":{"rendered":"<p>Die Hauptrunde der Easycredit <a href=\"https:\/\/sportbild.bild.de\/sportmix\/basketball\/basketball\/home-44119656.sport.html\" class=\"text-link\" target=\"_blank\" rel=\"noopener\">Basketball<\/a> Bundesliga ist gerade Mal zwei Tage vorbei. F\u00fcr sieben von 17 Teams hat die Sommerpause begonnen. Obwohl die Play-in-Runde noch nicht mal angefangen hat, gibt&#8217;s schon die ersten Spekulationen: Welche Stars verlassen die Liga? Wer wechselt den Verein?<\/p>\n<p><b>Der erste Transfer-Coup ist sogar schon fix!<\/b><\/p>\n<p>Nationalspieler Joel Aminu (28) wechselt nach vier Jahren bei Rasta Vechta mittels einer Ausstiegsklausel zu den Telekom Baskets Bonn. Weil der Scharfsch\u00fctze noch ein Jahr Vertrag hatte, l\u00e4sst sich Bonn die Sache sogar 30.000 Euro Abl\u00f6se kosten!<\/p>\n<p><b>Kein Wunder: Weil US-Colleges immer mehr Talente mit lukrativen NIL-Deals in die NCAA locken, wird der Kampf um gute deutsche Spieler immer h\u00e4rter. Denn laut BBL-Richtlinien m\u00fcssen mindestens sechs einheimische Profis im Kader stehen. <\/b><\/p>\n<p>Lesen Sie auch<\/p>\n<p>Aminu begr\u00fcndet seinen Abgang in der offiziellen Mitteilung so: \u201eIch m\u00f6chte mittelfristig um einen nationalen oder auch internationalen Titel mitspielen. Diese neue Herausforderung m\u00f6chte ich jetzt angehen. Zudem liegt Bonn noch einmal n\u00e4her bei meiner Familie und Freunden und meine Freundin kann mit mir nach Bonn gehen.\u201c Aminu stammt vom Niederrhein und begann in Kamp-Lintfort mit Basketball.<\/p>\n<p>F\u00fcr Bonn k\u00f6nnte der Transfer gleichzeitig bedeuten, dass Sam Griesel (25) den Klub verl\u00e4sst. Der Deutsch-Amerikaner ist einer der wenigen Bonner, der sich in einer ansonsten schwachen Saison pers\u00f6nlich verbesserte. Darum gibt&#8217;s seit Wochen immer wieder Ger\u00fcchte, er w\u00fcrde ein besser dotiertes Angebot aus der BBL annehmen &#8230;<\/p>\n<p>BBL: Wechsel-Wahnsinn beginnt! Bonn kauft Nationalspieler Joel Aminu aus Vertrag bei Rasta Vechta heraus<\/p>\n<p><b>SPORT BILD hat neun weitere hei\u00dfe Ger\u00fcchte zusammengefasst und sagt, wie hoch die Wahrscheinlichkeit ist, dass sie zutreffen.<\/b><\/p>\n<p><b>JHIVVAN JACKSON (26): <\/b>Der frisch gek\u00fcrte MVP der Liga von den Fit\/One W\u00fcrzburg Baskets hat sich mit seiner \u00fcberzeugenden Saison in BBL und Champions League f\u00fcr h\u00f6here Aufgaben empfohlen. Laut \u201eMain-Post\u201c und \u201eReutlinger Generalanzeiger\u201c h\u00e4tte ihn der franz\u00f6sische Euroleague-Klub Asvel Villeurbanne gerne als Nachfolger f\u00fcr Th\u00e9o Maledon (23), der wiederum Asvel nicht zu halten ist. Zudem soll der spanische Top-Klub Valencia Interesse haben. <b>Wahrscheinlichkeit: 90 Prozent!<\/b><\/p>\n<p><b>ZAC SELJAAS (27):<\/b> Dass der Kult-Profi mit Vokuhila-Frisur vergangene Saison noch mal bei den Fit\/One W\u00fcrzburg Baskets verl\u00e4ngerte, war schon ein Gl\u00fccksfall. Diesen Sommer wird der unumstrittene F\u00fchrungsspieler den Klub verlassen. Wie bei Mannschafts-Kollege Jackson soll Asvel Villeurbanne ein m\u00f6gliches Ziel sein. Aber auch K\u00f6nigsklassen-Klub Virtus Bologna und Alba Berlin lieb\u00e4ugeln mit einer Verpflichtung. F\u00fcr Berlin spr\u00e4che: Dort spielt auch kommende Saison Justin Bean (28) \u2013 beide geh\u00f6ren zur Glaubensgemeinschaft der Mormonen und sind zudem gut befreundet. <b>Wahrscheinlichkeit: 80 Prozent!<\/b><\/p>\n<p><img decoding=\"async\" width=\"992\" height=\"84\" alt=\"Teaser-Bild\" src=\"https:\/\/www.europesays.com\/de\/wp-content\/uploads\/2025\/05\/0b80aaed5285c8b837a6bb1bc9e36c0b,d06f157a\"   class=\"dynamic\" loading=\"lazy\"\/><\/p>\n<p>Foto: BILD<\/p>\n<p><b>YANNI WETZELL (28):<\/b> Der Vertrag des geb\u00fcrtigen Neuseel\u00e4nders bei Alba Berlin l\u00e4uft nach drei Spielzeiten aus. Auch durch den Ausstieg von Alba aus der Euroleague sieht der Center seine Zukunft offenbar anderswo. Laut dem italienischen Basketball-Journalisten Matteo Andreani wird Wetzell auch k\u00fcnftig in der K\u00f6nigsklasse spielen: Sein Berater ist demnach in fortgeschrittenen Gespr\u00e4chen mit Baskonia Vitoria-Gasteiz in Spanien. <b>Wahrscheinlichkeit: 70 Prozent!<\/b><\/p>\n<p><b>MATTEO SPAGNOLO (22):<\/b> Das Aufbau-Talent schaffte auch diese Saison bei Alba Berlin nicht den Durchbruch. Und auch er wird den Hauptstadt-Klub mit gro\u00dfer Wahrscheinlichkeit verlassen. Laut dem italienischen Portal \u201eSuperbasket.eu\u201c steht er vor einer R\u00fcckkehr nach Spanien und wird ebenfalls mit Baskonia in Verbindung gebracht. Spagnolo stammt aus Brindisi, ging aber schon mit 15 Jahren in die Nachwuchs-Akademie von Real Madrid. <b>Wahrscheinlichkeit: 80 Prozent!<\/b><\/p>\n<p><b>NORIS AGBAKOKO (25):<\/b> Der 2,18 Meter gro\u00dfe Center ist ein Eigengew\u00e4chs der EWE Baskets Oldenburg. Nach neun Jahren verl\u00e4sst er nun seinen Ausbildungs-Verein und wird mit Alba Berlin in Verbindung gebracht \u2013 als Ersatz f\u00fcr Yanni Wetzell? Alba-Trainer Pedro Calles (41) kennt Agbakoko genau und sch\u00e4tzt seine Qualit\u00e4tem. Calles wurde im November in Oldenburg gefeuert und heuerte im Anschluss in Berlin an. <b>Wahrscheinlichkeit: 99 Prozent!<\/b><\/p>\n<p>Wilde Szene in der BBL: Basketball-Ronaldo haut Trainer um<a href=\"https:\/\/sportbild.bild.de\/sportmix\/basketball\/wilde-szene-in-der-bbl-basketball-ronaldo-haut-trainer-um-682343820b8ba449da43abdd\" class=\"anchor\" target=\"_blank\" rel=\"noopener\"><img decoding=\"async\" width=\"992\" height=\"558\" alt=\"Teaser-Bild\" src=\"https:\/\/www.europesays.com\/de\/wp-content\/uploads\/2025\/05\/0ade6f086b9d8699aec10b3a503ba760-landscape,1ff8ed4a\"   class=\"landscape teaser__image\" loading=\"lazy\"\/><\/a><\/p>\n<p>Quelle: BILD \/ Dyn13.05.2025<\/p>\n<p><b>ALEN PJANIC (28): <\/b> Auch der Fl\u00fcgelspieler wird aller Voraussicht nach die Oldenburger verlassen (Vertrag l\u00e4uft aus). Nach Informationen von Transfer-Insider Ruper Fabig (\u201eHamburger Abendblatt\u201c) sind sein Ziel die Fit\/One W\u00fcrzburg Baskets. Der in Gie\u00dfen geborene Sohn bosnischer Eltern k\u00f6nnte dort als Rollenspieler den Abgang von Kapit\u00e4n Seljaas (s.o.) abfedern. <b>Wahrscheinlichkeit: 85 Prozent!<\/b><\/p>\n<p><b>BRANDON RANDOLPH (27):<\/b> Jahr f\u00fcr Jahr nutzen nordamerikanische Profis aus der zweiten Reihe Rasta Vechta als Sprungbrett nach Europa. Vor einem Jahr ging der beste Mann Tommy Kuhse (27) nach einer \u00fcberragenden Saison zu Derthona Basket nach Italien. Dieses Jahr wird BBL-Topscorer Randolph nicht in der nieders\u00e4chsischen Provinz zu halten sein. Genau wie bei Kuhse ist sein Ziel offenbar Italien. \u201eLa Republica Bologna\u201c berichtet von gesteigertem Interesse von Euroleague-Klub Virtus Bologna. <b>Wahrscheinlichkeit: 95 Prozent!<\/b><\/p>\n<p><b>LEON KRATZER (28): <\/b>Nach dem Gewinn der Champions League mit den Telekom Baskets Bonn 2023 folgte der Center Erfolgstrainer Tuomas Iisalo (42\/jetzt Memphis Grizzlies) nach Paris. Dort gewann der Nationalspieler (15 L\u00e4nderspiele) den EuroCup und spielte diese Saison sogar erstmals in der Euroleague. Der Vertrag des geb\u00fcrtigen Bayreuthers in Paris l\u00e4uft nun aus. Dass der aufstrebende Klub mit ihm verl\u00e4ngert, ist angesichts geschrumpfter Einsatzzeiten fraglich. Immer wieder gibt&#8217;s Ger\u00fcchte \u00fcber eine R\u00fcckkehr in die BBL. <b>Wahrscheinlichkeit: 50 Prozent!<\/b><\/p>\n<p><b>TILL PAPE (27): <\/b>Der Basketball spielende Doktor war 2023 Trainer Roel Moors (46) aus G\u00f6ttingen zu den Telekom Baskets Bonn gefolgt. Doch der Erfolg blieb aus. Moors wurde im Januar gefeuert. Jetzt l\u00e4uft Papes Vertrag aus und er sichtet den Markt. Laut Insider Fabig haben W\u00fcrzburg und sein Ex-Klub Ratiopharm Ulm angeklopft. <b>Wahrscheinlichkeit: 75 Prozent!<\/b><\/p>\n","protected":false},"excerpt":{"rendered":"Die Hauptrunde der Easycredit Basketball Bundesliga ist gerade Mal zwei Tage vorbei. F\u00fcr sieben von 17 Teams hat&hellip;\n","protected":false},"author":2,"featured_media":108089,"comment_status":"","ping_status":"","sticky":false,"template":"","format":"standard","meta":{"footnotes":""},"categories":[1842],"tags":[16204,2471,2493,2472,1741,3364,29,5841,5846,30,1209,40888,5847,542,45,27190],"class_list":{"0":"post-108088","1":"post","2":"type-post","3":"status-publish","4":"format-standard","5":"has-post-thumbnail","7":"category-bonn","8":"tag-telekom-baskets-bonn","9":"tag-alba-berlin","10":"tag-basketball","11":"tag-bbl","12":"tag-bonn","13":"tag-de","14":"tag-deutschland","15":"tag-dyn-basketball","16":"tag-ewe-baskets-oldenburg","17":"tag-germany","18":"tag-nordrhein-westfalen","19":"tag-ratiopharm-ulm","20":"tag-sc-rasta-vechta","21":"tag-sport-leuchtturm-hamburg","22":"tag-texttospeech","23":"tag-wuerzburg-baskets"},"share_on_mastodon":{"url":"https:\/\/pubeurope.com\/@de\/114502171765406980","error":""},"_links":{"self":[{"href":"https:\/\/www.europesays.com\/de\/wp-json\/wp\/v2\/posts\/108088","targetHints":{"allow":["GET"]}}],"collection":[{"href":"https:\/\/www.europesays.com\/de\/wp-json\/wp\/v2\/posts"}],"about":[{"href":"https:\/\/www.europesays.com\/de\/wp-json\/wp\/v2\/types\/post"}],"author":[{"embeddable":true,"href":"https:\/\/www.europesays.com\/de\/wp-json\/wp\/v2\/users\/2"}],"replies":[{"embeddable":true,"href":"https:\/\/www.europesays.com\/de\/wp-json\/wp\/v2\/comments?post=108088"}],"version-history":[{"count":0,"href":"https:\/\/www.europesays.com\/de\/wp-json\/wp\/v2\/posts\/108088\/revisions"}],"wp:featuredmedia":[{"embeddable":true,"href":"https:\/\/www.europesays.com\/de\/wp-json\/wp\/v2\/media\/108089"}],"wp:attachment":[{"href":"https:\/\/www.europesays.com\/de\/wp-json\/wp\/v2\/media?parent=108088"}],"wp:term":[{"taxonomy":"category","embeddable":true,"href":"https:\/\/www.europesays.com\/de\/wp-json\/wp\/v2\/categories?post=108088"},{"taxonomy":"post_tag","embeddable":true,"href":"https:\/\/www.europesays.com\/de\/wp-json\/wp\/v2\/tags?post=108088"}],"curies":[{"name":"wp","href":"https:\/\/api.w.org\/{rel}","templated":true}]}}