{"id":1080927,"date":"2026-06-09T08:21:20","date_gmt":"2026-06-09T08:21:20","guid":{"rendered":"https:\/\/www.europesays.com\/de\/1080927\/"},"modified":"2026-06-09T08:21:20","modified_gmt":"2026-06-09T08:21:20","slug":"bremen-onkel-plante-anschlag-gericht-verhaengt-achteinhalb-jahre-haft","status":"publish","type":"post","link":"https:\/\/www.europesays.com\/de\/1080927\/","title":{"rendered":"Bremen: Onkel plante Anschlag \u2013 Gericht verh\u00e4ngt achteinhalb Jahre Haft"},"content":{"rendered":"<p>Urteil in Bremen <\/p>\n<p>Mann plante Massaker \u2013 Gericht verh\u00e4ngt Haftstrafe<\/p>\n<p>09.06.2026 &#8211; 10:08 UhrLesedauer: 3 Min.<\/p>\n<p><a href=\"#focus-0\" class=\"transition-colors duration-200 block text-current relative\" data-sctrack=\"FocusGalleryImage.Reference\"><img fetchpriority=\"high\" data-testid=\"Opener.Image\"   loading=\"eager\" src=\"https:\/\/www.europesays.com\/de\/wp-content\/uploads\/2026\/06\/einer-der-angeklagter-sitz-in-einem-saal-des-landgerichts-bremen-die-kammer-war-davon-ueberzeugt-das.jpeg\" alt=\"Einer der Angeklagter sitz in einem Saal des Landgerichts Bremen: Die Kammer war davon \u00fcberzeugt, dass die Anschlagspl\u00e4ne ernst gemeint waren.\" title=\"Einer der Angeklagter sitz in einem Saal des Landgerichts Bremen: Die Kammer war davon \u00fcberzeugt, dass die Anschlagspl\u00e4ne ernst gemeint waren.\" width=\"2048\" height=\"1152\" class=\"bg-[url:var(--lqipURL)] bg-cover bg-center flex h-full w-full max-w-full\" style=\"--lqipURL:url('https:\/\/images.t-online.de\/2026\/06\/3u7dsgo8FwHz\/0x69:2048x1152\/fit-in\/150x0\/filters:blur(25)\/einer-der-angeklagter-sitz-in-einem-saal-des-landgerichts-bremen-die-kammer-war-davon-ueberzeugt-dass-die-anschlagsplaene-ernst-gemeint-waren.jpg')\" decoding=\"async\"\/><img loading=\"lazy\" src=\"https:\/\/bremen.t-online.de\/s\/paper\/_next\/static\/media\/zoom-in.f7dae02f.svg\" alt=\"Vergr\u00f6\u00dfern des Bildes\" title=\"Vergr\u00f6\u00dfern des Bildes\" class=\"block h-[calc(var(--height)_\/_16_*_1rem)] w-[calc(var(--width)_\/_16_*_1rem)] max-w-none absolute bottom-8 right-8 rounded-4 bg-snow p-8\" style=\"--width:32;--height:32\" decoding=\"async\"\/><\/a><\/p>\n<p>Einer der Angeklagter sitzt in einem Saal des Landgerichts Bremen: Die Kammer war davon \u00fcberzeugt, dass er es mit den Anschlagspl\u00e4nen ernst meinte. (Quelle: Focke Strangmann\/dpa)<\/p>\n<p><img loading=\"lazy\" src=\"https:\/\/bremen.t-online.de\/s\/paper\/_next\/static\/media\/audio-volume.6689034c.svg\" alt=\"\" title=\"\" class=\"block h-[calc(var(--height)_\/_16_*_1rem)] w-[calc(var(--width)_\/_16_*_1rem)] max-w-none group-hover:brightness-0 group-hover:invert\" style=\"--width:16;--height:16\" decoding=\"async\"\/>Vorlesen<\/p>\n<p>Aktuelle Zeit:0:00Gesamtdauer:0:00<\/p>\n<p>1x<\/p>\n<p class=\"text-center\">Jetzt neu bei t-online:<\/p>\n<p class=\"text-center\">Schriftgr\u00f6\u00dfe anpassen!<\/p>\n<p><img loading=\"lazy\" src=\"https:\/\/bremen.t-online.de\/s\/paper\/_next\/static\/media\/font-sizes.32942e33.svg\" alt=\"\" title=\"\" class=\"block h-[calc(var(--height)_\/_16_*_1rem)] w-[calc(var(--width)_\/_16_*_1rem)] max-w-none group-hover:hidden group-aria-expanded:hidden\" style=\"--width:16;--height:16\" decoding=\"async\"\/><img loading=\"lazy\" src=\"https:\/\/bremen.t-online.de\/s\/paper\/_next\/static\/media\/font-sizes-dark-mode.e382645c.svg\" alt=\"\" title=\"\" class=\"block h-[calc(var(--height)_\/_16_*_1rem)] w-[calc(var(--width)_\/_16_*_1rem)] max-w-none hidden group-hover:block group-aria-expanded:block\" style=\"--width:16;--height:16\" decoding=\"async\"\/><img loading=\"lazy\" src=\"https:\/\/bremen.t-online.de\/s\/paper\/_next\/static\/media\/sharing-menu-icon.1eb71368.svg\" alt=\"\" title=\"\" class=\"block h-[calc(var(--height)_\/_16_*_1rem)] w-[calc(var(--width)_\/_16_*_1rem)] max-w-none group-hover:brightness-0 group-hover:invert\" style=\"--width:16;--height:16\" decoding=\"async\"\/>Artikel teilen<\/p>\n<p class=\"font-bold text-18 leading-17 user-text-lg:text-22 user-text-xl:text-24\">Ein Anschlag mit Schusswaffen und Sprengstoffweste sollte wahllos Menschenleben kosten. Nun hat ein Gericht \u00fcber die Verantwortlichen entschieden.<\/p>\n<p class=\"text-18 leading-17 user-text-lg:text-22 user-text-xl:text-24\">Das <a class=\"transition-colors duration-200 cursor-pointer text-inherit no-underline text-salemsfur md:hover:text-magenta md:hover:border-magenta md:focus:text-magenta border-current border-b border-solid break-words\" data-tracking=\"{&quot;action&quot;:&quot;click&quot;,&quot;category&quot;:&quot;intextLink&quot;,&quot;label&quot;:&quot;https:\/\/www.t-online.de\/themen\/landgericht-bremen\/&quot;}\" href=\"https:\/\/www.t-online.de\/themen\/landgericht-bremen\/\" data-sctrack=\"BodyAnchor\" rel=\"nofollow noopener\" target=\"_blank\">Landgericht Bremen<\/a> hat einen 35-j\u00e4hrigen Mann zu achteinhalb Jahren Gef\u00e4ngnis verurteilt. Er hatte gemeinsam mit seinem Neffen einen Anschlag mit Schusswaffen und einer Sprengstoffweste in Bremerhaven geplant. Der Neffe wurde wegen einer schweren psychischen Erkrankung freigesprochen und in eine psychiatrische Einrichtung eingewiesen.<\/p>\n<p class=\"text-18 leading-17 user-text-lg:text-22 user-text-xl:text-24\">Der Vorsitzende Richter erkl\u00e4rte bei der Urteilsverk\u00fcndung: &#8222;Hier sollten wahllos an einem \u00f6ffentlichen Ort eine Vielzahl von Opfern willk\u00fcrlich get\u00f6tet und verletzt werden.&#8220; Das Gericht sprach den 35-J\u00e4hrigen wegen Verabredung zum Mord, Verabredung zur Herbeif\u00fchrung einer Sprengstoffexplosion und Terrorismus-Finanzierung schuldig.<\/p>\n<p>20-J\u00e4hriger leidet unter atypischem Autismus<\/p>\n<p class=\"text-18 leading-17 user-text-lg:text-22 user-text-xl:text-24\">Der heute 20-j\u00e4hrige Neffe leidet laut Gericht seit seiner Kindheit unter atypischem Autismus, Depressionen sowie Suizid- und Zwangsgedanken. Au\u00dferhalb seiner Familie habe er kaum soziale Kontakte gehabt. Sein Onkel sei f\u00fcr ihn eine wichtige Bezugsperson und ein m\u00e4nnliches Vorbild gewesen.<\/p>\n<p class=\"text-18 leading-17 user-text-lg:text-22 user-text-xl:text-24\">Der 35-J\u00e4hrige konvertierte vor einigen Jahren zum Islam und radikalisierte sich. Als sein Neffe 14 Jahre alt war, soll er ihm erstmals Videos von Hinrichtungen des sogenannten Islamischen Staats (IS) gezeigt haben. Diese Aufnahmen sollen die Zwangsgedanken und T\u00f6tungsfantasien des Jugendlichen noch verst\u00e4rkt haben.<\/p>\n<p><a href=\"#focus-1\" class=\"transition-colors duration-200 block text-current relative\" data-sctrack=\"FocusGalleryImage.Reference\"><img   loading=\"lazy\" src=\"https:\/\/www.europesays.com\/de\/wp-content\/uploads\/2026\/06\/ein-angeklagter-neben-seinem-anwalt-manar-taleb-das-gericht-verhaengte-nur-in-einem-fall-eine-haftst.jpeg\" alt=\"Ein Angeklagter neben seinem Anwalt Manar Taleb: Das Gericht verh\u00e4ngte nur in einem Fall eine Haftstrafe.\" title=\"Ein Angeklagter neben seinem Anwalt Manar Taleb: Das Gericht verh\u00e4ngte nur in einem Fall eine Haftstrafe.\" width=\"2048\" height=\"1152\" class=\"h-full w-full max-w-full rounded-8\" decoding=\"async\"\/><img loading=\"lazy\" src=\"https:\/\/bremen.t-online.de\/s\/paper\/_next\/static\/media\/zoom-in.f7dae02f.svg\" alt=\"Vergr\u00f6\u00dfern des Bildes\" title=\"Vergr\u00f6\u00dfern des Bildes\" class=\"block h-[calc(var(--height)_\/_16_*_1rem)] w-[calc(var(--width)_\/_16_*_1rem)] max-w-none absolute bottom-8 right-8 rounded-4 bg-snow p-8\" style=\"--width:32;--height:32\" decoding=\"async\"\/>Ein Angeklagter neben seinem Anwalt: Das Gericht verh\u00e4ngte nur in einem Fall eine Haftstrafe. (Quelle: Focke Strangmann\/dpa)<\/a><\/p>\n<p class=\"text-18 leading-17 user-text-lg:text-22 user-text-xl:text-24\">Anfang des vergangenen Jahres tauschte der 20-J\u00e4hrige nach \u00dcberzeugung des Gerichts mit einem Chatpartner rechtsradikales Gedankengut aus. Er soll geplant haben, auf den Stra\u00dfen in Bremerhaven so viele Menschen wie m\u00f6glich zu t\u00f6ten, die Tat zu filmen und ins Internet zu stellen. Daf\u00fcr kaufte er sich Messer und eine Kamera, kehrte am Ende aber ohne Tat nach Hause zur\u00fcck. Ob er keine Opfer fand oder aus Angst umkehrte, blieb laut Gericht unklar.<\/p>\n<p class=\"text-18 leading-17 user-text-lg:text-22 user-text-xl:text-24\">Das Scheitern dieses Plans soll in ihm Scham ausgel\u00f6st und seine psychischen Probleme versch\u00e4rft haben. Schlie\u00dflich vertraute er seinem Onkel seine T\u00f6tungsfantasien an. Dessen Reaktion laut Gericht: &#8222;Da k\u00f6nnen wir was machen.&#8220; Und weiter: &#8222;Ich teile deinen Traum und unterst\u00fctze deinen Traum.&#8220;<\/p>\n<p>&#8222;Lediglich neugierig gewesen, Menschen zu t\u00f6ten&#8220;<\/p>\n<p class=\"text-18 leading-17 user-text-lg:text-22 user-text-xl:text-24\">Das Gericht stellte fest, dass der 20-J\u00e4hrige anders als sein Onkel keine ideologischen Ziele verfolgte. Er sei lediglich neugierig gewesen, andere Menschen zu t\u00f6ten, und habe selbst nicht mehr leben wollen. Der Vorsitzende Richter sagte: &#8222;Es ging ihm darum, im Rahmen einer gemeinsamen Anschlagsplanung mit seinem Onkel Zeit zu verbringen.&#8220;<\/p>\n<p class=\"text-18 leading-17 user-text-lg:text-22 user-text-xl:text-24\">Im vergangenen Sommer konkretisierten die beiden ihre Pl\u00e4ne. Sie wollten mit Schusswaffen m\u00f6glichst viele Menschen t\u00f6ten. Beim Eintreffen der Einsatzkr\u00e4fte sollte sich der 20-J\u00e4hrige mit einer selbst gebauten Sprengstoffweste in die Luft sprengen. Als m\u00f6gliche Ziele hatten sie eine Klinik, eine \u00f6ffentliche Gro\u00dfveranstaltung oder eine Synagoge in Bremerhaven ins Auge gefasst.<\/p>\n","protected":false},"excerpt":{"rendered":"Urteil in Bremen Mann plante Massaker \u2013 Gericht verh\u00e4ngt Haftstrafe 09.06.2026 &#8211; 10:08 UhrLesedauer: 3 Min. Einer der&hellip;\n","protected":false},"author":2,"featured_media":1080928,"comment_status":"","ping_status":"","sticky":false,"template":"","format":"standard","meta":{"footnotes":"","_share_on_mastodon":"0"},"categories":[1824],"tags":[722,17161,2420,6703,3364,29,30,5537,21709,555,18706,13215,2466,229606,2544],"class_list":["post-1080927","post","type-post","status-publish","format-standard","has-post-thumbnail","category-bremen","tag-722","tag-17161","tag-bremen","tag-bremerhaven","tag-de","tag-deutschland","tag-germany","tag-haftstrafe","tag-is","tag-islam","tag-landgericht-bremen","tag-massaker","tag-schusswaffe","tag-sprengstoffweste","tag-terrorismus"],"share_on_mastodon":{"url":"https:\/\/pubeurope.com\/@de\/116719184648414861","error":""},"_links":{"self":[{"href":"https:\/\/www.europesays.com\/de\/wp-json\/wp\/v2\/posts\/1080927","targetHints":{"allow":["GET"]}}],"collection":[{"href":"https:\/\/www.europesays.com\/de\/wp-json\/wp\/v2\/posts"}],"about":[{"href":"https:\/\/www.europesays.com\/de\/wp-json\/wp\/v2\/types\/post"}],"author":[{"embeddable":true,"href":"https:\/\/www.europesays.com\/de\/wp-json\/wp\/v2\/users\/2"}],"replies":[{"embeddable":true,"href":"https:\/\/www.europesays.com\/de\/wp-json\/wp\/v2\/comments?post=1080927"}],"version-history":[{"count":0,"href":"https:\/\/www.europesays.com\/de\/wp-json\/wp\/v2\/posts\/1080927\/revisions"}],"wp:featuredmedia":[{"embeddable":true,"href":"https:\/\/www.europesays.com\/de\/wp-json\/wp\/v2\/media\/1080928"}],"wp:attachment":[{"href":"https:\/\/www.europesays.com\/de\/wp-json\/wp\/v2\/media?parent=1080927"}],"wp:term":[{"taxonomy":"category","embeddable":true,"href":"https:\/\/www.europesays.com\/de\/wp-json\/wp\/v2\/categories?post=1080927"},{"taxonomy":"post_tag","embeddable":true,"href":"https:\/\/www.europesays.com\/de\/wp-json\/wp\/v2\/tags?post=1080927"}],"curies":[{"name":"wp","href":"https:\/\/api.w.org\/{rel}","templated":true}]}}