{"id":1080938,"date":"2026-06-09T08:27:32","date_gmt":"2026-06-09T08:27:32","guid":{"rendered":"https:\/\/www.europesays.com\/de\/1080938\/"},"modified":"2026-06-09T08:27:32","modified_gmt":"2026-06-09T08:27:32","slug":"hallo-leipzig-so-startet-dienstag-der-9-juni-2026-%c2%b7-leipziger-zeitung","status":"publish","type":"post","link":"https:\/\/www.europesays.com\/de\/1080938\/","title":{"rendered":"Hallo Leipzig: So startet Dienstag, der 9. Juni 2026 \u00b7 Leipziger Zeitung"},"content":{"rendered":"<p>Bei aller Feierei soll nicht vergessen werden, wie wertvoll unser Leben ist. Ein Gedenkort f\u00fcr Organspendende und eine dazugeh\u00f6rige Ausstellung r\u00fccken dieses wichtige Thema nun in unser Blickfeld. Zudem wird heute Abend erlebbar, was dazugeh\u00f6rt, vor Gericht f\u00fcr Staunen und Gerechtigkeit zu sorgen. Doch zun\u00e4chst schwingen sich Aras im Zoo zu unerwarteten, interkontinentalen Vorhersagen auf.<\/p>\n<p>Fu\u00dfball aus der Vogelperspektive<\/p>\n<p>Da staunten die Zoo-Besucher nicht schlecht, als ein Koala vor zehn Jahren Spieltipps zur Fu\u00dfball-EM abgab. Und der kleine Kerl hatte auch noch den passenden Namen: Oobi-Ooobi. Vor zwei Jahren orakelte dann Seel\u00f6win Hilla w\u00e4hrend der Europameisterschaft. Zur bevorstehenden WM auf dem amerikanischen Kontinent sind nun die urspr\u00fcnglich in dessen S\u00fcden beheimateten Aras gefragt.<\/p>\n<p>W\u00e4hrend des Turniers sollen sie als \u201eARAkel\u201c ihre Vorhersagek\u00fcnste unter Beweis stellen und k\u00fcnftig die Spiele der deutschen Nationalmannschaft tippen. Damit verbindet der <a href=\"https:\/\/www.l-iz.de\/tag\/zoo-leipzig\" target=\"_blank\" rel=\"noopener nofollow\">Leipziger Zoo<\/a> die Aufmerksamkeit rund um das Fu\u00dfball-Gro\u00dfereignis mit seinem Engagement f\u00fcr den Artenschutz. Denn auf diese Weise fungieren die Zoo-Papageien auch als Botschafter ihrer in freier Wildbahn stark bedrohten Artgenossen.<img decoding=\"async\" src=\"https:\/\/www.europesays.com\/de\/wp-content\/uploads\/2026\/06\/848be40f19ca424888baf7212fb526e8.gif\" alt=\"\" width=\"https:\/\/www.l-iz.de\/der-tag\/2026\/06\/1\" height=\"https:\/\/www.l-iz.de\/der-tag\/2026\/06\/1\"\/><\/p>\n<p>Heute absolvieren sie ihr letztes Training f\u00fcr die ungew\u00f6hnlichen Fu\u00dfballprognosen und werden eine Vorhersage f\u00fcr das Er\u00f6ffnungsspiel (Mexiko gegen S\u00fcdafrika) abgeben. Die Aras leben seit dem Fr\u00fchjahr in der neu errichteten Voliere, die mit ihren 830 qm die gro\u00dfz\u00fcgigste Anlage dieser Art in <a href=\"https:\/\/www.l-iz.de\/tag\/mitteldeutschland\" target=\"_blank\" rel=\"noopener nofollow\">Mitteldeutschland<\/a> ist.<\/p>\n<p><a href=\"https:\/\/www.europesays.com\/de\/wp-content\/uploads\/2026\/06\/9b41f2e8-6d71-46f5-b182-95ec14be570e.png\"><img loading=\"lazy\" decoding=\"async\" class=\"size-full wp-image-659838\" src=\"https:\/\/www.europesays.com\/de\/wp-content\/uploads\/2026\/06\/9b41f2e8-6d71-46f5-b182-95ec14be570e.png\" alt=\"\" width=\"1536\" height=\"1024\"  \/><\/a>Schr\u00e4ge V\u00f6gel. Als Test sollen die Aras heute \u00fcber das Spiel \u201eMexiko \u2013 S\u00fcdafrika\u201c entscheiden. Foto: Benjamin Weinkauf<br \/>\nDeutschland sucht den Super-Anwalt<\/p>\n<p>Juristerei ist nicht nur eine Frage des Rechthabens, sondern auch des Vortrags auf dem Weg zum Rechtbekommen. Unvergessen sind Filme wie \u201eDie zw\u00f6lf Geschworenen\u201c, \u201eWer den Wind s\u00e4t\u201c oder \u201eEine Frage der Ehre\u201c. Was auf der Leinwand beeindruckt, muss f\u00fcr angehende Juristinnen und Juristen im realen Leben hart erarbeitet und studiert werden: der packende, \u00fcberzeugende Vortrag.<\/p>\n<p>Erleben kann man so etwas heute live bei der Stiftung Forum Recht. Um 19 Uhr findet dort der mitteldeutsche Vorentscheid des DAV Jura-Slams 2026 statt. Die Veranstaltung wird gemeinsam von der Stiftung Forum Recht, dem <a href=\"https:\/\/www.l-iz.de\/tag\/juristenfakultaet\" target=\"_blank\" rel=\"noopener nofollow\">Fachschaftsrat Jura<\/a> der <a href=\"https:\/\/www.l-iz.de\/tag\/uni-leipzig\" target=\"_blank\" rel=\"noopener nofollow\">Universit\u00e4t Leipzig<\/a> und dem Deutschen Anwaltverein organisiert. Der DAV Jura-Slam richtet sich an Nachwuchs-Juristinnen und -Juristen, die in kurzen Vortr\u00e4gen juristische Themen sowie Aspekte des Jura-Studiums verst\u00e4ndlich und pointiert pr\u00e4sentieren. Ziel des Wettbewerbs ist es, juristische Inhalte einem breiteren Publikum n\u00e4herzubringen und zugleich die Kommunikationskompetenz angehender Juristinnen und Juristen zu st\u00e4rken. Die Siegerin oder der Sieger des mitteldeutschen Vorentscheids qualifiziert sich f\u00fcr das Finale des DAV Jura-Slams 2026 am 17. November 2026 in Berlin.<\/p>\n<p>Der Eintritt zur Veranstaltung in der Stiftung Forum Recht (Universit\u00e4tsstra\u00dfe 20 in 04109 Leipzig) ist frei, eine vorherige Anmeldung ist nicht erforderlich.<\/p>\n<p><a href=\"https:\/\/www.europesays.com\/de\/wp-content\/uploads\/2026\/06\/wind.png\"><img loading=\"lazy\" decoding=\"async\" class=\"size-full wp-image-659866\" src=\"https:\/\/www.europesays.com\/de\/wp-content\/uploads\/2026\/06\/wind.png\" alt=\"\" width=\"1536\" height=\"1024\"  \/><\/a>Legend\u00e4r: Spencer Tracy als \u00fcberzeugender Anwalt Drummond, einen Lehrer verteidigend, der Darwins Evolutionstheorie f\u00fcr plausibel h\u00e4lt. Szenen-Foto: \u201cInherit the Wind\u201d \/ Lomitas \/ United Artists<br \/>\nGedenkort f\u00fcr verstorbene Lebensretter<\/p>\n<p>Nachdem am Wochenende im Universit\u00e4tsklinikum Leipzig (UKL) ein Gedenkort f\u00fcr Organspenderinnen und Organspender eingeweiht wurde, zeigt das Stadtb\u00fcro ab heute die weiteren Wettbewerbsbeitr\u00e4ge zur k\u00fcnstlerischen Gestaltung des Erinnerungsortes. Zu sehen sind s\u00e4mtliche Entw\u00fcrfe und Modelle des Einladungswettbewerbs, aus dem die Arbeit der 1964 geborenen Leipziger K\u00fcnstlerin Susanne Werdin als Siegerin hervorging.<\/p>\n<p>Der Gedenkort befindet sich im Foyer von Haus 4 des UKL und wurde gemeinsam von der Stadt Leipzig, dem <a href=\"https:\/\/www.l-iz.de\/tag\/uniklinik\" rel=\"nofollow noopener\" target=\"_blank\">Universit\u00e4tsklinikum Leipzig<\/a>, dem Netzwerk Spenderfamilien, der Deutschen Stiftung Organtransplantation sowie engagierten B\u00fcrgerinnen und B\u00fcrgern realisiert. Die Ausstellung erm\u00f6glicht Einblicke in die unterschiedlichen k\u00fcnstlerischen Ans\u00e4tze, mit denen sich die eingeladenen K\u00fcnstlerinnen und K\u00fcnstler dem Thema Organspende gen\u00e4hert haben und wird heute um 16 Uhr er\u00f6ffnet. Sie ist bis zum 3. Juli 2026 im <a href=\"https:\/\/www.leipzig.de\/newsarchiv\/news\/entwuerfe-fuer-gedenkort-fuer-alle-organspender-im-stadtbuero\" target=\"_blank\" rel=\"noopener nofollow\">Stadtb\u00fcro am Burgplatz<\/a> (Zugang \u00fcber Markgrafenstra\u00dfe 3) zu sehen. Ge\u00f6ffnet ist dienstags bis donnerstags von 13 bis 18 Uhr sowie freitags von 13 bis 15 Uhr.<\/p>\n<p>Trotz steigender Zahlen bleibt der Mangel an Spenderorganen gro\u00df: Ende 2025 standen 8.199 Menschen auf den Wartelisten f\u00fcr ein Spenderorgan, 3.150 Patientinnen und Patienten erhielten im selben Jahr eine Transplantation. <a href=\"https:\/\/www.l-iz.de\/tag\/Organspenden\" target=\"_blank\" rel=\"noopener nofollow\">Organspenden<\/a> erfolgen in Deutschland grunds\u00e4tzlich freiwillig und nur mit ausdr\u00fccklicher Zustimmung.<\/p>\n<p><a href=\"https:\/\/www.europesays.com\/de\/wp-content\/uploads\/2026\/06\/IMG_1454.jpeg\"><img loading=\"lazy\" decoding=\"async\" class=\"size-full wp-image-659876\" src=\"https:\/\/www.europesays.com\/de\/wp-content\/uploads\/2026\/06\/IMG_1454.jpeg\" alt=\"\" width=\"3272\" height=\"2400\"  \/><\/a>S\u00f6hnke, Alwin, Willi und Albert verdanken Organspendern ihr Leben. Am Wochenende waren sie G\u00e4ste bei der Einweihung des Gedenkortes. Foto: Rico Thumser \/ Universit\u00e4tsklinikum Leipzig<\/p>\n","protected":false},"excerpt":{"rendered":"Bei aller Feierei soll nicht vergessen werden, wie wertvoll unser Leben ist. Ein Gedenkort f\u00fcr Organspendende und eine&hellip;\n","protected":false},"author":2,"featured_media":1080939,"comment_status":"","ping_status":"","sticky":false,"template":"","format":"standard","meta":{"footnotes":"","_share_on_mastodon":"0"},"categories":[1832],"tags":[3364,29,19366,30,1015,71,10909,859,86546,7962],"class_list":["post-1080938","post","type-post","status-publish","format-standard","has-post-thumbnail","category-leipzig","tag-de","tag-deutschland","tag-fussball-wm","tag-germany","tag-justiz","tag-leipzig","tag-organspende","tag-sachsen","tag-universitaetsklinikum","tag-zoo-leipzig"],"share_on_mastodon":{"url":"https:\/\/pubeurope.com\/@de\/116719206232606907","error":""},"_links":{"self":[{"href":"https:\/\/www.europesays.com\/de\/wp-json\/wp\/v2\/posts\/1080938","targetHints":{"allow":["GET"]}}],"collection":[{"href":"https:\/\/www.europesays.com\/de\/wp-json\/wp\/v2\/posts"}],"about":[{"href":"https:\/\/www.europesays.com\/de\/wp-json\/wp\/v2\/types\/post"}],"author":[{"embeddable":true,"href":"https:\/\/www.europesays.com\/de\/wp-json\/wp\/v2\/users\/2"}],"replies":[{"embeddable":true,"href":"https:\/\/www.europesays.com\/de\/wp-json\/wp\/v2\/comments?post=1080938"}],"version-history":[{"count":0,"href":"https:\/\/www.europesays.com\/de\/wp-json\/wp\/v2\/posts\/1080938\/revisions"}],"wp:featuredmedia":[{"embeddable":true,"href":"https:\/\/www.europesays.com\/de\/wp-json\/wp\/v2\/media\/1080939"}],"wp:attachment":[{"href":"https:\/\/www.europesays.com\/de\/wp-json\/wp\/v2\/media?parent=1080938"}],"wp:term":[{"taxonomy":"category","embeddable":true,"href":"https:\/\/www.europesays.com\/de\/wp-json\/wp\/v2\/categories?post=1080938"},{"taxonomy":"post_tag","embeddable":true,"href":"https:\/\/www.europesays.com\/de\/wp-json\/wp\/v2\/tags?post=1080938"}],"curies":[{"name":"wp","href":"https:\/\/api.w.org\/{rel}","templated":true}]}}