{"id":1081086,"date":"2026-06-09T09:55:15","date_gmt":"2026-06-09T09:55:15","guid":{"rendered":"https:\/\/www.europesays.com\/de\/1081086\/"},"modified":"2026-06-09T09:55:15","modified_gmt":"2026-06-09T09:55:15","slug":"fortuna-duesseldorf-fortuna-sucht-neue-chefs-sport","status":"publish","type":"post","link":"https:\/\/www.europesays.com\/de\/1081086\/","title":{"rendered":"Fortuna D\u00fcsseldorf: Fortuna sucht neue Chefs | Sport"},"content":{"rendered":"<p><a class=\"skip-content skip-content--link\" href=\"#in-content-skip-link-target-v-0-0\">TTS-Player \u00fcberspringen\u21b5<\/a><a id=\"in-content-skip-link-target-v-0-0\" class=\"skip-content--target-link-hidden skip-content skip-content--target-link\" href=\"#in-content-skip-link-target-v-0-0\">Artikel weiterlesen<\/a><\/p>\n<p data-21134c99=\"0-1845\"><b>Das war mehr als abzusehen und trifft <\/b><a href=\"https:\/\/www.bild.de\/sport\/fussball\/fortuna-duesseldorf\/startseite-fortuna-duesseldorf-31148850.bild.html\" class=\"text-link\" rel=\"nofollow noopener\" target=\"_blank\"><b>Fortuna<\/b><\/a><b> alles andere als \u00fcberraschend. Torh\u00fcter Florian Kastenmeier (28\/Vertrag l\u00e4uft aus), seit 2019 im Klub und seit Januar 2020 die Nr. 1, verl\u00e4sst D\u00fcsseldorf nach dem Abstieg.<\/b><\/p>\n<p data-21134c99=\"0-1845\">Der Kapit\u00e4n war einer der wenigen in der abgelaufenen Saison, der sich mit aller Macht gegen den Absturz gestemmt hat. Kastenmeiers Begr\u00fcndung f\u00fcr den Schritt weg von Fortuna absolut nachvollziehbar: \u201eIch habe mir f\u00fcr meine Karriere Ziele gesetzt, die ich erreichen m\u00f6chte. Am liebsten mit der Fortuna. Doch diese Ziele sind zuletzt in weite Ferne ger\u00fcckt, und ich bin in einem Alter, in dem ich den n\u00e4chsten Schritt gehen muss, um meinen pers\u00f6nlichen Weg weiterzugehen.\u201c<\/p>\n<p>3 neue Torh\u00fcter gesucht<\/p>\n<p data-21134c99=\"0-1845\">Nach dem Kastenmeier-Abgang \u2013 wer wird neuer Fortuna-Chef? In die Rolle des neuen Anf\u00fchrers k\u00f6nnte der bisherige Vize-Kapit\u00e4n Tim Oberdorf (29) schl\u00fcpfen. Auch R\u00fcckkehrer Jorrit Hendrix (31), der schon in der Saison 22\/23 in D\u00fcsseldorf spielte, kann Kapit\u00e4n. Das hat er zuletzt in M\u00fcnster bewiesen, wo ihm Alexander Ende (46) die Binde anvertraute. Der ist inzwischen Trainer in D\u00fcsseldorf und hat sich hier f\u00fcr das Hendrix-Comeback am Rhein stark gemacht.<\/p>\n<p>Mehr zum Thema<\/p>\n<p data-21134c99=\"0-1845\">Fehlt Fortuna (aktuell nur 9 Profis unter Vertrag) NUR NOCH mehr als ein halber Kader f\u00fcr die <a href=\"https:\/\/www.bild.de\/sport\/fussball\/3-liga\/home-15770732.bild.html\" class=\"text-link\" rel=\"nofollow noopener\" target=\"_blank\">3. Liga<\/a>. Unter anderem sucht Neu-Manager Samir Arabi (47) nach dem Kastenmeier-Wechsel mit Hochdruck neue Torh\u00fcter. Denn auch die Ersatzkeeper Marcel Lotka (25) und Florian Schock (25) sind weg, haben keine Vertr\u00e4ge f\u00fcr die 3. Liga.<\/p>\n<p data-21134c99=\"0-1845\">Viel Arbeit f\u00fcr Fortunas Sportvorstand Samir Arabi (47), der vers\u00f6hnliche Worte an Kastenmeier auf der Klub-Homepage richtet: \u201eFlo hat uns die Wertsch\u00e4tzung f\u00fcr die Fortuna glaubhaft vermittelt, sieht seine Zukunft aber in einer h\u00f6heren Liga. Das k\u00f6nnen wir nachvollziehen und bedanken uns bei ihm f\u00fcr sein gro\u00dfes Engagement.\u201c<\/p>\n","protected":false},"excerpt":{"rendered":"TTS-Player \u00fcberspringen\u21b5Artikel weiterlesen Das war mehr als abzusehen und trifft Fortuna alles andere als \u00fcberraschend. Torh\u00fcter Florian Kastenmeier&hellip;\n","protected":false},"author":2,"featured_media":1081087,"comment_status":"","ping_status":"","sticky":false,"template":"","format":"standard","meta":{"footnotes":"","_share_on_mastodon":"0"},"categories":[1831],"tags":[13054,3364,29,996,3405,3132,347,30,16484,21334,1209,819,7649,784],"class_list":["post-1081086","post","type-post","status-publish","format-standard","has-post-thumbnail","category-duesseldorf","tag-abstieg","tag-de","tag-deutschland","tag-dritte-liga","tag-duesseldorf","tag-fortuna-duesseldorf","tag-fussball","tag-germany","tag-joerg-zschoche","tag-kastenmeier-florian","tag-nordrhein-westfalen","tag-sport-leuchtturm-essen","tag-thioune-daniel","tag-zweite-bundesliga"],"share_on_mastodon":{"url":"https:\/\/pubeurope.com\/@de\/116719552354253395","error":""},"_links":{"self":[{"href":"https:\/\/www.europesays.com\/de\/wp-json\/wp\/v2\/posts\/1081086","targetHints":{"allow":["GET"]}}],"collection":[{"href":"https:\/\/www.europesays.com\/de\/wp-json\/wp\/v2\/posts"}],"about":[{"href":"https:\/\/www.europesays.com\/de\/wp-json\/wp\/v2\/types\/post"}],"author":[{"embeddable":true,"href":"https:\/\/www.europesays.com\/de\/wp-json\/wp\/v2\/users\/2"}],"replies":[{"embeddable":true,"href":"https:\/\/www.europesays.com\/de\/wp-json\/wp\/v2\/comments?post=1081086"}],"version-history":[{"count":0,"href":"https:\/\/www.europesays.com\/de\/wp-json\/wp\/v2\/posts\/1081086\/revisions"}],"wp:featuredmedia":[{"embeddable":true,"href":"https:\/\/www.europesays.com\/de\/wp-json\/wp\/v2\/media\/1081087"}],"wp:attachment":[{"href":"https:\/\/www.europesays.com\/de\/wp-json\/wp\/v2\/media?parent=1081086"}],"wp:term":[{"taxonomy":"category","embeddable":true,"href":"https:\/\/www.europesays.com\/de\/wp-json\/wp\/v2\/categories?post=1081086"},{"taxonomy":"post_tag","embeddable":true,"href":"https:\/\/www.europesays.com\/de\/wp-json\/wp\/v2\/tags?post=1081086"}],"curies":[{"name":"wp","href":"https:\/\/api.w.org\/{rel}","templated":true}]}}