{"id":1081231,"date":"2026-06-09T11:16:15","date_gmt":"2026-06-09T11:16:15","guid":{"rendered":"https:\/\/www.europesays.com\/de\/1081231\/"},"modified":"2026-06-09T11:16:15","modified_gmt":"2026-06-09T11:16:15","slug":"prozess-gegen-jacques-tilly-in-russland-berufung-abgeschmettert","status":"publish","type":"post","link":"https:\/\/www.europesays.com\/de\/1081231\/","title":{"rendered":"Prozess gegen Jacques Tilly in Russland: Berufung abgeschmettert"},"content":{"rendered":"<p class=\"text_ohne_einzug richtext text-em-55 !leading-serif mx-6 desktop:mx-0\"> Der Prozess gegen Wagenbauer <a href=\"https:\/\/rp-online.de\/thema\/jacques-tilly\/\" rel=\"nofollow noopener\" target=\"_blank\">Jacques Tilly<\/a> sollte am Dienstagmorgen in <a href=\"https:\/\/rp-online.de\/thema\/moskau\/\" rel=\"nofollow noopener\" target=\"_blank\">Moskau<\/a> in die n\u00e4chste Runde gehen. Doch so \u00fcberraschend wie die Nachricht kam, Kostenpflichtiger Inhalt <a href=\"https:\/\/rp-online.de\/nrw\/staedte\/duesseldorf\/duesseldorf-prozess-gegen-jacques-tilly-in-moskau-geht-ueberraschend-weiter_aid-149418539\" rel=\"nofollow noopener\" target=\"_blank\">dass der Prozess neu aufgerollt werden sollte<\/a>, nahm er bei dem Prozesstermin am Dienstagmorgen eine neue Wendung. Wie der Satiriker unserer Redaktion am Dienstagvormittag mitteilte, sei das Berufungsverfahren \u201eabgeschmettert worden\u201c. Erst am Prozesstag selbst habe er erfahren, worum es eigentlich ging und wer Berufung eingelegt hatte.<\/p>\n<p class=\"richtext text-em-55 !leading-serif mx-6 desktop:mx-0\">Tilly habe geh\u00f6rt, dass seine Pflichtverteidigung das Berufungsverfahren initiiert habe, da er in dem vergangenen Prozess nicht auf seine geistige Schuldf\u00e4higkeit gepr\u00fcft worden sei. \u201eUnd in <a href=\"https:\/\/rp-online.de\/thema\/russland\/\" rel=\"nofollow noopener\" target=\"_blank\">Russland<\/a> darf man nur verurteilt werden, wenn das gepr\u00fcft wurde, deshalb sollte so auf einen Verfahrensfehler hingewiesen werden.\u201c<\/p>\n<p class=\"richtext text-em-55 !leading-serif mx-6 desktop:mx-0\">Das sei allerdings nicht zugelassen worden. Damit habe sich der weitere Prozess erst einmal erledigt, sagt Tilly. F\u00fcr die Pflichtverteidigerin sei der Prozess abgeschlossen. Tilly selbst k\u00f6nne entscheiden, ob er Widerspruch einlegen werde. \u201eDas werde ich aber nicht machen, weil ich nicht als juristische Person aktiv werden m\u00f6chte.\u201c Offizielle Infos habe er bislang nicht bekommen.<\/p>\n<p>Tilly muss bei Reisen k\u00fcnftig vorsichtig sein      <\/p>\n<p class=\"richtext text-em-55 !leading-serif mx-6 desktop:mx-0\">Anfang April wurde Jacques Tilly bereits von einem Moskauer Gericht <a href=\"https:\/\/rp-online.de\/nrw\/staedte\/duesseldorf\/duesseldorf-moskauer-gericht-verhaengt-haftstrafe-fuer-jacques-tilly_aid-146118595\" rel=\"nofollow noopener\" target=\"_blank\">zu achteinhalb Jahren Haft sowie einer Geldstrafe verurteilt<\/a>. Er musste sich wegen angeblicher Verunglimpfung der russischen Staatsorgane verantworten, dazu geh\u00f6rt neben der russischen Armee auch Pr\u00e4sident Putin. Der Ausl\u00f6ser sei einer seiner ber\u00fchmten Mottowagen beim Rosenmontagszug in <a href=\"https:\/\/rp-online.de\/thema\/duesseldorf\/\" rel=\"nofollow noopener\" target=\"_blank\">D\u00fcsseldorf<\/a> gewesen.<\/p>\n<p class=\"richtext text-em-55 !leading-serif mx-6 desktop:mx-0\">Der Prozess lief seit Ende 2025. Das bisherige Moskauer Urteil hatte keine unmittelbaren Folgen f\u00fcr Tilly. Bei seinen Reisen muss er aber k\u00fcnftig vorsichtig sein. In L\u00e4ndern wie \u00c4gypten oder <a href=\"https:\/\/rp-online.de\/thema\/tuerkei\/\" rel=\"nofollow noopener\" target=\"_blank\">T\u00fcrkei<\/a> muss er mit einer Auslieferung nach Russland rechnen. Das Ausw\u00e4rtige Amt hat ihm von solchen Zielen abgeraten. Und auch bei seiner Arbeit an den Mottowagen f\u00fcr den D\u00fcsseldorfer Rosenmontagszug will er sich weiter nicht einsch\u00fcchtern lassen.<\/p>\n<p>\u201eNordrhein-Westfalen steht solidarisch an der Seite von Jacques Tilly\u201c      <\/p>\n<p class=\"richtext text-em-55 !leading-serif mx-6 desktop:mx-0\">Auch die stellvertretende NRW-Ministerpr\u00e4sidentin <a href=\"https:\/\/rp-online.de\/thema\/mona-neubaur\/\" rel=\"nofollow noopener\" target=\"_blank\">Mona Neubaur<\/a> reagierte am Dienstag auf die Vorg\u00e4nge in Moskau. \u201eDer heutige Revisionsprozess gegen Jacques Tilly macht einmal mehr deutlich, wie weit sich Russland von den Grundprinzipien eines demokratischen Rechtsstaats entfernt hat.\u201c Dass selbst der Angeklagte nach eigenen Angaben vor dem Prozess nicht gewusst habe, wer die Revision eingelegt hat und was genau Gegenstand der Verhandlung ist, spreche B\u00e4nde.<\/p>\n<p class=\"richtext text-em-55 !leading-serif mx-6 desktop:mx-0\">\u201eIn einer Demokratie sch\u00fctzt der Staat die Freiheit von Kunst und Meinung \u2013 in autorit\u00e4ren Systemen werden K\u00fcnstler verfolgt, wenn sie den M\u00e4chtigen den Spiegel vorhalten. Wer Satire kriminalisiert und Karikaturen vor Gericht zerrt, demonstriert keine St\u00e4rke, sondern die Angst vor kreativer Kritik\u201c, sagte Neubaur. \u201eNordrhein-Westfalen steht solidarisch an der Seite von Jacques Tilly und aller Menschen, die f\u00fcr Kunstfreiheit und Meinungsfreiheit einstehen.\u201c<\/p>\n","protected":false},"excerpt":{"rendered":"Der Prozess gegen Wagenbauer Jacques Tilly sollte am Dienstagmorgen in Moskau in die n\u00e4chste Runde gehen. Doch so&hellip;\n","protected":false},"author":2,"featured_media":1081232,"comment_status":"","ping_status":"","sticky":false,"template":"","format":"standard","meta":{"footnotes":"","_share_on_mastodon":"0"},"categories":[1831],"tags":[28590,20967,56110,3364,29,73886,3405,71691,30,57989,308,57992,1209,1269,38738,156069,30482,9247,57991,229658],"class_list":["post-1081231","post","type-post","status-publish","format-standard","has-post-thumbnail","category-duesseldorf","tag-aufgerollt","tag-berufung","tag-berufungsverfahren","tag-de","tag-deutschland","tag-dienstagmorgen","tag-duesseldorf","tag-erfahren","tag-germany","tag-jacques-tilly","tag-moskau","tag-mottowagen","tag-nordrhein-westfalen","tag-prozess","tag-prozesstag","tag-prozesstermin","tag-rosenmontagszug","tag-termin","tag-wagenbauer","tag-worum"],"share_on_mastodon":{"url":"https:\/\/pubeurope.com\/@de\/116719870779945149","error":""},"_links":{"self":[{"href":"https:\/\/www.europesays.com\/de\/wp-json\/wp\/v2\/posts\/1081231","targetHints":{"allow":["GET"]}}],"collection":[{"href":"https:\/\/www.europesays.com\/de\/wp-json\/wp\/v2\/posts"}],"about":[{"href":"https:\/\/www.europesays.com\/de\/wp-json\/wp\/v2\/types\/post"}],"author":[{"embeddable":true,"href":"https:\/\/www.europesays.com\/de\/wp-json\/wp\/v2\/users\/2"}],"replies":[{"embeddable":true,"href":"https:\/\/www.europesays.com\/de\/wp-json\/wp\/v2\/comments?post=1081231"}],"version-history":[{"count":0,"href":"https:\/\/www.europesays.com\/de\/wp-json\/wp\/v2\/posts\/1081231\/revisions"}],"wp:featuredmedia":[{"embeddable":true,"href":"https:\/\/www.europesays.com\/de\/wp-json\/wp\/v2\/media\/1081232"}],"wp:attachment":[{"href":"https:\/\/www.europesays.com\/de\/wp-json\/wp\/v2\/media?parent=1081231"}],"wp:term":[{"taxonomy":"category","embeddable":true,"href":"https:\/\/www.europesays.com\/de\/wp-json\/wp\/v2\/categories?post=1081231"},{"taxonomy":"post_tag","embeddable":true,"href":"https:\/\/www.europesays.com\/de\/wp-json\/wp\/v2\/tags?post=1081231"}],"curies":[{"name":"wp","href":"https:\/\/api.w.org\/{rel}","templated":true}]}}