{"id":1081312,"date":"2026-06-09T12:00:16","date_gmt":"2026-06-09T12:00:16","guid":{"rendered":"https:\/\/www.europesays.com\/de\/1081312\/"},"modified":"2026-06-09T12:00:16","modified_gmt":"2026-06-09T12:00:16","slug":"amtseinfuehrung-von-bischof-heiner-wilmer-in-muenster","status":"publish","type":"post","link":"https:\/\/www.europesays.com\/de\/1081312\/","title":{"rendered":"Amtseinf\u00fchrung von Bischof Heiner Wilmer in M\u00fcnster"},"content":{"rendered":"<p>Der neue Bischof von M\u00fcnster wird am \u00fcbern\u00e4chsten Sonntag in sein Amt eingef\u00fchrt. Heiner Wilmer wird dann der 77. Bischof von M\u00fcnster sein.<\/p>\n<p>Gottesdienst im St. Paulus-Dom<\/p>\n<p>Der Gottesdienst beginnt am Sonntag, den 21. Juni, um 14 Uhr im St. Paulus-Dom in M\u00fcnster.<\/p>\n<p>Fest der Begegnung auf dem Domplatz<\/p>\n<p>Im Anschluss daran gibt es ein Fest der Begegnung auf dem Domplatz.<\/p>\n<p>Einf\u00fchrung durch Erzbischof Woelki<\/p>\n<p>Eingef\u00fchrt wird Wilmer durch den K\u00f6lner Erzbischof Rainer Maria Kardinal Woelki. NRW-Ministerpr\u00e4sident Hendrik W\u00fcst spricht ein Gru\u00dfwort.<\/p>\n","protected":false},"excerpt":{"rendered":"Der neue Bischof von M\u00fcnster wird am \u00fcbern\u00e4chsten Sonntag in sein Amt eingef\u00fchrt. Heiner Wilmer wird dann der&hellip;\n","protected":false},"author":2,"featured_media":1081313,"comment_status":"","ping_status":"","sticky":false,"template":"","format":"standard","meta":{"footnotes":"","_share_on_mastodon":"0"},"categories":[1843],"tags":[7103,3364,29,30,197730,8970,1209,17171],"class_list":["post-1081312","post","type-post","status-publish","format-standard","has-post-thumbnail","category-muenster","tag-bischof","tag-de","tag-deutschland","tag-germany","tag-heiner-wilmer","tag-muenster","tag-nordrhein-westfalen","tag-st-paulus-dom"],"share_on_mastodon":{"url":"https:\/\/pubeurope.com\/@de\/116720044021421166","error":""},"_links":{"self":[{"href":"https:\/\/www.europesays.com\/de\/wp-json\/wp\/v2\/posts\/1081312","targetHints":{"allow":["GET"]}}],"collection":[{"href":"https:\/\/www.europesays.com\/de\/wp-json\/wp\/v2\/posts"}],"about":[{"href":"https:\/\/www.europesays.com\/de\/wp-json\/wp\/v2\/types\/post"}],"author":[{"embeddable":true,"href":"https:\/\/www.europesays.com\/de\/wp-json\/wp\/v2\/users\/2"}],"replies":[{"embeddable":true,"href":"https:\/\/www.europesays.com\/de\/wp-json\/wp\/v2\/comments?post=1081312"}],"version-history":[{"count":0,"href":"https:\/\/www.europesays.com\/de\/wp-json\/wp\/v2\/posts\/1081312\/revisions"}],"wp:featuredmedia":[{"embeddable":true,"href":"https:\/\/www.europesays.com\/de\/wp-json\/wp\/v2\/media\/1081313"}],"wp:attachment":[{"href":"https:\/\/www.europesays.com\/de\/wp-json\/wp\/v2\/media?parent=1081312"}],"wp:term":[{"taxonomy":"category","embeddable":true,"href":"https:\/\/www.europesays.com\/de\/wp-json\/wp\/v2\/categories?post=1081312"},{"taxonomy":"post_tag","embeddable":true,"href":"https:\/\/www.europesays.com\/de\/wp-json\/wp\/v2\/tags?post=1081312"}],"curies":[{"name":"wp","href":"https:\/\/api.w.org\/{rel}","templated":true}]}}