{"id":1081319,"date":"2026-06-09T12:04:15","date_gmt":"2026-06-09T12:04:15","guid":{"rendered":"https:\/\/www.europesays.com\/de\/1081319\/"},"modified":"2026-06-09T12:04:15","modified_gmt":"2026-06-09T12:04:15","slug":"anwohner-klagen-ueber-baulaerm-am-barmer-campus-in-wuppertal","status":"publish","type":"post","link":"https:\/\/www.europesays.com\/de\/1081319\/","title":{"rendered":"Anwohner klagen \u00fcber Baul\u00e4rm am Barmer-Campus in Wuppertal"},"content":{"rendered":"<p class=\"text_ohne_einzug richtext text-em-55 !leading-serif mx-6 desktop:mx-0\">In der Wohngegend rund um den K\u00e4the-Kollwitz-Weg auf Lichtscheid ist es ruhig und idyllisch, nur ein paar V\u00f6gel zwitschern in dem verkehrsberuhigten Viertel. Doch das scheint nur eine tr\u00fcgerische Momentaufnahme zu sein, wie Anwohnerin Edeltraud Evels berichtet: Seit einem Jahr baut die Barmer ihre Hauptverwaltung auf Lichtscheid um \u2013 bis voraussichtlich Ende 2027 oder 2028 soll der Campus-Standort f\u00fcr einen zweistelligen Millionenbetrag um mehr als ein Drittel verkleinert und nachhaltig saniert werden.<\/p>\n<p class=\"richtext text-em-55 !leading-serif mx-6 desktop:mx-0\">Anwohnerin Evels und ihre befreundete Nachbarin Grazyna Zoladek erz\u00e4hlen von einer seitdem andauernden enormen L\u00e4rmbel\u00e4stigung, der sie seit Beginn der Bauarbeiten st\u00e4ndig ausgesetzt sind. \u201eMan h\u00f6rt das nicht nur, man f\u00fchlt es\u201c, so Evels. \u201eEs ist eine Katastrophe.\u201c Ihr Sohn Felix Evels f\u00fcgt hinzu: \u201eDie Vibration ist so krass, das durchdringt jeden Kopfh\u00f6rer, selbst wenn man alle T\u00fcren und Fenster schlie\u00dft. Und Ausschlafen ist auch nicht mehr drin.\u201c Teilweise h\u00f6rte es sich nach dicken Presslufthammern an, die Felsen oder \u00e4hnliches Gestein durchfr\u00e4sten. <\/p>\n<p class=\"richtext text-em-55 !leading-serif mx-6 desktop:mx-0\">Die Ger\u00e4uschkulisse mache es ihnen unm\u00f6glich, jetzt im Sommer drau\u00dfen im Garten zu sitzen oder morgens l\u00e4nger als acht Uhr zu schlafen. Ging es in den letzten Monaten mit dem L\u00e4rm h\u00e4ufig schon um 7 Uhr morgens los, starteten die Bauarbeiten nun zumindest etwas sp\u00e4ter und dauerten bis 17 Uhr an. Nur am Wochenende herrsche Ruhe. Hinzu komme au\u00dferdem die Lichtverschmutzung: Durchg\u00e4ngig werde die Baustelle Tag und Nacht beleuchtet.<\/p>\n<p class=\"richtext text-em-55 !leading-serif mx-6 desktop:mx-0\">Nachbarin Grazyna Zoladek betreibt eine Physiotherapie-Praxis bei sich im Wohnhaus und ist aufgrund der Situation verzweifelt. \u201eMeine Patienten brauchen Ruhe, haben Schmerzen. Sonst war es hier immer mucksm\u00e4uschenstill. Dieser st\u00e4ndige L\u00e4rm macht einen so nerv\u00f6s\u201c, beschwert sie sich. Vor allem w\u00fcnschen sie sich eines: mehr Informationen. Bisher habe Evels nur \u201etypische, beschwichtigende\u201c Antworten von der Barmer erhalten, auf einen Informationsabend, der im Mai stattfinden sollte, wartete sie vergebens. \u201eIrgendwo haben wir nat\u00fcrlich Verst\u00e4ndnis, aber wir w\u00fcnschen uns mehr Transparenz und mehr Ank\u00fcndigungen, wenn es noch einmal besonders laut werden sollte. Feste Zeitr\u00e4ume und Pausenzeiten, damit man es einfach besser einsch\u00e4tzen kann\u201c, sagt sie.<\/p>\n<p>Barmer will l\u00e4rmintensive<br \/>Phasen m\u00f6glichst kurz halten      <\/p>\n<p class=\"text_ohne_einzug richtext text-em-55 !leading-serif mx-6 desktop:mx-0\">Tobias B\u00f6rner, Pressesprecher der Barmer, betont: \u201eWir k\u00f6nnen die Ver\u00e4rgerung und die Belastung der Anwohner sehr gut nachvollziehen. Gerade w\u00e4hrend der Sommermonate kann Baul\u00e4rm als besonders st\u00f6rend empfunden werden.\u201c Es werde mit Hochdruck daran gearbeitet, l\u00e4rmintensive Phasen so kurz wie m\u00f6glich zu halten und den Baufortschritt effizient voranzutreiben. \u201eWir tun alles, um die Belastungen so gering wie m\u00f6glich zu halten\u201c, so B\u00f6rner. \u00dcber den weiteren Fortgang der Arbeiten m\u00f6chten sie die Anwohner auf einer Veranstaltung im Juni informieren. Einladungen hierf\u00fcr bef\u00e4nden sich aktuell in Vorbereitung.<\/p>\n","protected":false},"excerpt":{"rendered":"In der Wohngegend rund um den K\u00e4the-Kollwitz-Weg auf Lichtscheid ist es ruhig und idyllisch, nur ein paar V\u00f6gel&hellip;\n","protected":false},"author":2,"featured_media":1081320,"comment_status":"","ping_status":"","sticky":false,"template":"","format":"standard","meta":{"footnotes":"","_share_on_mastodon":"0"},"categories":[1840],"tags":[14769,42126,17464,229676,6623,3364,29,229675,30,42387,76158,76157,6659,67819,88001,1209,4418],"class_list":["post-1081319","post","type-post","status-publish","format-standard","has-post-thumbnail","category-wuppertal","tag-anwohner","tag-anwohnerin","tag-barmer","tag-baulaerm","tag-campus","tag-de","tag-deutschland","tag-evels","tag-germany","tag-halten","tag-kaethe","tag-kollwitz","tag-laerm","tag-laermbelaestigung","tag-lichtscheid","tag-nordrhein-westfalen","tag-wuppertal"],"share_on_mastodon":{"url":"https:\/\/pubeurope.com\/@de\/116720059625212553","error":""},"_links":{"self":[{"href":"https:\/\/www.europesays.com\/de\/wp-json\/wp\/v2\/posts\/1081319","targetHints":{"allow":["GET"]}}],"collection":[{"href":"https:\/\/www.europesays.com\/de\/wp-json\/wp\/v2\/posts"}],"about":[{"href":"https:\/\/www.europesays.com\/de\/wp-json\/wp\/v2\/types\/post"}],"author":[{"embeddable":true,"href":"https:\/\/www.europesays.com\/de\/wp-json\/wp\/v2\/users\/2"}],"replies":[{"embeddable":true,"href":"https:\/\/www.europesays.com\/de\/wp-json\/wp\/v2\/comments?post=1081319"}],"version-history":[{"count":0,"href":"https:\/\/www.europesays.com\/de\/wp-json\/wp\/v2\/posts\/1081319\/revisions"}],"wp:featuredmedia":[{"embeddable":true,"href":"https:\/\/www.europesays.com\/de\/wp-json\/wp\/v2\/media\/1081320"}],"wp:attachment":[{"href":"https:\/\/www.europesays.com\/de\/wp-json\/wp\/v2\/media?parent=1081319"}],"wp:term":[{"taxonomy":"category","embeddable":true,"href":"https:\/\/www.europesays.com\/de\/wp-json\/wp\/v2\/categories?post=1081319"},{"taxonomy":"post_tag","embeddable":true,"href":"https:\/\/www.europesays.com\/de\/wp-json\/wp\/v2\/tags?post=1081319"}],"curies":[{"name":"wp","href":"https:\/\/api.w.org\/{rel}","templated":true}]}}