{"id":1081433,"date":"2026-06-09T13:06:15","date_gmt":"2026-06-09T13:06:15","guid":{"rendered":"https:\/\/www.europesays.com\/de\/1081433\/"},"modified":"2026-06-09T13:06:15","modified_gmt":"2026-06-09T13:06:15","slug":"politisch-motivierte-kriminalitaet-dobrindt-bewertet-rechtsextrem-motivierte-gewalt-als-groesste-gefahr","status":"publish","type":"post","link":"https:\/\/www.europesays.com\/de\/1081433\/","title":{"rendered":"Politisch motivierte Kriminalit\u00e4t: Dobrindt bewertet rechtsextrem motivierte Gewalt als \u00bbgr\u00f6\u00dfte Gefahr\u00ab"},"content":{"rendered":"<p class=\"paragraph article__item\">Rechtsextremismus bildet laut Bundesinnenminister <a class=\"rtr-entity\" href=\"https:\/\/www.zeit.de\/thema\/alexander-dobrindt\" rel=\"nofollow noopener\" target=\"_blank\">Alexander Dobrindt<\/a> (CSU) weiterhin die \u00bbgr\u00f6\u00dfte Gefahr\u00ab bei politisch motivierter Kriminalit\u00e4t. Das sagte Dobrindt bei der <a href=\"https:\/\/www.bka.de\/DE\/UnsereAufgaben\/Deliktsbereiche\/PMK\/PMKZahlen\/PMKZahlen_node.html#doc272486bodyText4\" target=\"_blank\" rel=\"nofollow noopener\">Vorstellung der j\u00e4hrlichen Statistik des Innenministeriums und des Bundeskriminalamts (BKA) zu politisch motivierten Delikten<\/a>. Deren Zahl hat im vergangenen Jahr demnach mit 85.837 registrierten Straftaten <a href=\"https:\/\/www.zeit.de\/gesellschaft\/zeitgeschehen\/2026-06\/politisch-motivierte-straftaten-rechtsextremismus-linksextremismus-gxe\" target=\"_blank\" rel=\"nofollow noopener\">einen neuen H\u00f6chststand erreicht.<\/a>\n<\/p>\n<p class=\"paragraph article__item\">Der \u00bbmit Abstand\u00ab gr\u00f6\u00dfte Bereich sind hierbei demnach <a class=\"rtr-entity\" href=\"https:\/\/www.zeit.de\/thema\/straftat\" rel=\"nofollow noopener\" target=\"_blank\">Straftaten<\/a> mit einer rechten oder rechtsextremen Motivation, sagte Dobrindt: Deren Zahl lag trotz eines leichten R\u00fcckgangs von 0,6 Prozent gegen\u00fcber dem Vorjahr bei 42.544 F\u00e4llen und damit knapp der H\u00e4lfte aller verzeichneten Straftaten. Eine niedrigere Fallzahl, daf\u00fcr aber ein hohes Wachstum verzeichneten die Beh\u00f6rden bei linksextrem motivierten Straftaten: Mit 13.490 F\u00e4llen habe sich die Zahl gegen\u00fcber dem Vorjahr um 35,3 Prozent erh\u00f6ht, hei\u00dft es in der Statistik.\n<\/p>\n<p class=\"paragraph article__item\">Noch gr\u00f6\u00dfer fiel der Anstieg bei linksextrem motivierten Gewalttaten aus. Deren Zahl erh\u00f6hte sich um mehr als 42 Prozent auf 1.087 F\u00e4lle. Zugleich wurden <a href=\"https:\/\/www.zeit.de\/gesellschaft\/zeitgeschehen\/2026-05\/rechte-gewalt-bka-mecklenburg-vorpommern-gxe\" target=\"_blank\" rel=\"nofollow noopener\">1.598 F\u00e4lle rechtsextrem motivierter Gewalttaten<\/a> registriert, was einem Anstieg von 7,4 Prozent entspricht. Insgesamt gab es mit 4.156 verzeichneten politisch motivierten Gewaltdelikten so viele F\u00e4lle wie zuletzt 2016.\n<\/p>\n<p>            BKA warnt vor Wirkung sozialer Medien            <\/p>\n<p class=\"paragraph article__item\">\u00bbDie linke Szene unterstreicht mit 42 Prozent mehr an Gewalttaten die<br \/>\nwachsende Bedrohung, die von ihr ausgeht\u00ab, <a href=\"https:\/\/www.bmi.bund.de\/SharedDocs\/pressemitteilungen\/DE\/2026\/06\/pmk2025-pm.html\" target=\"_blank\" rel=\"nofollow noopener\">sagte Dobrindt<\/a>. \u00bbDie mit Abstand meisten<br \/>\nDelikte wurden allerdings von rechten und rechtsextremen T\u00e4tern ver\u00fcbt,<br \/>\nwas wiederholt zeigt, dass die gr\u00f6\u00dfte Gefahr aktuell vom<br \/>\n<a class=\"rtr-entity\" href=\"https:\/\/www.zeit.de\/thema\/rechtsextremismus\" rel=\"nofollow noopener\" target=\"_blank\">Rechtsextremismus<\/a> ausgeht.\u00ab\n<\/p>\n<p>                            \u00a9\u00a0Lea Dohle<\/p>\n<p>\n                                        Newsletter<br \/>\n                                        Was jetzt? \u2013 Der t\u00e4gliche Morgen\u00fcberblick<\/p>\n<p class=\"newsletter-signup__text\">Starten Sie mit unserem kurzen Nachrichten-Newsletter in den Tag. Erhalten Sie zudem freitags das digitale Magazin ZEIT am Wochenende.<\/p>\n<p class=\"newsletter-signup__datapolicy\" hidden=\"\">\n            Mit Ihrer Registrierung nehmen Sie die <a href=\"https:\/\/datenschutz.zeit.de\/zon#Newsletter\" target=\"_blank\" rel=\"nofollow noopener\">Datenschutzerkl\u00e4rung<\/a> zur Kenntnis.\n        <\/p>\n<p>    Vielen Dank! Wir haben Ihnen eine E-Mail geschickt.<\/p>\n<p>Pr\u00fcfen Sie Ihr Postfach und best\u00e4tigen Sie das Newsletter-Abonnement.<\/p>\n<p class=\"paragraph article__item\">Zu der hohen Gesamtzahl an politisch motivierten Delikten trug nach Einsch\u00e4tzung des BKA im vergangenen Jahr ma\u00dfgeblich die Bundestagswahl bei. Demnach gab es 2025 fast 14.000 F\u00e4lle von Straftaten \u00bbim Zusammenhang mit Wahlen\u00ab \u2013 ein Anstieg von fast 19 Prozent. Gr\u00f6\u00dftenteils handelte sich dabei um \u00bbniedrigschwellige Delikte wie besch\u00e4digte oder entwendete Wahlplakate\u00ab.\u00a0\n<\/p>\n<p class=\"paragraph article__item\">Das BKA warnte vor dem Einfluss von sozialen Medien. Bei der \u00bbPolarisierung und Radikalisierung in Teilen der Gesellschaft\u00ab wirkten digitale R\u00e4ume und soziale Medien \u00bbals zentrale Beschleuniger\u00ab, schrieb die Beh\u00f6rde. \u00bbHass, Hetze und extremistische Propaganda verbreiten sich schnell und k\u00f6nnen Radikalisierungsprozesse verst\u00e4rken \u2013 bis hin zu schweren Straftaten im analogen Raum.\u00ab\n<\/p>\n<p>                                    H\u00f6chststand bei Antisemitismus, Frauen- und Queerfeindlichkeit            <\/p>\n<p class=\"paragraph article__item\">Dabei w\u00fcrden extremistische Inhalte \u00bbteilweise gezielt aus dem Ausland mit dem Ziel der illegitimen Einflussnahme durch Desinformation\u00ab gesteuert, hei\u00dft es in der BKA-Mitteilung. \u00bbSolche Propaganda verst\u00e4rkt gesellschaftliche Polarisierung und kann die Bereitschaft f\u00f6rdern, Konflikte mit Gewalt auszutragen.\u00ab Das geschehe etwa im Zusammenhang mit den Kriegen in der Ukraine und im Nahen Osten. Besonders gef\u00e4hrdet seien junge Menschen.\n<\/p>\n<p class=\"paragraph article__item\">Einen neuen H\u00f6chststand verzeichneten die Beh\u00f6rden etwa <a href=\"https:\/\/www.zeit.de\/gesellschaft\/2026-06\/antisemitismus-sachsen-anhalt-vorfaelle-rias\" target=\"_blank\" rel=\"nofollow noopener\">bei antisemitisch motivierten Straftaten,<\/a> deren Zahl um f\u00fcnf Prozent auf 6.548 F\u00e4lle gestiegen ist. Fast die H\u00e4lfte davon stehe im Zusammenhang mit dem Nahostkonflikt, etwas weniger als die H\u00e4lfte werde als rechts motiviert eingestuft. Eine deutliche Zunahme gab es zudem bei frauenfeindlichen Straftaten mit einem Anstieg von fast 47 Prozent auf 819 registrierte F\u00e4lle <a href=\"https:\/\/www.zeit.de\/gesellschaft\/2026-05\/queerfeindlichkeit-hasskriminalitaet-queere-vielfalt-staatsversagen-gxe\" target=\"_blank\" rel=\"nofollow noopener\">sowie queerfeindlichen Delikten<\/a>, die um fast 13 Prozent auf 2.377 F\u00e4lle zugenommen haben.\n<\/p>\n<p>Mehr zum Thema<\/p>\n<p>            Kriminalit\u00e4t         <\/p>\n<p>                <a href=\"https:\/\/www.zeit.de\/gesellschaft\/2026-04\/kriminalstatistik-2025-polizei-straftaten-vergewaltigung\" data-ct-label=\"Kriminalstatistik 2025: Die Kriminalstatistik soll viel erkl\u00e4ren. Doch sie hat viele Schw\u00e4chen\" data-uuid=\"ea47c1e2-4a4a-42ad-8ac4-2033f1f754d0\" rel=\"nofollow noopener\" target=\"_blank\"><\/p>\n<p>                        Kriminalstatistik 2025:<br \/>\n                        Die Kriminalstatistik soll viel erkl\u00e4ren. Doch sie hat viele Schw\u00e4chen<\/p>\n<p>                <\/a><\/p>\n<p>                <a href=\"https:\/\/www.zeit.de\/politik\/deutschland\/2026-04\/gewalt-politiker-demokratie-weizenbaum-report\" data-ct-label=\"Gewalt gegen Politiker: Politische Gewalt erh\u00f6ht die demokratische Teilhabe\" data-uuid=\"c2c79063-9af4-4726-a4cf-9c072497c1d3\" rel=\"nofollow noopener\" target=\"_blank\"><\/p>\n<p>                        Gewalt gegen Politiker:<br \/>\n                        Politische Gewalt erh\u00f6ht die demokratische Teilhabe<\/p>\n<p>                <\/a><\/p>\n<p>                <a href=\"https:\/\/www.zeit.de\/arbeit\/2026-04\/justiz-ueberlastung-richter-staatsanwaelte-personalmangel-gxe\" data-ct-label=\"\u00dcberlastung der Justiz: Wenn Gerichte so \u00fcberlastet sind, dass Verd\u00e4chtige freikommen \" data-uuid=\"09bcdb57-468f-49b8-9b89-068030bd3948\" rel=\"nofollow noopener\" target=\"_blank\"><\/p>\n<p>                        \u00dcberlastung der Justiz:<br \/>\n                        Wenn Gerichte so \u00fcberlastet sind, dass Verd\u00e4chtige freikommen <\/p>\n<p>                <\/a><\/p>\n","protected":false},"excerpt":{"rendered":"Rechtsextremismus bildet laut Bundesinnenminister Alexander Dobrindt (CSU) weiterhin die \u00bbgr\u00f6\u00dfte Gefahr\u00ab bei politisch motivierter Kriminalit\u00e4t. Das sagte Dobrindt&hellip;\n","protected":false},"author":2,"featured_media":1081434,"comment_status":"","ping_status":"","sticky":false,"template":"","format":"standard","meta":{"footnotes":"","_share_on_mastodon":"0"},"categories":[2],"tags":[20,29,3236,30,1724,13,12623,14,15,229700,14037,770,12,13663,14453,10,8,9,11],"class_list":["post-1081433","post","type-post","status-publish","format-standard","has-post-thumbnail","category-deutschland","tag-alexander-dobrindt","tag-deutschland","tag-frauen","tag-germany","tag-gesellschaft","tag-headlines","tag-linksextremismus","tag-nachrichten","tag-news","tag-politisch-motivierte-kriminalitaet","tag-queerness","tag-rechtsextremismus","tag-schlagzeilen","tag-soziale-medien","tag-straftat","tag-top-news","tag-top-meldungen","tag-topmeldungen","tag-topnews"],"share_on_mastodon":{"url":"https:\/\/pubeurope.com\/@de\/116720303568325978","error":""},"_links":{"self":[{"href":"https:\/\/www.europesays.com\/de\/wp-json\/wp\/v2\/posts\/1081433","targetHints":{"allow":["GET"]}}],"collection":[{"href":"https:\/\/www.europesays.com\/de\/wp-json\/wp\/v2\/posts"}],"about":[{"href":"https:\/\/www.europesays.com\/de\/wp-json\/wp\/v2\/types\/post"}],"author":[{"embeddable":true,"href":"https:\/\/www.europesays.com\/de\/wp-json\/wp\/v2\/users\/2"}],"replies":[{"embeddable":true,"href":"https:\/\/www.europesays.com\/de\/wp-json\/wp\/v2\/comments?post=1081433"}],"version-history":[{"count":0,"href":"https:\/\/www.europesays.com\/de\/wp-json\/wp\/v2\/posts\/1081433\/revisions"}],"wp:featuredmedia":[{"embeddable":true,"href":"https:\/\/www.europesays.com\/de\/wp-json\/wp\/v2\/media\/1081434"}],"wp:attachment":[{"href":"https:\/\/www.europesays.com\/de\/wp-json\/wp\/v2\/media?parent=1081433"}],"wp:term":[{"taxonomy":"category","embeddable":true,"href":"https:\/\/www.europesays.com\/de\/wp-json\/wp\/v2\/categories?post=1081433"},{"taxonomy":"post_tag","embeddable":true,"href":"https:\/\/www.europesays.com\/de\/wp-json\/wp\/v2\/tags?post=1081433"}],"curies":[{"name":"wp","href":"https:\/\/api.w.org\/{rel}","templated":true}]}}