{"id":1081535,"date":"2026-06-09T14:03:19","date_gmt":"2026-06-09T14:03:19","guid":{"rendered":"https:\/\/www.europesays.com\/de\/1081535\/"},"modified":"2026-06-09T14:03:19","modified_gmt":"2026-06-09T14:03:19","slug":"koeln-yasin-hat-blutkrebs-familie-sucht-dringend-stammzellspender","status":"publish","type":"post","link":"https:\/\/www.europesays.com\/de\/1081535\/","title":{"rendered":"K\u00f6ln: Yasin hat Blutkrebs \u2013 Familie sucht dringend Stammzellspender"},"content":{"rendered":"<p>Aktion am 12. Juni <\/p>\n<p>23-j\u00e4hriger K\u00f6lner hat Blutkrebs \u2013 Familie sucht dringend Stammzellspender<\/p>\n<p>09.06.2026 &#8211; 15:13 UhrLesedauer: 2 Min.<\/p>\n<p><a href=\"#focus-0\" class=\"transition-colors duration-200 block text-current relative\" data-sctrack=\"FocusGalleryImage.Reference\"><img fetchpriority=\"high\" data-testid=\"Opener.Image\"   loading=\"eager\" src=\"https:\/\/www.europesays.com\/de\/wp-content\/uploads\/2026\/06\/der-23-jaehrige-yasin-aus-koeln-er-ist-an-blutkrebs-erkrankt.jpg\" alt=\"Der 23-j\u00e4hrige Yasin aus K\u00f6ln: Er ist an Blutkrebs erkrankt.\" title=\"Der 23-j\u00e4hrige Yasin aus K\u00f6ln: Er ist an Blutkrebs erkrankt.\" width=\"3072\" height=\"1728\" class=\"bg-[url:var(--lqipURL)] bg-cover bg-center flex h-full w-full max-w-full\" style=\"--lqipURL:url('https:\/\/images.t-online.de\/2026\/06\/83lIgqsKjcVQ\/0x1489:3072x1728\/fit-in\/150x0\/filters:blur(25)\/der-23-jaehrige-yasin-aus-koeln-er-ist-an-blutkrebs-erkrankt.jpg')\" decoding=\"async\"\/><img loading=\"lazy\" src=\"https:\/\/koeln.t-online.de\/s\/paper\/_next\/static\/media\/zoom-in.f7dae02f.svg\" alt=\"Vergr\u00f6\u00dfern des Bildes\" title=\"Vergr\u00f6\u00dfern des Bildes\" class=\"block h-[calc(var(--height)_\/_16_*_1rem)] w-[calc(var(--width)_\/_16_*_1rem)] max-w-none absolute bottom-8 right-8 rounded-4 bg-snow p-8\" style=\"--width:32;--height:32\" decoding=\"async\"\/><\/a><\/p>\n<p>Der 23-j\u00e4hrige Yasin aus K\u00f6ln: Er ist an Blutkrebs erkrankt. (Quelle: Privat)<\/p>\n<p><img loading=\"lazy\" src=\"https:\/\/koeln.t-online.de\/s\/paper\/_next\/static\/media\/audio-volume.6689034c.svg\" alt=\"\" title=\"\" class=\"block h-[calc(var(--height)_\/_16_*_1rem)] w-[calc(var(--width)_\/_16_*_1rem)] max-w-none group-hover:brightness-0 group-hover:invert\" style=\"--width:16;--height:16\" decoding=\"async\"\/>Vorlesen<\/p>\n<p>Aktuelle Zeit:0:00Gesamtdauer:0:00<\/p>\n<p>1x<\/p>\n<p class=\"text-center\">Jetzt neu bei t-online:<\/p>\n<p class=\"text-center\">Schriftgr\u00f6\u00dfe anpassen!<\/p>\n<p><img loading=\"lazy\" src=\"https:\/\/koeln.t-online.de\/s\/paper\/_next\/static\/media\/font-sizes.32942e33.svg\" alt=\"\" title=\"\" class=\"block h-[calc(var(--height)_\/_16_*_1rem)] w-[calc(var(--width)_\/_16_*_1rem)] max-w-none group-hover:hidden group-aria-expanded:hidden\" style=\"--width:16;--height:16\" decoding=\"async\"\/><img loading=\"lazy\" src=\"https:\/\/koeln.t-online.de\/s\/paper\/_next\/static\/media\/font-sizes-dark-mode.e382645c.svg\" alt=\"\" title=\"\" class=\"block h-[calc(var(--height)_\/_16_*_1rem)] w-[calc(var(--width)_\/_16_*_1rem)] max-w-none hidden group-hover:block group-aria-expanded:block\" style=\"--width:16;--height:16\" decoding=\"async\"\/><img loading=\"lazy\" src=\"https:\/\/koeln.t-online.de\/s\/paper\/_next\/static\/media\/sharing-menu-icon.1eb71368.svg\" alt=\"\" title=\"\" class=\"block h-[calc(var(--height)_\/_16_*_1rem)] w-[calc(var(--width)_\/_16_*_1rem)] max-w-none group-hover:brightness-0 group-hover:invert\" style=\"--width:16;--height:16\" decoding=\"async\"\/>Artikel teilen<\/p>\n<p class=\"font-bold text-18 leading-17 user-text-lg:text-22 user-text-xl:text-24\"><strong class=\"font-bold\">Yasin aus K\u00f6ln k\u00e4mpft gegen Blutkrebs. Der 23-J\u00e4hrige braucht dringend eine Stammzellspende. Familie und Freunde organisieren nun gemeinsam mit der DKMS eine Registrierungsaktion.<\/strong><\/p>\n<p class=\"text-18 leading-17 user-text-lg:text-22 user-text-xl:text-24\">F\u00fcr Yasin hat sich das Leben von einem Tag auf den anderen ver\u00e4ndert: Der 23-J\u00e4hrige aus K\u00f6ln ist an Blutkrebs erkrankt. Seither bestimmen Krankenhausaufenthalte, Chemotherapien und die Hoffnung auf eine passende Stammzellspende den Alltag des jungen Mannes und seiner Familie.<\/p>\n<p class=\"text-18 leading-17 user-text-lg:text-22 user-text-xl:text-24\">Nur eine Stammzellspende kann ihm nach Angaben der DKMS noch helfen. Deshalb rufen seine Familie, Freundinnen und Freunde gemeinsam mit der Organisation dazu auf, sich als potenzielle Stammzellspender registrieren zu lassen.<\/p>\n<p class=\"text-18 leading-17 user-text-lg:text-22 user-text-xl:text-24\">&#8222;Die Diagnose hat uns alle tief ersch\u00fcttert&#8220;, sagt Zeynep, eine Freundin der Familie und Mitinitiatorin der Aktion. Gemeinsam mit der DKMS habe man schnell einen Aufruf starten k\u00f6nnen. Das Ziel sei, m\u00f6glichst viele Menschen zu erreichen: &#8222;Jede einzelne Registrierung erh\u00f6ht die Chance \u2013 f\u00fcr Yasin und viele andere Betroffene.&#8220;<\/p>\n<p>Registrierungsaktion f\u00fcr Yasin in Ehrenfeld<\/p>\n<p class=\"text-18 leading-17 user-text-lg:text-22 user-text-xl:text-24\">Wer helfen m\u00f6chte, gesund und zwischen 17 und 55 Jahre alt ist, kann sich am Freitag, 12. Juni 2026, in K\u00f6ln-Ehrenfeld registrieren lassen. Die Aktion findet von 11 bis 15 Uhr im B\u00fcrgerzentrum Ehrenfeld an der Venloer Stra\u00dfe 429 statt.<\/p>\n<p class=\"text-18 leading-17 user-text-lg:text-22 user-text-xl:text-24\">Die Registrierung dauert nur wenige Minuten. Vor Ort scannen Teilnehmende einen QR-Code, geben ihre pers\u00f6nlichen Daten \u00fcber das Smartphone ein und machen anschlie\u00dfend einen Wangenabstrich mit drei Wattest\u00e4bchen. Wer bereits bei der DKMS registriert ist, muss sich nicht erneut registrieren.<\/p>\n<p class=\"text-18 leading-17 user-text-lg:text-22 user-text-xl:text-24\">Auch online unter dkms.de\/yasin ist eine Registrierung m\u00f6glich. Ein Set kann bequem nach Hause bestellt werden. Nach dem Wangenabstrich muss das Set unterschrieben und m\u00f6glichst schnell an die DKMS zur\u00fcckgeschickt werden \u2013 am besten innerhalb von 14 Tagen. Anschlie\u00dfend werden die Gewebemerkmale im Labor bestimmt und die pseudonymisierten Daten stehen f\u00fcr die weltweite Spendersuche zur Verf\u00fcgung.<\/p>\n<p>Yasin aus K\u00f6ln: &#8222;Er hat noch so viele Pl\u00e4ne&#8220;<\/p>\n<p class=\"text-18 leading-17 user-text-lg:text-22 user-text-xl:text-24\">Yasins Familie hofft, dass m\u00f6glichst viele Menschen dem Aufruf folgen. &#8222;Unser gr\u00f6\u00dfter Wunsch ist es, dass Yasin wieder gesund wird und all die Dinge erleben kann, die ihm so viel bedeuten: reisen, wertvolle Zeit mit seinen Lieblingsmenschen verbringen und wieder Sport machen&#8220;, sagt seine Mutter Yasemin.<\/p>\n<p class=\"text-18 leading-17 user-text-lg:text-22 user-text-xl:text-24\">Es zerrei\u00dfe ihr das Herz, ihr eigenes Kind so leiden zu sehen. Auch f\u00fcr Yasins j\u00fcngeren Bruder sei die Situation eine enorme Belastung. Gleichzeitig gebe die Unterst\u00fctzung aus dem Umfeld der Familie viel Kraft.<\/p>\n<p class=\"text-18 leading-17 user-text-lg:text-22 user-text-xl:text-24\">Auch Yasins Vater Andreas bittet um Hilfe. Sein Sohn habe gerade erst seine Ausbildung zum Chemikant abgeschlossen und noch viele Pl\u00e4ne f\u00fcr die Zukunft. &#8222;Er muss einfach wieder gesund werden \u2013 eine andere M\u00f6glichkeit gibt es f\u00fcr uns nicht&#8220;, sagt er. Jede Registrierung und jedes Teilen des Aufrufs k\u00f6nne einen Unterschied machen.<\/p>\n","protected":false},"excerpt":{"rendered":"Aktion am 12. Juni 23-j\u00e4hriger K\u00f6lner hat Blutkrebs \u2013 Familie sucht dringend Stammzellspender 09.06.2026 &#8211; 15:13 UhrLesedauer: 2&hellip;\n","protected":false},"author":2,"featured_media":1081536,"comment_status":"","ping_status":"","sticky":false,"template":"","format":"standard","meta":{"footnotes":"","_share_on_mastodon":"0"},"categories":[1828],"tags":[9280,29,9282,11128,30,1420,1209,9281,115499],"class_list":["post-1081535","post","type-post","status-publish","format-standard","has-post-thumbnail","category-koeln","tag-blutkrebs","tag-deutschland","tag-dkms","tag-ehrenfeld","tag-germany","tag-koeln","tag-nordrhein-westfalen","tag-registrierungsaktion","tag-stammzellspende"],"share_on_mastodon":{"url":"https:\/\/pubeurope.com\/@de\/116720529290845637","error":""},"_links":{"self":[{"href":"https:\/\/www.europesays.com\/de\/wp-json\/wp\/v2\/posts\/1081535","targetHints":{"allow":["GET"]}}],"collection":[{"href":"https:\/\/www.europesays.com\/de\/wp-json\/wp\/v2\/posts"}],"about":[{"href":"https:\/\/www.europesays.com\/de\/wp-json\/wp\/v2\/types\/post"}],"author":[{"embeddable":true,"href":"https:\/\/www.europesays.com\/de\/wp-json\/wp\/v2\/users\/2"}],"replies":[{"embeddable":true,"href":"https:\/\/www.europesays.com\/de\/wp-json\/wp\/v2\/comments?post=1081535"}],"version-history":[{"count":0,"href":"https:\/\/www.europesays.com\/de\/wp-json\/wp\/v2\/posts\/1081535\/revisions"}],"wp:featuredmedia":[{"embeddable":true,"href":"https:\/\/www.europesays.com\/de\/wp-json\/wp\/v2\/media\/1081536"}],"wp:attachment":[{"href":"https:\/\/www.europesays.com\/de\/wp-json\/wp\/v2\/media?parent=1081535"}],"wp:term":[{"taxonomy":"category","embeddable":true,"href":"https:\/\/www.europesays.com\/de\/wp-json\/wp\/v2\/categories?post=1081535"},{"taxonomy":"post_tag","embeddable":true,"href":"https:\/\/www.europesays.com\/de\/wp-json\/wp\/v2\/tags?post=1081535"}],"curies":[{"name":"wp","href":"https:\/\/api.w.org\/{rel}","templated":true}]}}