{"id":1081586,"date":"2026-06-09T14:30:21","date_gmt":"2026-06-09T14:30:21","guid":{"rendered":"https:\/\/www.europesays.com\/de\/1081586\/"},"modified":"2026-06-09T14:30:21","modified_gmt":"2026-06-09T14:30:21","slug":"nach-der-wm","status":"publish","type":"post","link":"https:\/\/www.europesays.com\/de\/1081586\/","title":{"rendered":"Nach der WM:"},"content":{"rendered":"<p class=\"\">\n                    Wir, Kjell Haschen und Iven Fromm (HF Sailing), sind zur\u00fcck in Kiel. Hinter uns liegen einige Wochen in Quiberon mit zwei Trainingsbl\u00f6cken und unserer Weltmeisterschaft. Sportlich lief es dort nicht so, wie wir es uns erhofft hatten. Inzwischen haben wir das in Ruhe aufgearbeitet und schauen wieder nach vorn.<\/p>\n<p>An unserem St\u00fctzpunkt in Kiel liegt der Fokus dabei vor allem auf der Kommunikation und der Entscheidungsfindung an Bord, woran wir gemeinsam mit unserer Sportpsychologin arbeiten. Daneben stecken wir viel Zeit in unsere Starts und in unseren Speed. Wir testen unter anderem verschiedene Masten und Segel und arbeiten an unserer Fahrtechnik.<\/p>\n<p>Letzte Woche stand eine Trainingswoche in Eckernf\u00f6rde an, in diesem Jahr unser EM-Revier. Gemeinsam mit einer internationalen Gruppe haben wir ein paar Rennen gesegelt und uns wieder ein Gef\u00fchl f\u00fcr das Wasser dort geholt. Ganz neu ist uns Eckernf\u00f6rde aber nicht, wir waren schon \u00f6fter da, unter anderem bei der German Open und fr\u00fcher zu 29er- und Opti-Zeiten. Auf dem Hinweg am Montag haben wir uns von Kiel r\u00fcberschleppen lassen. Wind gab es kaum, daf\u00fcr haben uns ein paar Schweinswale ein St\u00fcck begleitet. Am Freitag ging es zur\u00fcck nach Kiel, diesmal bei richtig gutem Wind, und wir konnten ordentlich Meter machen.<\/p>\n<p>Schon vor ein paar Wochen haben wir au\u00dferdem ein neues Boot abgeholt. Schwert und Ruder sind bereits eingepasst und per Laser exakt ausgerichtet, der restliche Innenausbau folgt in den n\u00e4chsten Wochen.<\/p>\n<p>Jetzt bereiten wir uns hier in Kiel auf die Kieler Woche vor, die vom Samstag, 20. Juni bis Sonntag, 28. Juni direkt vor unserer Haust\u00fcr stattfindet. Darauf freuen wir uns, ein Heimspiel eben. Und direkt im Anschluss steht in Eckernf\u00f6rde unsere EM an.<\/p>\n<p>Dieser Text wurde erstellt von:<br \/>Iven Fromm<br \/>HF Sailing\n            <\/p>\n","protected":false},"excerpt":{"rendered":"Wir, Kjell Haschen und Iven Fromm (HF Sailing), sind zur\u00fcck in Kiel. Hinter uns liegen einige Wochen in&hellip;\n","protected":false},"author":2,"featured_media":1081587,"comment_status":"","ping_status":"","sticky":false,"template":"","format":"standard","meta":{"footnotes":"","_share_on_mastodon":"0"},"categories":[1852],"tags":[3364,29,20559,548,663,3934,30,13,4949,14,15,42180,12,1971,31240,31229],"class_list":["post-1081586","post","type-post","status-publish","format-standard","has-post-thumbnail","category-kiel","tag-de","tag-deutschland","tag-eckernfoerde","tag-eu","tag-europa","tag-europe","tag-germany","tag-headlines","tag-kiel","tag-nachrichten","tag-news","tag-olympische-sommerspiele","tag-schlagzeilen","tag-schleswig-holstein","tag-seeschiff","tag-segeln"],"share_on_mastodon":{"url":"https:\/\/pubeurope.com\/@de\/116720633564734518","error":""},"_links":{"self":[{"href":"https:\/\/www.europesays.com\/de\/wp-json\/wp\/v2\/posts\/1081586","targetHints":{"allow":["GET"]}}],"collection":[{"href":"https:\/\/www.europesays.com\/de\/wp-json\/wp\/v2\/posts"}],"about":[{"href":"https:\/\/www.europesays.com\/de\/wp-json\/wp\/v2\/types\/post"}],"author":[{"embeddable":true,"href":"https:\/\/www.europesays.com\/de\/wp-json\/wp\/v2\/users\/2"}],"replies":[{"embeddable":true,"href":"https:\/\/www.europesays.com\/de\/wp-json\/wp\/v2\/comments?post=1081586"}],"version-history":[{"count":0,"href":"https:\/\/www.europesays.com\/de\/wp-json\/wp\/v2\/posts\/1081586\/revisions"}],"wp:featuredmedia":[{"embeddable":true,"href":"https:\/\/www.europesays.com\/de\/wp-json\/wp\/v2\/media\/1081587"}],"wp:attachment":[{"href":"https:\/\/www.europesays.com\/de\/wp-json\/wp\/v2\/media?parent=1081586"}],"wp:term":[{"taxonomy":"category","embeddable":true,"href":"https:\/\/www.europesays.com\/de\/wp-json\/wp\/v2\/categories?post=1081586"},{"taxonomy":"post_tag","embeddable":true,"href":"https:\/\/www.europesays.com\/de\/wp-json\/wp\/v2\/tags?post=1081586"}],"curies":[{"name":"wp","href":"https:\/\/api.w.org\/{rel}","templated":true}]}}