{"id":1081601,"date":"2026-06-09T14:39:16","date_gmt":"2026-06-09T14:39:16","guid":{"rendered":"https:\/\/www.europesays.com\/de\/1081601\/"},"modified":"2026-06-09T14:39:16","modified_gmt":"2026-06-09T14:39:16","slug":"ende-einer-aera-richard-trares-nach-38-jahren-als-dirigent-verabschiedet-jockgrim","status":"publish","type":"post","link":"https:\/\/www.europesays.com\/de\/1081601\/","title":{"rendered":"Ende einer \u00c4ra: Richard Trares nach 38 Jahren als Dirigent verabschiedet &#8211; Jockgrim"},"content":{"rendered":"<p><b><a class=\"rtr-entity\" data-rtr-entity=\"Jockgrim\" data-rtr-id=\"a3991e8c9cd2ee8cd0c7ebc20e3512299d4d60d5\" data-rtr-score=\"44.66789667896679\" data-rtr-etype=\"location\" data-rtr-index=\"2\" href=\"https:\/\/www.rheinpfalz.de\/themen\/jockgrim\" rel=\"nofollow noopener\" target=\"_blank\">Jockgrim<\/a>. \u201eSing zum Abschied\u201c hie\u00df es beim Chor MGV Frohsinn Jockgrim zur Verabschiedung ihres Dirigenten Richard Trares. Er hatte diesen Chor 38 Jahre lang geleitet.<\/b><\/p>\n<p>In einem grandiosen Abschiedskonzert <a href=\"https:\/\/www.rheinpfalz.de\/lokal\/kreis-germersheim_artikel,-eine-chorleiter-koryph%C3%A4e-geht-in-den-ruhestand-_arid,5895676.html\" class=\"external-link-new-window\" title=\"\" target=\"_self\" rel=\"nofollow noopener\">sagte der gemischte Chor mit einem Reigen von Songs und Erinnerungen Richard Trares \u201eDanke\u201c<\/a>. Bei der Ernennung zum Ehrenchorleiter mit einer Urkunde wurde er vom stehend applaudierenden Publikum im voll besetzten B\u00fcrgerhaus gefeiert. Zudem erhielt er eine Skulptur eines Jockgrimer Frosches. Ger\u00fchrt nahm er diese Ehrung an und bedankte sich bei seinen S\u00e4ngern f\u00fcr die langj\u00e4hrige Treue. <\/p>\n","protected":false},"excerpt":{"rendered":"Jockgrim. \u201eSing zum Abschied\u201c hie\u00df es beim Chor MGV Frohsinn Jockgrim zur Verabschiedung ihres Dirigenten Richard Trares. Er&hellip;\n","protected":false},"author":2,"featured_media":1081602,"comment_status":"","ping_status":"","sticky":false,"template":"","format":"standard","meta":{"footnotes":"","_share_on_mastodon":"0"},"categories":[1844],"tags":[1634,3364,29,30,27726,8903,4060,229735],"class_list":["post-1081601","post","type-post","status-publish","format-standard","has-post-thumbnail","category-karlsruhe","tag-baden-wuerttemberg","tag-de","tag-deutschland","tag-germany","tag-jockgrim","tag-karlsruhe","tag-lokal","tag-richard-trares"],"share_on_mastodon":{"url":"https:\/\/pubeurope.com\/@de\/116720669027965343","error":""},"_links":{"self":[{"href":"https:\/\/www.europesays.com\/de\/wp-json\/wp\/v2\/posts\/1081601","targetHints":{"allow":["GET"]}}],"collection":[{"href":"https:\/\/www.europesays.com\/de\/wp-json\/wp\/v2\/posts"}],"about":[{"href":"https:\/\/www.europesays.com\/de\/wp-json\/wp\/v2\/types\/post"}],"author":[{"embeddable":true,"href":"https:\/\/www.europesays.com\/de\/wp-json\/wp\/v2\/users\/2"}],"replies":[{"embeddable":true,"href":"https:\/\/www.europesays.com\/de\/wp-json\/wp\/v2\/comments?post=1081601"}],"version-history":[{"count":0,"href":"https:\/\/www.europesays.com\/de\/wp-json\/wp\/v2\/posts\/1081601\/revisions"}],"wp:featuredmedia":[{"embeddable":true,"href":"https:\/\/www.europesays.com\/de\/wp-json\/wp\/v2\/media\/1081602"}],"wp:attachment":[{"href":"https:\/\/www.europesays.com\/de\/wp-json\/wp\/v2\/media?parent=1081601"}],"wp:term":[{"taxonomy":"category","embeddable":true,"href":"https:\/\/www.europesays.com\/de\/wp-json\/wp\/v2\/categories?post=1081601"},{"taxonomy":"post_tag","embeddable":true,"href":"https:\/\/www.europesays.com\/de\/wp-json\/wp\/v2\/tags?post=1081601"}],"curies":[{"name":"wp","href":"https:\/\/api.w.org\/{rel}","templated":true}]}}