{"id":1081634,"date":"2026-06-09T15:02:15","date_gmt":"2026-06-09T15:02:15","guid":{"rendered":"https:\/\/www.europesays.com\/de\/1081634\/"},"modified":"2026-06-09T15:02:15","modified_gmt":"2026-06-09T15:02:15","slug":"jahresausflug-zum-drachenfelsen","status":"publish","type":"post","link":"https:\/\/www.europesays.com\/de\/1081634\/","title":{"rendered":"Jahresausflug zum Drachenfelsen"},"content":{"rendered":"<p class=\"paragraph --regular --color\" data-v-ad2bcb75=\"\" data-v-5c4b7507=\"\">Landkreis Bad Kreuznach. Der Sozialverband VdK Rheinland-Pfalz, Ortsverband Vorderer Soonwald, l\u00e4dt zum Jahresausflug ein. Ziel am Samstag, 27. Juni, ist K\u00f6nigswinter mit Zahnradbahnfahrt auf den Drachenfelsen und anschlie\u00dfenden Besuch der Brauereigastst\u00e4tte Maximilians Brauwiesen in Lahnstein. Die Abfahrt erfolgt ab 8 Uhr in M\u00fcnchwald, mit weiteren Stopps. R\u00fcckkehr ist f\u00fcr 18.30 Uhr geplant. VdK-Mitglieder zahlen 30 Euro, Nichtmitglieder 35 Euro. Die Geb\u00fchr umfasst Busfahrt, Drachenfelsbahn und ein Sektfr\u00fchst\u00fcck. Anmeldungen gelten mit Zahlungseingang bis 15. Juni bei der Volksbank Rhein-Nahe-Hunsr\u00fcck, IBAN: DE77 5609 0000 0000 244021 als verbindlich. Bei Fragen sind Michael Schlapp unter 06706-8388, Clemens Mann unter 06706-1770, Wolfgang Milkau unter 06706-8901 und Ursula L\u00f6wenbr\u00fcck unter 06706-960376 erreichbar.<\/p>\n","protected":false},"excerpt":{"rendered":"Landkreis Bad Kreuznach. Der Sozialverband VdK Rheinland-Pfalz, Ortsverband Vorderer Soonwald, l\u00e4dt zum Jahresausflug ein. Ziel am Samstag, 27.&hellip;\n","protected":false},"author":2,"featured_media":49867,"comment_status":"","ping_status":"","sticky":false,"template":"","format":"standard","meta":{"footnotes":"","_share_on_mastodon":"0"},"categories":[1842],"tags":[5650,5651,5652,5654,1741,5655,3364,29,30,5660,5656,5653,5657,1427,14,5659,1209,5658,5661,4544,5662],"class_list":["post-1081634","post","type-post","status-publish","format-standard","has-post-thumbnail","category-bonn","tag-alzey","tag-bad-kreuznach","tag-bad-sobernheim","tag-bingen","tag-bonn","tag-buerstadt","tag-de","tag-deutschland","tag-germany","tag-guntersblum","tag-ingelheim","tag-kirn","tag-lampertheim","tag-mainz","tag-nachrichten","tag-nierstein","tag-nordrhein-westfalen","tag-oppenheim","tag-ruesselsheim","tag-wiesbaden","tag-worms"],"share_on_mastodon":{"url":"","error":""},"_links":{"self":[{"href":"https:\/\/www.europesays.com\/de\/wp-json\/wp\/v2\/posts\/1081634","targetHints":{"allow":["GET"]}}],"collection":[{"href":"https:\/\/www.europesays.com\/de\/wp-json\/wp\/v2\/posts"}],"about":[{"href":"https:\/\/www.europesays.com\/de\/wp-json\/wp\/v2\/types\/post"}],"author":[{"embeddable":true,"href":"https:\/\/www.europesays.com\/de\/wp-json\/wp\/v2\/users\/2"}],"replies":[{"embeddable":true,"href":"https:\/\/www.europesays.com\/de\/wp-json\/wp\/v2\/comments?post=1081634"}],"version-history":[{"count":0,"href":"https:\/\/www.europesays.com\/de\/wp-json\/wp\/v2\/posts\/1081634\/revisions"}],"wp:featuredmedia":[{"embeddable":true,"href":"https:\/\/www.europesays.com\/de\/wp-json\/wp\/v2\/media\/49867"}],"wp:attachment":[{"href":"https:\/\/www.europesays.com\/de\/wp-json\/wp\/v2\/media?parent=1081634"}],"wp:term":[{"taxonomy":"category","embeddable":true,"href":"https:\/\/www.europesays.com\/de\/wp-json\/wp\/v2\/categories?post=1081634"},{"taxonomy":"post_tag","embeddable":true,"href":"https:\/\/www.europesays.com\/de\/wp-json\/wp\/v2\/tags?post=1081634"}],"curies":[{"name":"wp","href":"https:\/\/api.w.org\/{rel}","templated":true}]}}