{"id":1081758,"date":"2026-06-09T16:14:16","date_gmt":"2026-06-09T16:14:16","guid":{"rendered":"https:\/\/www.europesays.com\/de\/1081758\/"},"modified":"2026-06-09T16:14:16","modified_gmt":"2026-06-09T16:14:16","slug":"neues-leben-fuer-den-alten-wuppertaler-real-markt","status":"publish","type":"post","link":"https:\/\/www.europesays.com\/de\/1081758\/","title":{"rendered":"Neues Leben f\u00fcr den alten Wuppertaler Real-Markt"},"content":{"rendered":"<p class=\"text_ohne_einzug richtext text-em-55 !leading-serif mx-6 desktop:mx-0\">Diese Nachricht d\u00fcrfte viele Menschen im Stadtteil aufmerken lassen: Der ehemalige Real-Markt an der Dieselstra\u00dfe soll wiederbelebt werden. Laut Pl\u00e4nen, die nun den entsprechenden st\u00e4dtischen Gremien vorliegen, soll dort ein Edeka-Standort entstehen. Bezirksb\u00fcrgermeister Andreas Bialas (SPD) zeigt sich erfreut \u00fcber die Entwicklung: \u201eWir wollen und brauchen einen Vollsortimenter in der Dieselstra\u00dfe.\u201c<\/p>\n","protected":false},"excerpt":{"rendered":"Diese Nachricht d\u00fcrfte viele Menschen im Stadtteil aufmerken lassen: Der ehemalige Real-Markt an der Dieselstra\u00dfe soll wiederbelebt werden.&hellip;\n","protected":false},"author":2,"featured_media":1081759,"comment_status":"","ping_status":"","sticky":false,"template":"","format":"standard","meta":{"footnotes":"","_share_on_mastodon":"0"},"categories":[1840],"tags":[110287,3364,29,107615,1024,10541,229772,30046,84599,229771,30,43249,229770,59158,9588,173384,229769,1209,15111,17016,4418,13885],"class_list":["post-1081758","post","type-post","status-publish","format-standard","has-post-thumbnail","category-wuppertal","tag-andreas-bialas","tag-de","tag-deutschland","tag-dieselstrasse","tag-edeka","tag-einkaufszentrum","tag-einkaufszentrums","tag-entstehen","tag-fachmarkt","tag-fachmarktzentrums","tag-germany","tag-getraenkemarkt","tag-hauptzentrum","tag-langerfeld","tag-markt","tag-nahversorgungszentrum","tag-nebenzentrum","tag-nordrhein-westfalen","tag-real","tag-standort","tag-wuppertal","tag-zentrum"],"share_on_mastodon":{"url":"","error":""},"_links":{"self":[{"href":"https:\/\/www.europesays.com\/de\/wp-json\/wp\/v2\/posts\/1081758","targetHints":{"allow":["GET"]}}],"collection":[{"href":"https:\/\/www.europesays.com\/de\/wp-json\/wp\/v2\/posts"}],"about":[{"href":"https:\/\/www.europesays.com\/de\/wp-json\/wp\/v2\/types\/post"}],"author":[{"embeddable":true,"href":"https:\/\/www.europesays.com\/de\/wp-json\/wp\/v2\/users\/2"}],"replies":[{"embeddable":true,"href":"https:\/\/www.europesays.com\/de\/wp-json\/wp\/v2\/comments?post=1081758"}],"version-history":[{"count":0,"href":"https:\/\/www.europesays.com\/de\/wp-json\/wp\/v2\/posts\/1081758\/revisions"}],"wp:featuredmedia":[{"embeddable":true,"href":"https:\/\/www.europesays.com\/de\/wp-json\/wp\/v2\/media\/1081759"}],"wp:attachment":[{"href":"https:\/\/www.europesays.com\/de\/wp-json\/wp\/v2\/media?parent=1081758"}],"wp:term":[{"taxonomy":"category","embeddable":true,"href":"https:\/\/www.europesays.com\/de\/wp-json\/wp\/v2\/categories?post=1081758"},{"taxonomy":"post_tag","embeddable":true,"href":"https:\/\/www.europesays.com\/de\/wp-json\/wp\/v2\/tags?post=1081758"}],"curies":[{"name":"wp","href":"https:\/\/api.w.org\/{rel}","templated":true}]}}