{"id":1081762,"date":"2026-06-09T16:16:23","date_gmt":"2026-06-09T16:16:23","guid":{"rendered":"https:\/\/www.europesays.com\/de\/1081762\/"},"modified":"2026-06-09T16:16:23","modified_gmt":"2026-06-09T16:16:23","slug":"bg-kliniken-verschmelzen-ihre-krankenhaeuser-in-bochum-und-duisburg-kma-online","status":"publish","type":"post","link":"https:\/\/www.europesays.com\/de\/1081762\/","title":{"rendered":"BG Kliniken verschmelzen ihre Krankenh\u00e4user in Bochum und Duisburg \u2013 kma Online"},"content":{"rendered":"<p>Bei den BG Kliniken steht eine interne Fusion an. Das BG Universit\u00e4tsklinikum Bergmannsheil Bochum und das BG Klinikum Duisburg sollen unter dem gemeinsamen Dach einer gGmbH zusammengef\u00fchrt und zu einem Unternehmen verschmolzen werden. Das habe der Hauptausschuss des Klinikverbunds einstimmig beschlossen, teilen die Kliniken mit.<\/p>\n<p>Damit bekennen sich die Tr\u00e4ger klar zum Erhalt der beiden Standorte in Nordrhein-Westfalen, wird betont. Das sei \u201eein Meilenstein in der Sicherung des medizinischen Versorgungsauftrags f\u00fcr unfallversicherte Patienten im Ruhrgebiet\u201c, sagt Konzerngesch\u00e4ftsf\u00fchrer <a href=\"https:\/\/www.kma-online.de\/aktuelles\/management\/detail\/reinhard-nieper-ist-thieme-manager-des-jahres-2025-55159\" target=\"_blank\" rel=\"nofollow noopener\"><strong>Reinhard Nieper<\/strong><\/a>. Die rechtliche Verzahnung hebe zahlreiche Synergien und er\u00f6ffne beiden Standorten \u201eganz neue Entwicklungsperspektiven\u201c. Die Konzerngesch\u00e4ftsf\u00fchrung sei von den Unfallversicherungstr\u00e4gern aufgefordert, mit den Standorten ihren strategischen Zusammenschluss vorzubereiten, hei\u00dft es weiter.<\/p>\n<p>\t\t\t\tMehr zum Thema:<br \/>\n\t\t\t<a href=\"https:\/\/www.kma-online.de\/aktuelles\/klinik-news\/detail\/bg-kliniken-neue-stabsstelle-fuer-krisenresilienz-55755\" title=\"Lese mehr \u00fcber: Krisensicherheit an den BG Kliniken wird ausgebaut\" rel=\"nofollow noopener\" target=\"_blank\"><img class=\"image\" loading=\"lazy\" decoding=\"async\" src=\"https:\/\/www.europesays.com\/de\/wp-content\/uploads\/2026\/06\/csm_Katastrophenschutz_fq_PhotographyByMK_stock.adobe.com_acee933134.webp\" width=\"480\" height=\"270\" alt=\"Einsatzfahrzeug mit der Aufschrift Katastrophenschutz\" title=\"Katastrophenschutz\"\/><\/a><\/p>\n<p>PhotographyByMK\/stock.adobe.com<\/p>\n<p><a href=\"https:\/\/www.kma-online.de\/aktuelles\/management\/detail\/reinhard-nieper-ist-thieme-manager-des-jahres-2025-55159\" title=\"Lese mehr \u00fcber: Reinhard Nieper \u2013 Stratege f\u00fcr komplexe Aufgaben\" rel=\"nofollow noopener\" target=\"_blank\"><img class=\"image\" loading=\"lazy\" decoding=\"async\" src=\"https:\/\/www.europesays.com\/de\/wp-content\/uploads\/2026\/06\/csm_Nieper_Reinhard-1_fq_Florian_Selig_Thieme_a325fbf12e.webp\" width=\"480\" height=\"270\" alt=\"Reinhard Nieper\" title=\"Reinhard Nieper\"\/><\/a><\/p>\n<p>Die zwei BG Kliniken in Bochum und Duisburg seien f\u00fcr die ambulante und station\u00e4re Gesundheitsversorgung in ihren Einzugsgebieten unverzichtbar und tragende S\u00e4ulen insbesondere der regionalen Notfall- und Schwerverletztenversorgung, erkl\u00e4ren die Verantwortlichen. Als Teil der Ruhr-Universit\u00e4t Bochum \u00fcbernehme das Bergmannsheil zudem zentrale Aufgaben in der Forschung und Lehre, und auch das BG Klinikum Duisburg kooperiere intensiv mit der Universit\u00e4t Duisburg-Essen.<\/p>\n<p>Vor allem f\u00fcr die Behandlung von Arbeits- und Wegeunf\u00e4llen sowie Berufskrankheiten nach dem Siebten Buch Sozialgesetzbuch (SGB VII) seien die beiden Standorte von besonderer Bedeutung. Den Angaben zufolge soll in Duisburg in den kommenden Jahren umfassend investiert werden, unter anderem in eine neue Reha-Klinik f\u00fcr unfallversicherte Patienten aus dem gesamten Bundesgebiet.<\/p>\n<p>\n                    BG Kliniken\/koj\n                <\/p>\n","protected":false},"excerpt":{"rendered":"Bei den BG Kliniken steht eine interne Fusion an. Das BG Universit\u00e4tsklinikum Bergmannsheil Bochum und das BG Klinikum&hellip;\n","protected":false},"author":2,"featured_media":1081763,"comment_status":"","ping_status":"","sticky":false,"template":"","format":"standard","meta":{"footnotes":"","_share_on_mastodon":"0"},"categories":[1839],"tags":[7507,3364,29,27507,27506,30,141,27509,27508,27510,27512,4612,290,27502,18908,27515,4391,27516,27503,27504,837,27505,1209,27513,3284,16,27511,27514],"class_list":["post-1081762","post","type-post","status-publish","format-standard","has-post-thumbnail","category-bochum","tag-bochum","tag-de","tag-deutschland","tag-e-health","tag-ehealth","tag-germany","tag-gesundheit","tag-gesundheitsmagazin","tag-gesundheitsmanagement","tag-gesundheitsmarkt","tag-gesundheitsoekonomie","tag-gesundheitspolitik","tag-gesundheitswesen","tag-gesundheitswirtschaft","tag-healthcare","tag-healthcare-management","tag-hygiene","tag-krankenhauseinrichtung","tag-krankenhausmanagement","tag-krankenhaustechnik","tag-medizin","tag-medizintechnik","tag-nordrhein-westfalen","tag-pflegemanagement","tag-pharma","tag-politik","tag-qualitaetsmanagement","tag-stellenangebote"],"share_on_mastodon":{"url":"","error":"Validation failed: Text character limit of 500 exceeded"},"_links":{"self":[{"href":"https:\/\/www.europesays.com\/de\/wp-json\/wp\/v2\/posts\/1081762","targetHints":{"allow":["GET"]}}],"collection":[{"href":"https:\/\/www.europesays.com\/de\/wp-json\/wp\/v2\/posts"}],"about":[{"href":"https:\/\/www.europesays.com\/de\/wp-json\/wp\/v2\/types\/post"}],"author":[{"embeddable":true,"href":"https:\/\/www.europesays.com\/de\/wp-json\/wp\/v2\/users\/2"}],"replies":[{"embeddable":true,"href":"https:\/\/www.europesays.com\/de\/wp-json\/wp\/v2\/comments?post=1081762"}],"version-history":[{"count":0,"href":"https:\/\/www.europesays.com\/de\/wp-json\/wp\/v2\/posts\/1081762\/revisions"}],"wp:featuredmedia":[{"embeddable":true,"href":"https:\/\/www.europesays.com\/de\/wp-json\/wp\/v2\/media\/1081763"}],"wp:attachment":[{"href":"https:\/\/www.europesays.com\/de\/wp-json\/wp\/v2\/media?parent=1081762"}],"wp:term":[{"taxonomy":"category","embeddable":true,"href":"https:\/\/www.europesays.com\/de\/wp-json\/wp\/v2\/categories?post=1081762"},{"taxonomy":"post_tag","embeddable":true,"href":"https:\/\/www.europesays.com\/de\/wp-json\/wp\/v2\/tags?post=1081762"}],"curies":[{"name":"wp","href":"https:\/\/api.w.org\/{rel}","templated":true}]}}