{"id":1081864,"date":"2026-06-09T17:10:16","date_gmt":"2026-06-09T17:10:16","guid":{"rendered":"https:\/\/www.europesays.com\/de\/1081864\/"},"modified":"2026-06-09T17:10:16","modified_gmt":"2026-06-09T17:10:16","slug":"alexander-zverev-zverev-soll-interview-nach-fragen-zu-gewaltvorwuerfen-abgebrochen-haben","status":"publish","type":"post","link":"https:\/\/www.europesays.com\/de\/1081864\/","title":{"rendered":"Alexander Zverev: Zverev soll Interview nach Fragen zu Gewaltvorw\u00fcrfen abgebrochen haben"},"content":{"rendered":"<p class=\"paragraph article__item\"><a href=\"https:\/\/www.zeit.de\/sport\/2026-06\/alexander-zverev-french-open-finale-paris\" target=\"_blank\" rel=\"nofollow noopener\">French-Open-Gewinner Alexander Zverev<\/a> soll ein Interview mit der franz\u00f6sischen Sportzeitung <a href=\"https:\/\/www.lequipe.fr\/Tennis\/Article\/Alexander-zverev-une-interview-tendue-apres-son-sacre-a-roland-garros-je-pense-qu-on-devrait-arreter-c-est-mieux\/1683111\" target=\"_blank\" rel=\"nofollow noopener\">L&#8217;\u00c9quipe<\/a>abgebrochen haben, nachdem dort <a href=\"https:\/\/www.zeit.de\/sport\/2024-06\/alexander-zverev-haeusliche-gewalt-gerichtsverfahren-french-open-tennis\" target=\"_blank\" rel=\"nofollow noopener\">Gewaltvorw\u00fcrfe gegen ihn<\/a> zur Sprache gekommen waren. Der Zeitung zufolge unterbrach Zverev den Fragesteller, nachdem dieser darauf verwiesen hatte, dass unter den bei den <a class=\"rtr-entity\" href=\"https:\/\/www.zeit.de\/thema\/french-open\" rel=\"nofollow noopener\" target=\"_blank\">French Open<\/a> akkreditierten Journalisten \u00fcber diese Vorw\u00fcrfe diskutiert worden sei.\n<\/p>\n<p class=\"paragraph article__item\"><a href=\"https:\/\/www.zeit.de\/sport\/2026-06\/alexander-zverev-french-open-karriere\" target=\"_blank\" rel=\"nofollow noopener\">Zverev<\/a> sagte demnach: \u00bbStopp mal, das ist nicht diese Art von Interview. Au\u00dferdem: Sie wissen doch, dass diese Anschuldigungen falsch waren?\u00ab Der Fragesteller verwies laut L&#8217;\u00c9quipe anschlie\u00dfend darauf, dass er nicht direkt \u00fcber die Vorw\u00fcrfe sprechen wolle \u2013 und leitete dann zur eigentlichen Frage \u00fcber: \u00bbHalten Sie es f\u00fcr unfair, dass die Medien weiter \u00fcber die Vorw\u00fcrfe berichten?\u00ab\n<\/p>\n<p class=\"paragraph article__item\">An dieser Stelle soll Zverevs Agent interveniert haben. Dass L&#8217;\u00c9quipe erstmals seit Jahren nicht ihre ganze Titelseite dem French-Open-Sieger widmete, soll Zverev dann mit den Worten \u00bbDas ist nicht meine Entscheidung\u00ab kommentiert haben. Auf eine Anschlussfrage zu seinem Programm in den n\u00e4chsten Wochen wollte er laut der Zeitung\u00a0dann nicht mehr antworten. Das Management des Tennisprofis reagierte auf eine Anfrage der Nachrichtenagentur dpa zun\u00e4chst nicht.\n<\/p>\n<p>            Ein Prozess wurde eingestellt, zu einem anderen kam es nie            <\/p>\n<p class=\"paragraph article__item\">Eine fr\u00fchere Partnerin hatte Zverev im Jahr 2023 <a href=\"https:\/\/www.zeit.de\/sport\/2023-11\/alexander-zverev-haeusliche-gewalt-vorwuerfe\" target=\"_blank\" rel=\"nofollow noopener\">K\u00f6rperverletzung vorgeworfen<\/a>. Ein Prozess in Berlin wurde im Juli 2024 gegen eine Geldauflage von 200.000 Euro <a href=\"https:\/\/www.zeit.de\/sport\/2024-06\/alexander-zverev-gericht-prozess-ende-geldstrafe\" target=\"_blank\" rel=\"nofollow noopener\">ohne Urteil eingestellt<\/a>. Dem war eine au\u00dfergerichtliche Einigung der beiden Seiten vorausgegangen. Mit der Zustimmung zur Zahlung einer Geldauflage ist kein Schuldeingest\u00e4ndnis verbunden. Zverev gilt weiterhin als unschuldig.\n<\/p>\n<p class=\"paragraph article__item\">Eine weitere ehemalige Freundin hatte ihm 2020\u00a0<a href=\"https:\/\/www.zeit.de\/sport\/2021-10\/alexander-zverev-ex-freundin-haeusliche-gewalt-vorwuerfe-ermittlungen-tennisspieler\" target=\"_blank\" rel=\"nofollow noopener\">h\u00e4usliche Gewalt vorgeworfen<\/a>. Zverev wies die Vorw\u00fcrfe zur\u00fcck. Zu einem Gerichtsverfahren kam es in diesem Fall nicht.\n<\/p>\n<p class=\"paragraph article__item\">Der Hamburger Tennisprofi hatte am Sonntag das Finale der French Open gegen den Italiener Flavio Cobolli gewonnen und damit <a href=\"https:\/\/www.zeit.de\/sport\/2026-06\/alexander-zverev-gewinnt-french-open-finale-gegen-flavio-cobolli\" target=\"_blank\" rel=\"nofollow noopener\">den ersten Grand-Slam-Titel seiner Karriere geholt<\/a>.\n<\/p>\n<p>Mehr zum Thema<\/p>\n<p>            H\u00e4usliche Gewalt        <\/p>\n<p>                <a href=\"https:\/\/www.zeit.de\/wissen\/2025-04\/haeusliche-gewalt-soziales-umfeld-einfluss-gesellschaft\" data-ct-label=\"H\u00e4usliche Gewalt: Wo Gewalt entsteht \u2013 und warum\" data-uuid=\"c47c34bf-a929-438f-8021-553bbcf6fc8a\" rel=\"nofollow noopener\" target=\"_blank\"><\/p>\n<p>        Z+ (abopflichtiger Inhalt);<\/p>\n<p>    H\u00e4usliche Gewalt:<br \/>\n                        Wo Gewalt entsteht \u2013 und warum<\/p>\n<p>                <\/a><\/p>\n<p>                <a href=\"https:\/\/www.zeit.de\/2026\/02\/haeusliche-gewalt-spurensicherung-forensic-nurse-graubuenden-strafanzeige\" data-ct-label=\"H\u00e4usliche Gewalt: Sie merkt, wenn er schl\u00e4gt\" data-uuid=\"59acc934-9403-46ab-aa85-b140cd8494df\" rel=\"nofollow noopener\" target=\"_blank\"><\/p>\n<p>        Z+ (abopflichtiger Inhalt);<\/p>\n<p>    H\u00e4usliche Gewalt:<br \/>\n                        Sie merkt, wenn er schl\u00e4gt<\/p>\n<p>                <\/a><\/p>\n<p>                <a href=\"https:\/\/www.zeit.de\/gesundheit\/2026-03\/haeusliche-gewalt-opfer-psychologie-emotion-identitaet-verarbeitung\" data-ct-label=\"H\u00e4usliche Gewalt: Wie man sich selbst zur\u00fcckerobert\" data-uuid=\"e4fd0fd2-edca-421a-8832-5818ab26d7dc\" rel=\"nofollow noopener\" target=\"_blank\"><\/p>\n<p>        Z+ (abopflichtiger Inhalt);<\/p>\n<p>    H\u00e4usliche Gewalt:<br \/>\n                        Wie man sich selbst zur\u00fcckerobert<\/p>\n<p>                <\/a><\/p>\n","protected":false},"excerpt":{"rendered":"French-Open-Gewinner Alexander Zverev soll ein Interview mit der franz\u00f6sischen Sportzeitung L&#8217;\u00c9quipeabgebrochen haben, nachdem dort Gewaltvorw\u00fcrfe gegen ihn zur&hellip;\n","protected":false},"author":2,"featured_media":1081865,"comment_status":"","ping_status":"","sticky":false,"template":"","format":"standard","meta":{"footnotes":"","_share_on_mastodon":"0"},"categories":[136],"tags":[10329,29,20798,30,6452,682,265,4206],"class_list":["post-1081864","post","type-post","status-publish","format-standard","has-post-thumbnail","category-sport","tag-alexander-zverev","tag-deutschland","tag-french-open","tag-germany","tag-haeusliche-gewalt","tag-koerperverletzung","tag-sport","tag-tennis"],"share_on_mastodon":{"url":"https:\/\/pubeurope.com\/@de\/116721262836575761","error":""},"_links":{"self":[{"href":"https:\/\/www.europesays.com\/de\/wp-json\/wp\/v2\/posts\/1081864","targetHints":{"allow":["GET"]}}],"collection":[{"href":"https:\/\/www.europesays.com\/de\/wp-json\/wp\/v2\/posts"}],"about":[{"href":"https:\/\/www.europesays.com\/de\/wp-json\/wp\/v2\/types\/post"}],"author":[{"embeddable":true,"href":"https:\/\/www.europesays.com\/de\/wp-json\/wp\/v2\/users\/2"}],"replies":[{"embeddable":true,"href":"https:\/\/www.europesays.com\/de\/wp-json\/wp\/v2\/comments?post=1081864"}],"version-history":[{"count":0,"href":"https:\/\/www.europesays.com\/de\/wp-json\/wp\/v2\/posts\/1081864\/revisions"}],"wp:featuredmedia":[{"embeddable":true,"href":"https:\/\/www.europesays.com\/de\/wp-json\/wp\/v2\/media\/1081865"}],"wp:attachment":[{"href":"https:\/\/www.europesays.com\/de\/wp-json\/wp\/v2\/media?parent=1081864"}],"wp:term":[{"taxonomy":"category","embeddable":true,"href":"https:\/\/www.europesays.com\/de\/wp-json\/wp\/v2\/categories?post=1081864"},{"taxonomy":"post_tag","embeddable":true,"href":"https:\/\/www.europesays.com\/de\/wp-json\/wp\/v2\/tags?post=1081864"}],"curies":[{"name":"wp","href":"https:\/\/api.w.org\/{rel}","templated":true}]}}