{"id":1082055,"date":"2026-06-09T18:56:53","date_gmt":"2026-06-09T18:56:53","guid":{"rendered":"https:\/\/www.europesays.com\/de\/1082055\/"},"modified":"2026-06-09T18:56:53","modified_gmt":"2026-06-09T18:56:53","slug":"wuelfrath-workshop-zur-selbstverteidigung-fuer-frauen-bei-awo","status":"publish","type":"post","link":"https:\/\/www.europesays.com\/de\/1082055\/","title":{"rendered":"W\u00fclfrath: Workshop zur Selbstverteidigung f\u00fcr Frauen bei Awo"},"content":{"rendered":"<p class=\"text_ohne_einzug richtext text-em-55 !leading-serif mx-6 desktop:mx-0\"> Das eigene Sicherheitsgef\u00fchl st\u00e4rken und Handlungsm\u00f6glichkeiten im Umgang mit \u00dcbergriffen und Gewalt aufzeigen: Das ist das Ziel des Workshops \u201eSelbstbehauptung und Selbstverteidigung\u201c f\u00fcr Frauen ab 18 Jahren. Die Fachberatungsstelle gegen sexualisierte Gewalt sowie die Interventionsstelle gegen h\u00e4usliche Gewalt des SKFM <a href=\"https:\/\/rp-online.de\/thema\/mettmann\/\" rel=\"nofollow noopener\" target=\"_blank\">Mettmann<\/a> e.V. bieten in Kooperation mit dem Awo-Treff <a href=\"https:\/\/rp-online.de\/thema\/wuelfrath\/\" rel=\"nofollow noopener\" target=\"_blank\">W\u00fclfrath<\/a> diesen Workshop an. \u201eSKFM\u201c ist die Abk\u00fcrzung f\u00fcr Sozialdienst der Katholischen Frauen und M\u00e4nner\u201c. Der Workshop findet an diesem Donnerstag, 11. Juni, von 16 bis 20 Uhr an der Schulstra\u00dfe 13 statt und richtet sich an Frauen jeden Alters \u2013 ausdr\u00fccklich auch an \u00e4ltere Teilnehmerinnen.<\/p>\n<p class=\"richtext text-em-55 !leading-serif mx-6 desktop:mx-0\">\u201eZiel der Veranstaltung ist es, die pers\u00f6nliche Sicherheit und innere St\u00e4rke zu f\u00f6rdern. Die Teilnehmerinnen lernen, Unsicherheiten abzubauen, selbstbewusst aufzutreten und ihre eigenen Gef\u00fchle besser wahrzunehmen und zu vertrauen. Ein weiterer Schwerpunkt liegt auf dem fr\u00fchzeitigen Erkennen von Gefahrensituationen sowie dem Setzen klarer pers\u00f6nlicher Grenzen. Erg\u00e4nzend werden einfache und leicht erlernbare Selbstverteidigungstechniken vermittelt, die im Alltag unterst\u00fctzen k\u00f6nnen, sich in kritischen Situationen besser zu behaupten\u201c, hei\u00dft es in der Ank\u00fcndigung.<\/p>\n<p class=\"richtext text-em-55 !leading-serif mx-6 desktop:mx-0\">Die Teilnahme kostet 15 Euro pro Person. Anmeldung bei der Awo unter Telefon 02058 775509 oder per E-Mail an <a href=\"https:\/\/rp-online.de\/nrw\/staedte\/wuelfrath\/mailto:info@awo-wuelfrath.de\" rel=\"nofollow noopener\" target=\"_blank\">info@awo-wuelfrath.de<\/a>. Teilnehmerinnen sollen bequeme Sportsachen mitbringen.<\/p>\n","protected":false},"excerpt":{"rendered":"Das eigene Sicherheitsgef\u00fchl st\u00e4rken und Handlungsm\u00f6glichkeiten im Umgang mit \u00dcbergriffen und Gewalt aufzeigen: Das ist das Ziel des&hellip;\n","protected":false},"author":2,"featured_media":1082056,"comment_status":"","ping_status":"","sticky":false,"template":"","format":"standard","meta":{"footnotes":"","_share_on_mastodon":"0"},"categories":[1840],"tags":[183783,15947,3364,29,30,1000,15946,1209,17890,27167,4418,15807],"class_list":["post-1082055","post","type-post","status-publish","format-standard","has-post-thumbnail","category-wuppertal","tag-40awo","tag-awo","tag-de","tag-deutschland","tag-germany","tag-gewalt","tag-mettmann","tag-nordrhein-westfalen","tag-teilnehmerinnen","tag-wuelfrath","tag-wuppertal","tag-ziel"],"share_on_mastodon":{"url":"https:\/\/pubeurope.com\/@de\/116721683562780381","error":""},"_links":{"self":[{"href":"https:\/\/www.europesays.com\/de\/wp-json\/wp\/v2\/posts\/1082055","targetHints":{"allow":["GET"]}}],"collection":[{"href":"https:\/\/www.europesays.com\/de\/wp-json\/wp\/v2\/posts"}],"about":[{"href":"https:\/\/www.europesays.com\/de\/wp-json\/wp\/v2\/types\/post"}],"author":[{"embeddable":true,"href":"https:\/\/www.europesays.com\/de\/wp-json\/wp\/v2\/users\/2"}],"replies":[{"embeddable":true,"href":"https:\/\/www.europesays.com\/de\/wp-json\/wp\/v2\/comments?post=1082055"}],"version-history":[{"count":0,"href":"https:\/\/www.europesays.com\/de\/wp-json\/wp\/v2\/posts\/1082055\/revisions"}],"wp:featuredmedia":[{"embeddable":true,"href":"https:\/\/www.europesays.com\/de\/wp-json\/wp\/v2\/media\/1082056"}],"wp:attachment":[{"href":"https:\/\/www.europesays.com\/de\/wp-json\/wp\/v2\/media?parent=1082055"}],"wp:term":[{"taxonomy":"category","embeddable":true,"href":"https:\/\/www.europesays.com\/de\/wp-json\/wp\/v2\/categories?post=1082055"},{"taxonomy":"post_tag","embeddable":true,"href":"https:\/\/www.europesays.com\/de\/wp-json\/wp\/v2\/tags?post=1082055"}],"curies":[{"name":"wp","href":"https:\/\/api.w.org\/{rel}","templated":true}]}}