{"id":1082131,"date":"2026-06-09T19:40:28","date_gmt":"2026-06-09T19:40:28","guid":{"rendered":"https:\/\/www.europesays.com\/de\/1082131\/"},"modified":"2026-06-09T19:40:28","modified_gmt":"2026-06-09T19:40:28","slug":"so-cool-sind-choere-gaensehaut-geschichten-von-viral-bis-politisch","status":"publish","type":"post","link":"https:\/\/www.europesays.com\/de\/1082131\/","title":{"rendered":"So cool sind Ch\u00f6re: G\u00e4nsehaut-Geschichten von viral bis politisch"},"content":{"rendered":"<p>        <img decoding=\"async\" src=\"https:\/\/www.europesays.com\/de\/wp-content\/uploads\/2026\/06\/choere-102.webp\" alt=\"Singende Seniorinnen und Senioren des Chores Heaven can Wait in roter Kleidung\" title=\"Singende Seniorinnen und Senioren des Chores Heaven can Wait in roter Kleidung | NDR\" class=\"responsive\"\/><\/p>\n<p>\n                Stand: 09.06.2026 18:50 Uhr<\/p>\n<p class=\"preface\">Singen bringt Menschen zusammen: ob als viral gehender M\u00e4dchenchor Hamburg, als rappender Seniorenchor, als experimenteller Gesang oder als riesiges Liederfest in Litauen. Das Singen im Chor ist weit mehr als ein Hobby.<\/p>\n<p class=\"\">Der <a href=\"https:\/\/www.ndr.de\/fernsehen\/sendungen\/hamburg_journal\/Festliches-Programm-Weihnachtskonzert-in-der-Laeiszhalle,hamj154520.html\" title=\"Festliches Programm: Weihnachtskonzert in der Laeiszhalle\" rel=\"nofollow noopener\" target=\"_blank\">M\u00e4dchenchor Hamburg<\/a> ist mit der Performance von &#8222;Fire&#8220; in der Elbphilharmonie letztes Jahr viral gegangen: Der Beitrag hatte auf Instagram mehr als 18 Millionen Klicks f\u00fcr Frauenpower und Female Rage.<\/p>\n<p class=\"\">&#8222;Diesen Wahnsinn h\u00e4tte ich mir nat\u00fcrlich nie ertr\u00e4umt. Ich habe zum ersten Mal verstanden, was das \u00fcberhaupt hei\u00dft: viral zu gehen&#8220;, erkl\u00e4rte die Chorleiterin Gesa Werhahn. Dabei habe &#8222;Fire&#8220; mit Frauenpower eigentlich nichts zu tun. &#8222;Das St\u00fcck dr\u00fcckt die Angst und die Urgewalt und die Kraft von Feuer aus&#8220;, sagt die Chorleiterin.<\/p>\n<p>\n            <strong>Video:<\/strong><br \/>\n            Mitten ins Herz: Der M\u00e4dchenchor Hamburg (5 Min)\n        <\/p>\n<p>    M\u00e4dchenchor Hamburg: Wut der Woche rausschreien<\/p>\n<p class=\"\">&#8222;Das ist schon ein St\u00fcck, wo man einfach alles rauslassen kann und jeder sein eigenes Thema besingt&#8220;, betont Clara Emami vom M\u00e4dchenchor. Auch f\u00fcr Helen Streng ist das Singen manchmal ein Ventil. &#8222;Vielleicht mal die Wut der Woche einfach mal rausschreien. Das hat nat\u00fcrlich total viel Energie.&#8220;<\/p>\n<p class=\"\">Ob entfesselte Kraft oder ganz zart, ob in Konzerthallen oder in Kirchen: Dieser Chor ist einfach mitrei\u00dfend. Gut 60 S\u00e4ngerinnen proben in der Jugendmusikschule in Hamburg. Vor \u00fcber 20 Jahren von Gesa Werhahn gegr\u00fcndet, ist <a href=\"https:\/\/www.ndr.de\/kultur\/musik\/Reportage-Chorwettbewerb-erster-Tag,audio1395632.html\" title=\"Deutscher Chorwettbewerb 2023 : Singen mit den Besten\" rel=\"nofollow noopener\" target=\"_blank\">dieser Chor<\/a> inzwischen eine der ersten Adressen der Stadt mit einem breiten Repertoire aus klassischer Musik und zeitgen\u00f6ssischer Musik, Popsongs, Volksliedern und Kirchlichem.<\/p>\n<p>        <img decoding=\"async\" src=\"https:\/\/www.europesays.com\/de\/wp-content\/uploads\/2026\/06\/screenshot-91570.webp\" alt=\"Eine Frau im schwarzen Hosenanzug (Gesa Werhahn) dirigiert den M\u00e4dchenchor Hamburg in der Elbphilharmonie Hamburg\" title=\"Eine Frau im schwarzen Hosenanzug (Gesa Werhahn) dirigiert den M\u00e4dchenchor Hamburg in der Elbphilharmonie Hamburg | NDR.de\" class=\"responsive\" loading=\"lazy\"\/><\/p>\n<p>Gesa Werhahns Chor der Jugendmusikschule traut sich an experimentelle St\u00fccke. Der Auftritt in der Elbphilharmonie mit dem St\u00fcck &#8222;Fire&#8220; erzielte 17 Millionen Aufrufe auf Instagram.<\/p>\n<p>    &#8222;Heaven can Wait&#8220;: Mitsingen im L\u00fcbecker Chor ab 70 erlaubt<\/p>\n<p class=\"\">Beim &#8222;Heaven Can Wait Chor&#8220; ist das Motto: rappen und rocken statt Ruhestand. Erst ab 70 Jahren darf man mitmachen. Der Senioren-Chor aus L\u00fcbeck singt keine Volkslieder, sondern die Charts rauf und runter &#8211; und geht dabei ziemlich ab. Wenn die alten S\u00e4ngerinnen und S\u00e4nger &#8222;Rage Against The Maschine&#8220; performen, f\u00fchlt man: Hier wird das Leben gefeiert!<\/p>\n<p>    Lebensbejahendes Repertoire<\/p>\n<p class=\"\">Gegr\u00fcndet hat den <a href=\"https:\/\/www.ndr.de\/kultur\/musik\/pop\/luebecker-heaven-can-wait-chor-indie-songs-statt-volkslieder,heavencanwait-100.html\" title=\"L\u00fcbecker &quot;Heaven Can Wait&quot;-Chor: Indie-Songs statt Volkslieder\" rel=\"nofollow noopener\" target=\"_blank\">Seniorenchor Jan-Christof Scheibe<\/a>. Er nimmt Songs von Lea, Marteria oder Zartmann ins Chorrepertoire auf. Beim Aussuchen der St\u00fccke schaue er auf ein junges Lebensgef\u00fchl. &#8222;Ich suche auch nach lebensbejahenden Liedern, weil man mit \u00e4lteren Leuten auch oft so eine Griesgr\u00e4migkeit assoziiert, die gar nicht da ist. Am Anfang werden diese Lieder ja meistens ganz schlimm gefunden. Oh Gott, das ist ja alles ganz l\u00e4rmig, das ist ja nur Rap und so. Und dann irgendwann entwickelt sich so eine Liebe zu den Liedern und auch eine Identifikation damit.&#8220;<\/p>\n<p>    Rock gegen Polizeigewalt und Rassismus<\/p>\n<p class=\"\">&#8222;Wenn die \u00e4lteren Leute m\u00f6chten, dass die Jugend mal ein Rilke-Gedicht auswendig lernt, dann sollte auch die \u00e4ltere Generation mal einen Rap drauf haben, dann ist auch der Dialog mit den jungen Leuten viel einfacher&#8220;, so Scheibe. Sogar an politischen Rock gegen Polizeigewalt und Rassismus trauen sie sich ran mit &#8222;Killing in the Name&#8220; von Rage Against The Machine.<\/p>\n<p class=\"\">Die Chors\u00e4ngerin Karin von Matzenau ist begeistert, nicht nur von den klugen Texten, wie sie sagt. &#8222;Es ist f\u00fcr uns alle ein gro\u00dfes Geschenk, denn in unserem Alter so was zu machen, sichtbar zu sein. Und wir sind auf einmal sichtbar.&#8220; Und zwar mit viel Lebensmut, Energie und Freude &#8211; das ist einfach nur inspirierend.<\/p>\n<p>    Eric Whitacre: Singen als transzendentes Erlebnis<\/p>\n<p class=\"\">Eric Whitacre ist ein Star in der Welt der Ch\u00f6re, als Dirigent und als Komponist. Der Amerikaner lebt in Antwerpen. &#8222;Wenn eine Gruppe von Menschen gleichzeitig atmet, sich gemeinsam bewegt, dann ist das auch f\u00fcr Zuh\u00f6rende ein transzendentes Erlebnis.<\/p>\n<p class=\"\">Das spricht den tiefsten Kern eines Menschen an. Da wird man Teil von etwas, das gr\u00f6\u00dfer ist als man selbst&#8220;, sagt der Komponist.<\/p>\n<p>    Die M\u00e4chtigen der Welt in Chor singen lassen<\/p>\n<p class=\"\">Im Chor bleibe man bleibt zwar ein Individuum, lausche aber zugleich den Menschen um sich herum und verschmelze in jedem Augenblick mit ihnen, sagt er.<\/p>\n<p class=\"\">&#8222;Das ver\u00e4ndert einen Menschen. Ginge es nach mir, w\u00fcrde ich alle M\u00e4chtigen der Welt jeden Morgen 30 Minuten lang in einem Chor singen lassen. Die Welt w\u00e4re dann ein anderer Ort.&#8220;<\/p>\n<p>    Ein Bach-Choral in Zeitlupe<\/p>\n<p class=\"\">Whitacre komponiert Klangwelten zwischen Pop und klassischem Choral und die werden an den renommiertesten H\u00e4usern aufgef\u00fchrt. Er schafft schwebende, leuchtende Atmosph\u00e4ren und Momente der Stille. Er l\u00e4sst sich immer wieder auf neue Formate und Klang-Experimente ein. In Barcelona dirigiert er einen Chor, der in Zeitlupe ein St\u00fcck von Bach singt.<\/p>\n<p class=\"\">&#8222;Man nimmt den Bach-Choral &#8218;Komm, s\u00fc\u00dfer Tod&#8216; &#8211; singt ihn auf Englisch einmal so, wie Bach es vorgesehen hatte. Dann beginnt man das St\u00fcck erneut &#8211; und diesmal f\u00fchrt jeder eine Handbewegung aus, alle setzen gleichzeitig ein, singen jedoch unterschiedlich langsam. Der Effekt ist irre: als ob man mit der Hand \u00fcber ein noch feuchtes \u00d6lgem\u00e4lde wischt und die Farbe verschmiert.&#8220;<\/p>\n<p>        <img decoding=\"async\" src=\"https:\/\/www.europesays.com\/de\/wp-content\/uploads\/2026\/06\/jordisavall-104.webp\" alt=\"Der Musikwissenschaftler und Gambist Jordi Savall bei einem Konzert\" title=\"Der Musikwissenschaftler und Gambist Jordi Savall bei einem Konzert | David Ignaszewski\" class=\"responsive\" loading=\"lazy\"\/><\/p>\n<p>Der 84 Jahre alte katalanische Gambist und Musikwissenschaftler hat am 23. Mai den Ernst von Siemens Musikpreis erhalten.<\/p>\n<p>    Politisches Liederfest am 6. Juli in Vilnius mit mehr als 20.000 Kindern<\/p>\n<p class=\"\">Singen im Chor kann sehr politisch sein: in Litauen sind die gro\u00dfen Liederfeste eine Selbstbehauptung der eigenen Kultur.<\/p>\n<p class=\"\">Wenn am 6. Juli in Vilnius 23.500 Kinder und Jugendliche in einem riesigen Chor singen, soll das auch ein Statement sein gegen die latente Bedrohung durch Russland. Zur &#8222;Dain\u0173 \u0161vent\u0117&#8220; versammeln sich zehntausende Menschen. Sie bilden einen riesigen Chor und feiern \u00fcber mehrere Tage die Kultur und Traditionen ihres Landes. Schon lange engagiert sich die Musikmanagerin Ieva Krivickait\u0117 f\u00fcr das Gro\u00dfereignis.<\/p>\n<p class=\"\">&#8222;Ich bin damit aufgewachsen. Seit ich klein bin, singe ich im Chor der 10.000 Stimmen. Eine Erfahrung, die mich definitiv gepr\u00e4gt hat. Sie hat meine Werte beeinflusst und mir gezeigt, was alles m\u00f6glich ist. Singend neben so vielen anderen auf dieser B\u00fchne zu stehen, ist einfach ein magisches Erlebnis&#8220;, so Krivickait\u0117.<\/p>\n<p>    Singen in handgen\u00e4hten Trachten<\/p>\n<p class=\"\">Singen hat in Litauen, wie im gesamten Baltikum, eine besondere Bedeutung. Ist immer auch politisch. Von der Hauptstadt Vilnius aus koordiniert Ieva Krivickait\u0117 mit ihrem Team das Gesangsfestival, verbindet Ch\u00f6re aus dem ganzen Land miteinander.<\/p>\n<p>                    <a href=\"https:\/\/www.europesays.com\/de\/wp-content\/uploads\/2026\/06\/choere-106.webp\" class=\"zoomimage\" title=\"Bild vergr\u00f6\u00dfern\"><\/p>\n<p>        <img decoding=\"async\" src=\"https:\/\/www.europesays.com\/de\/wp-content\/uploads\/2026\/06\/choere-106.webp\" alt=\"Fr\u00f6hlich singende Menschen in Trachten in der Nacht auf einem gro\u00dfen Fest \" title=\"Beim Liederfest in Litauen feiern die Menschen die Tradition und Kultur des Landes.  | NDR\" class=\"responsive\" loading=\"lazy\"\/><\/p>\n<p>                    <\/a><\/p>\n<p>                    Beim Liederfest in Litauen feiern die Menschen die Tradition und Kultur des Landes. <\/p>\n<p class=\"\">Das Liederfest ist immaterielles Unesco-Weltkulturerbe. Gegr\u00fcndet in Kaunas im Jahr 1924 feierte das Festival gerade seinen 100-j\u00e4hrigen Geburtstag. Damals sollte es die Menschen wieder mit ihren kulturellen Wurzeln verbinden. Dazu geh\u00f6ren auch traditionelle T\u00e4nze in handgen\u00e4hten Trachten.<\/p>\n<p class=\"\">&#8222;Das ist nicht einfach nur ein St\u00fcck Kleidung. Es ist ein Schatz, der von Generation zu Generation weitergegeben wird. Man tr\u00e4gt die Tracht auf der B\u00fchne, zu traditioneller litauischer Musik, oder zu besonderen Anl\u00e4ssen&#8220;, erkl\u00e4rt die Musikmanagerin. Im Chor singen, um die Stimme zu erheben, f\u00fcr die eigene Kultur und f\u00fcr die Freiheit.<\/p>\n<p class=\"\">Mit Informationen von Natascha Geier, Stefan Mischer und Julia Rau. Mehr zu diesem Thema erfahren Sie in der <a href=\"https:\/\/www.arte.tv\/de\/videos\/128832-005-A\/twist\/\" title=\"Twist: Coole Ch\u00f6re\" rel=\"nofollow noopener\" target=\"_blank\">arte Mediathek in der Sendung &#8222;Coole Ch\u00f6re&#8220; der Reihe Twist<\/a>.<\/p>\n<p>        <img decoding=\"async\" src=\"https:\/\/www.europesays.com\/de\/wp-content\/uploads\/2026\/06\/tallinn-108.webp\" alt=\"Blick auf Tallinn, die Hauptstadt von Estland\" title=\"Blick auf Tallinn, die Hauptstadt von Estland | picture alliance \/ Zoonar | Rico K\u00f6dder\" class=\"responsive\" loading=\"lazy\"\/><\/p>\n<p>1909 wurde das Werk in Leipzig auf Deutsch uraufgef\u00fchrt. Nun hat es der Dirigent T\u00f5nu Kaljuste zum ersten Mal auf Estnisch eingespielt.<\/p>\n<p>        <img decoding=\"async\" src=\"https:\/\/www.europesays.com\/de\/wp-content\/uploads\/2026\/06\/heavencanwait-102.webp\" alt=\"Die Mitglieder des Seniorenchors &quot;Heaven Can Wait&quot; winken gut gelaunt in die Kamera. \" title=\"Die Mitglieder des Seniorenchors &quot;Heaven Can Wait&quot; winken gut gelaunt in die Kamera.  | Britta Gothmann\" class=\"responsive\" loading=\"lazy\"\/><\/p>\n<p>Eine 30-J\u00e4hrige probt mit S\u00e4ngerinnen und S\u00e4ngern der Generation 60 plus moderne Hits &#8211; und erlebt dabei \u00fcberraschende Momente.<\/p>\n<p>        <img decoding=\"async\" src=\"https:\/\/www.europesays.com\/de\/wp-content\/uploads\/2026\/05\/screenshot-161862.webp\" alt=\"Die Mitglieder des Hardchor Ellerbek bei der Probe\" title=\"Die Mitglieder des Hardchor bei der Probe zur Oper &quot;Up Ewig Ungedeelt&quot; | Screenshot\" class=\"responsive\" loading=\"lazy\"\/><\/p>\n<p>Der &#8222;HardChor&#8220; Ellerbek bringt mit einer eigens geschriebenen Oper lokale Fluchtgeschichte auf die B\u00fchne.<\/p>\n<p>        <img decoding=\"async\" src=\"https:\/\/www.europesays.com\/de\/wp-content\/uploads\/2026\/06\/podcastbild778.webp\" alt=\"Nahaufnahme von Notenbl\u00e4ttern mit lila und roter Beleuchtung. Darauf liegt der Schriftzug &quot;CHOR MUSIK&quot; in gro\u00dfen wei\u00dfen und rosa Buchstaben.\" title=\"Nahaufnahme von Notenbl\u00e4ttern mit lila und roter Beleuchtung. Darauf liegt der Schriftzug &quot;CHOR MUSIK&quot; in gro\u00dfen wei\u00dfen und rosa Buchstaben. | NDR | istock\/getty images\" class=\"responsive\" loading=\"lazy\"\/><\/p>\n<p>Tallis Scholars bis Maybebop &#8211; Chormusik aus sechs Jahrhunderten von der Renaissance bis zur Gegenwart.<\/p>\n<p>        <img decoding=\"async\" src=\"https:\/\/www.europesays.com\/de\/wp-content\/uploads\/2026\/06\/ndrchor252.webp\" alt=\"Ensemblefoto: das NDR Vokalensemble auf der Plaza der Elbphilharmonie Hamburg\" title=\"Ensemblefoto: das NDR Vokalensemble auf der Plaza der Elbphilharmonie Hamburg | NDR, Peter Hundert\" class=\"responsive\" loading=\"lazy\"\/><\/p>\n<p>Vier Konzerte des NDR Vokalensembles in Hamburg im vorteilhaften Abonnement.<\/p>\n<p>        <img decoding=\"async\" src=\"https:\/\/www.europesays.com\/de\/wp-content\/uploads\/2026\/06\/screenshot-169942.webp\" alt=\"Menschen musizieren in einem Garten.\" title=\"Menschen musizieren in einem Garten. | Screenshot\" class=\"responsive\" loading=\"lazy\"\/><\/p>\n<p>Im Herbst 2025 waren die Niedersachsen nach Gr\u00f6nland gereist &#8211; nun kam es zum Gegenbesuch. Eine wichtige Rolle spielt dabei Familie Junge.<\/p>\n","protected":false},"excerpt":{"rendered":"Stand: 09.06.2026 18:50 Uhr Singen bringt Menschen zusammen: ob als viral gehender M\u00e4dchenchor Hamburg, als rappender Seniorenchor, als&hellip;\n","protected":false},"author":2,"featured_media":1082132,"comment_status":"","ping_status":"","sticky":false,"template":"","format":"standard","meta":{"footnotes":"","_share_on_mastodon":"0"},"categories":[1826],"tags":[34837,229831,29,229834,38048,30,692,229832,229835,812,2858,229833,810],"class_list":["post-1082131","post","type-post","status-publish","format-standard","has-post-thumbnail","category-hamburg","tag-chormusik","tag-coole-choere","tag-deutschland","tag-eric-whitacre","tag-fire","tag-germany","tag-hamburg","tag-heaven-can-wait","tag-liederfest","tag-litauen","tag-luebeck","tag-maedchenchor-hamburg","tag-musik"],"share_on_mastodon":{"url":"https:\/\/pubeurope.com\/@de\/116721853443127214","error":""},"_links":{"self":[{"href":"https:\/\/www.europesays.com\/de\/wp-json\/wp\/v2\/posts\/1082131","targetHints":{"allow":["GET"]}}],"collection":[{"href":"https:\/\/www.europesays.com\/de\/wp-json\/wp\/v2\/posts"}],"about":[{"href":"https:\/\/www.europesays.com\/de\/wp-json\/wp\/v2\/types\/post"}],"author":[{"embeddable":true,"href":"https:\/\/www.europesays.com\/de\/wp-json\/wp\/v2\/users\/2"}],"replies":[{"embeddable":true,"href":"https:\/\/www.europesays.com\/de\/wp-json\/wp\/v2\/comments?post=1082131"}],"version-history":[{"count":0,"href":"https:\/\/www.europesays.com\/de\/wp-json\/wp\/v2\/posts\/1082131\/revisions"}],"wp:featuredmedia":[{"embeddable":true,"href":"https:\/\/www.europesays.com\/de\/wp-json\/wp\/v2\/media\/1082132"}],"wp:attachment":[{"href":"https:\/\/www.europesays.com\/de\/wp-json\/wp\/v2\/media?parent=1082131"}],"wp:term":[{"taxonomy":"category","embeddable":true,"href":"https:\/\/www.europesays.com\/de\/wp-json\/wp\/v2\/categories?post=1082131"},{"taxonomy":"post_tag","embeddable":true,"href":"https:\/\/www.europesays.com\/de\/wp-json\/wp\/v2\/tags?post=1082131"}],"curies":[{"name":"wp","href":"https:\/\/api.w.org\/{rel}","templated":true}]}}