{"id":1082300,"date":"2026-06-09T21:18:20","date_gmt":"2026-06-09T21:18:20","guid":{"rendered":"https:\/\/www.europesays.com\/de\/1082300\/"},"modified":"2026-06-09T21:18:20","modified_gmt":"2026-06-09T21:18:20","slug":"fc-bayern-boss-hainer-spricht-wm-klartext-kann-nicht-anspruch-des-dfb-sein-sport","status":"publish","type":"post","link":"https:\/\/www.europesays.com\/de\/1082300\/","title":{"rendered":"FC Bayern: Boss Hainer spricht WM-Klartext: \u201eKann nicht Anspruch des DFB sein \u2026\u201c | Sport"},"content":{"rendered":"<p><a class=\"skip-content skip-content--link\" href=\"#in-content-skip-link-target-v-0-0\">TTS-Player \u00fcberspringen\u21b5<\/a><a id=\"in-content-skip-link-target-v-0-0\" class=\"skip-content--target-link-hidden skip-content skip-content--target-link\" href=\"#in-content-skip-link-target-v-0-0\">Artikel weiterlesen<\/a><\/p>\n<p data-21134c99=\"0-3627\">Guteneck (Oberpfalz) \u2013 <b>Deutliche Worte von Herbert Hainer (71)! Kurz vor Beginn der WM vom 11. Juni bis 19. Juli in den USA, Kanada und Mexiko spricht der Pr\u00e4sident des <\/b><a href=\"https:\/\/www.bild.de\/sport\/fussball\/bayern-muenchen\/startseite-fc-bayern-muenchen-31074450.bild.html\" class=\"text-link\" rel=\"nofollow noopener\" target=\"_blank\"><b>FC Bayern<\/b><\/a><b> in BILD Klartext zur DFB-Elf. <\/b><\/p>\n<p>Was sich Hainer vom Nagelsmann-Team w\u00fcnscht<\/p>\n<p data-21134c99=\"0-3627\">Am Rande seines Besuchs bei der Feier des 35-j\u00e4hrigen Jubil\u00e4ums des Fanclubs Nabburg im Schloss Guteneck sagte Hainer, der selbst eine Reise zum Mega-Turnier plant: \u201eZun\u00e4chst mal bin ich Fu\u00dfball-Fan und Fan der deutschen Nationalmannschaft. Deswegen w\u00fcnsche ich mir, dass die deutsche Nationalmannschaft sehr gut spielt und so weit wie m\u00f6glich kommt \u2013 am besten ins Endspiel. Die letzten beiden Male war schon nach der Vorrunde Schluss, das kann nicht der Anspruch des DFB sein.\u201c <\/p>\n<p data-21134c99=\"0-3627\">Eine klare Ansage nach den Blamagen 2022 in Katar und 2018 in Russland \u2013 damals schied Deutschland jeweils schon in der Gruppenphase aus. Vom Team von Bundestrainer Julian Nagelsmann (38\/von 2021 bis 2023 Coach der M\u00fcnchner) erwartet Hainer nun deutlich mehr.<\/p>\n<p><img decoding=\"async\" width=\"992\" height=\"558\" alt=\"Bundestrainer Julian Nagelsmann (38)\" src=\"https:\/\/www.europesays.com\/de\/wp-content\/uploads\/2026\/06\/c1307ce492e6648a93f547f059565175,34bc871f.jpeg\"   class=\"landscape\" loading=\"lazy\"\/><\/p>\n<p class=\"fig__caption__text\">Bundestrainer Julian Nagelsmann (38)<\/p>\n<p>Foto: Getty Images via AFP<\/p>\n<p data-21134c99=\"0-3627\">Nach der Verletzung von Lennart Karl (18\/B\u00fcndelriss im linken Oberschenkel) wird Hainer bei der WM noch sieben Bayern-Stars im DFB-Trikot sehen \u2013 plus Trainingskeeper Jonas Urbig (22). Dazu sagt er: \u201eDie Nationalmannschaft ist immer gut gefahren, wenn sie einen Bayern-Block hatte. Das haben wir 1974 gesehen, 1990 und 2014.\u201c In jenen drei Jahren gewann Deutschland jeweils mit zahlreichen Spielern des Rekordmeisters die Weltmeisterschaft.<\/p>\n<p data-21134c99=\"0-3627\">Hainer betont jedoch: \u201eIch w\u00fcnsche aber auch Harry Kane, Michael Olise, Dayot Upamecano, Konrad Laimer, Alphonso Davies, Luis D\u00edaz und allen anderen Bayern ein tolles Turnier und dass sie verletzungsfrei zur\u00fcckkommen. Der FC Bayern hat 17 Profis bei der WM, Lennart Karl w\u00e4re auch dabei gewesen \u2013 nur Manchester City steht mit 19 Abstellungen vor uns \u2013 das belegt, dass der FC Bayern im Weltfu\u00dfball eine absolute Top-Adresse ist.\u201c<\/p>\n<p>Bayern-Boss lobt Weltfu\u00dfballer-Ansage von Kane!<\/p>\n<p data-21134c99=\"0-3627\">Einen seiner WM-Fahrer pickt sich der Chef des m\u00e4chtigen Bayern-Aufsichtsrats vor der WM nochmal f\u00fcr ein Sonderlob heraus: England-Kapit\u00e4n Harry Kane (32), der in der abgelaufenen Spielzeit wettbewerbs\u00fcbergreifend in 51 Eins\u00e4tzen unglaubliche 61 Saisontore erzielt hat! <\/p>\n<p data-21134c99=\"0-3627\">Hainer: \u201eEin Wort noch zu Harry Kane: Ich finde es stark, wie selbstbewusst er sich zur Weltfu\u00dfballerwahl ge\u00e4u\u00dfert hat. Aufgrund seiner Leistungen und seiner ganzen Pers\u00f6nlichkeit h\u00e4tte er es absolut verdient.\u201c <\/p>\n<p><img decoding=\"async\" width=\"992\" height=\"558\" alt=\"Bayern-Superstar Harry Kane (32) bereitet sich derzeit mit der englischen Nationalelf auf die WM vor\" src=\"https:\/\/www.europesays.com\/de\/wp-content\/uploads\/2026\/06\/6a265ba60e8d4470eb3da4839f2fc686,b98db7b7.jpeg\"   class=\"landscape\" loading=\"lazy\"\/><\/p>\n<p class=\"fig__caption__text\">Bayern-Superstar Harry Kane (32) bereitet sich derzeit mit der englischen Nationalelf auf die WM vor<\/p>\n<p>Foto: Getty Images via AFP<\/p>\n<p data-21134c99=\"0-3627\">Hintergrund: Der \u00fcblicherweise so bescheidene Super-St\u00fcrmer hatte sich in einem Interview mit der franz\u00f6sischen Sportzeitung \u201eL&#8217;\u00c9quipe\u201c selbst als einen der Top-Kandidaten auf den Ballon d&#8217;Or genannt, der am 26. Oktober ausgerechnet in seiner Geburtsstadt London verliehen wird. Hainer findet dieses Selbstbewusstsein angebracht und dr\u00fcckt seinem Toptorj\u00e4ger bei der Wahl die Daumen.<\/p>\n<p data-21134c99=\"0-3627\">Parallel zur WM blickt Hainer nat\u00fcrlich schon auf die n\u00e4chste Saison. Der Bayern-Boss l\u00e4sst durchblicken, dass er nach dem Double-Gewinn 2025\/26 nun das Triple f\u00fcr m\u00f6glich h\u00e4lt. Er sagt: \u201eBeim FC Bayern haben wir immer das Ziel, alle Titel zu holen, die m\u00f6glich sind. Die Champions League zu gewinnen, ist nat\u00fcrlich ganz, ganz schwierig. Wir haben ja in dieser Saison wieder einmal gesehen, wie eng es war \u2013 auch wir h\u00e4tten das Finale verdient gehabt.\u201c (Paris Saint-Germain gewann gegen Arsenal mit 5:4 n. E.; d. Red.)<\/p>\n<p data-21134c99=\"0-3627\">Und weiter: \u201eDas Hinspiel gegen Paris (4:5; R\u00fcckspiel 1:1; d. Red.) war eines der besten Spiele der vergangenen Jahrzehnte. Wir haben in dieser Champions League nur zwei Spiele verloren \u2013 gegen die beiden Finalisten. Da sieht man, welche Qualit\u00e4t im FC Bayern steckt und was hier alles m\u00f6glich ist.\u201c<\/p>\n","protected":false},"excerpt":{"rendered":"TTS-Player \u00fcberspringen\u21b5Artikel weiterlesen Guteneck (Oberpfalz) \u2013 Deutliche Worte von Herbert Hainer (71)! Kurz vor Beginn der WM vom&hellip;\n","protected":false},"author":2,"featured_media":1082301,"comment_status":"","ping_status":"","sticky":false,"template":"","format":"standard","meta":{"footnotes":"","_share_on_mastodon":"0"},"categories":[136],"tags":[29,538,458,347,38029,30,34918,11709,11515,265,1470],"class_list":["post-1082300","post","type-post","status-publish","format-standard","has-post-thumbnail","category-sport","tag-deutschland","tag-erste-bundesliga","tag-fc-bayern-muenchen","tag-fussball","tag-fussball-wm-2026","tag-germany","tag-hainer-herbert","tag-harry-kane","tag-kompany-vincent","tag-sport","tag-sport-leuchtturm-muenchen"],"share_on_mastodon":{"url":"https:\/\/pubeurope.com\/@de\/116722238068805165","error":""},"_links":{"self":[{"href":"https:\/\/www.europesays.com\/de\/wp-json\/wp\/v2\/posts\/1082300","targetHints":{"allow":["GET"]}}],"collection":[{"href":"https:\/\/www.europesays.com\/de\/wp-json\/wp\/v2\/posts"}],"about":[{"href":"https:\/\/www.europesays.com\/de\/wp-json\/wp\/v2\/types\/post"}],"author":[{"embeddable":true,"href":"https:\/\/www.europesays.com\/de\/wp-json\/wp\/v2\/users\/2"}],"replies":[{"embeddable":true,"href":"https:\/\/www.europesays.com\/de\/wp-json\/wp\/v2\/comments?post=1082300"}],"version-history":[{"count":0,"href":"https:\/\/www.europesays.com\/de\/wp-json\/wp\/v2\/posts\/1082300\/revisions"}],"wp:featuredmedia":[{"embeddable":true,"href":"https:\/\/www.europesays.com\/de\/wp-json\/wp\/v2\/media\/1082301"}],"wp:attachment":[{"href":"https:\/\/www.europesays.com\/de\/wp-json\/wp\/v2\/media?parent=1082300"}],"wp:term":[{"taxonomy":"category","embeddable":true,"href":"https:\/\/www.europesays.com\/de\/wp-json\/wp\/v2\/categories?post=1082300"},{"taxonomy":"post_tag","embeddable":true,"href":"https:\/\/www.europesays.com\/de\/wp-json\/wp\/v2\/tags?post=1082300"}],"curies":[{"name":"wp","href":"https:\/\/api.w.org\/{rel}","templated":true}]}}