{"id":1082306,"date":"2026-06-09T21:22:17","date_gmt":"2026-06-09T21:22:17","guid":{"rendered":"https:\/\/www.europesays.com\/de\/1082306\/"},"modified":"2026-06-09T21:22:17","modified_gmt":"2026-06-09T21:22:17","slug":"nach-video-von-brutalem-messerangriff-demonstranten-setzen-in-belfast-mehrere-fahrzeuge-in-brand","status":"publish","type":"post","link":"https:\/\/www.europesays.com\/de\/1082306\/","title":{"rendered":"Nach Video von brutalem Messerangriff: Demonstranten setzen in Belfast mehrere Fahrzeuge in Brand"},"content":{"rendered":"<p class=\"tspBIkz tspBIk0\">Im Zuge von <strong>Protesten in der nordirischen Hauptstadt Belfast<\/strong> sind mehrere Fahrzeuge, darunter ein Bus, in Brand gesetzt worden. Mehrere Hundert Menschen hatten sich Berichten zufolge zuvor in der Stadt versammelt, um gegen Einwanderung zu demonstrieren. <strong>Britische Rechtsextreme hatten dazu aufgerufen<\/strong>.<\/p>\n<p class=\"tspBIkz\">Wie in Luftaufnahmen im Nachrichtensender Sky News zu sehen war, stieg in mehreren Teilen der Stadt schwarzer Rauch auf. Der BBC zufolge kam es auch in anderen St\u00e4dten Nordirlands zu Protesten.<\/p>\n<p class=\"tspBIkz\">Zum Anlass nahmen die Demonstranten einen <strong>Messerangriff vom Tag zuvor, bei dem ein Mann schwer verletzt worden war<\/strong>. Bei dem mutma\u00dflichen T\u00e4ter handelt es sich nach Angaben der Polizei um einen <strong>30 Jahre alten Mann aus dem Sudan<\/strong>. Er wurde inzwischen wegen versuchten Mordes, Waffenbesitzes und Todesdrohungen angeklagt.<\/p>\n<p class=\"tspBIkz\">In einem Video, das im Netz kursiert, ist zu sehen, wie ein Angreifer mit einem Messer mitten auf einer Stra\u00dfe auf einem blut\u00fcberstr\u00f6mten Mann sitzt und diesen mit einem Messer traktiert. Zwischendurch hebt er das Messer in die H\u00f6he und ruft etwas. Nach einer Weile wagen sich mehrere M\u00e4nner in die N\u00e4he und versuchen den Angreifer von seinem Opfer zu trennen.\u00a0<\/p>\n<p> Polizei bat, das Video nicht zu verbreiten <\/p>\n<p class=\"tspBIkz\"><strong>Die Polizei bat darum, das Video nicht zu verbreiten<\/strong>. Nordirlands Polizeichef Jon Boutcher rief die Menschen auf, sich nicht durch Social Media aufstacheln zu lassen und die Ermittler ihre Arbeit machen zu lassen. Es gebe bislang keine Hinweise auf einen terroristischen Hintergrund, hie\u00df es in der Mitteilung der Polizei.<\/p>\n<p class=\"tspBIkz\">Der britische Premierminister Keir Starmer verurteilte die Tat aufs Sch\u00e4rfste. \u201eDer furchtbare Angriff in Belfast ist widerw\u00e4rtig. Ich habe absolut keine Toleranz f\u00fcr entsetzliche Szenen der Gewalt wie diese auf unseren Stra\u00dfen\u201c, so Starmer auf der Plattform X. <\/p>\n<p class=\"tspXfm\">Empfohlener redaktioneller Inhalt<\/p>\n<p> An dieser Stelle finden Sie einen von unseren Redakteuren ausgew\u00e4hlten, externen Inhalt, der den Artikel f\u00fcr Sie mit zus\u00e4tzlichen Informationen anreichert. Sie k\u00f6nnen sich hier den externen Inhalt mit einem Klick anzeigen lassen oder wieder ausblenden. <\/p>\n<p> Externen Inhalt anzeigen <\/p>\n<p class=\"tspXfs\"> Ich bin damit einverstanden, dass mir der externe Inhalt angezeigt wird. Damit k\u00f6nnen personenbezogene Daten an Drittplattformen \u00fcbermittelt werden.  Mehr Informationen dazu erhalten Sie in den Datenschutz-Einstellungen. Diese finden Sie ganz unten auf unserer Seite im Footer, sodass Sie Ihre Einstellungen jederzeit verwalten oder widerrufen k\u00f6nnen. <\/p>\n<p class=\"tspBIkz\">Nordirische Politiker verschiedener Parteien \u00e4u\u00dferten sich \u00e4hnlich und warnten vor Ausschreitungen. Gro\u00dfbritannien war im Sommer 2024 von heftigen rassistisch motivierten Ausschreitungen ersch\u00fcttert worden.\u00a0<\/p>\n<p>Lesen Sie auch<a href=\"https:\/\/www.tagesspiegel.de\/internationales\/schockierende-zahlen-zahl-der-kriegerischen-konflikte-auf-rekordstand-15695682.html?icid=topic-list_15697174___\" data-gtm-class=\"article-mzt-link\" data-hydrate-fingerprint=\"09740a54944caac75fd2c0c63fd5c5df\" data-hydrate-props=\"{&amp;escapedquot;element&amp;escapedquot;:{&amp;escapedquot;type&amp;escapedquot;:&amp;escapedquot;relatedContent&amp;escapedquot;,&amp;escapedquot;fieldMap&amp;escapedquot;:{},&amp;escapedquot;relation&amp;escapedquot;:{&amp;escapedquot;fields&amp;escapedquot;:{&amp;escapedquot;isPaid&amp;escapedquot;:null},&amp;escapedquot;href&amp;escapedquot;:&amp;escapedquot;\/internationales\/schockierende-zahlen-zahl-der-kriegerischen-konflikte-auf-rekordstand-15695682.html&amp;escapedquot;,&amp;escapedquot;teaserTitle&amp;escapedquot;:{&amp;escapedquot;kicker&amp;escapedquot;:&amp;escapedquot;\u201eSchockierende\u201c Zahlen&amp;escapedquot;,&amp;escapedquot;headline&amp;escapedquot;:&amp;escapedquot;Kriegerische Konflikte auf weltweitem Rekordstand&amp;escapedquot;},&amp;escapedquot;id&amp;escapedquot;:&amp;escapedquot;15695682&amp;escapedquot;,&amp;escapedquot;type&amp;escapedquot;:&amp;escapedquot;story&amp;escapedquot;},&amp;escapedquot;isPartOfList&amp;escapedquot;:true,&amp;escapedquot;topicListType&amp;escapedquot;:&amp;escapedquot;topic-list&amp;escapedquot;},&amp;escapedquot;showArrow&amp;escapedquot;:true}\" data-hydrate-slots=\"{&#039;default&#039;:[]}\" class=\"tspC7rc tspC8rj\" rel=\"nofollow noopener\" target=\"_blank\">\u201eSchockierende\u201c Zahlen Kriegerische Konflikte auf weltweitem Rekordstand <\/a><a href=\"https:\/\/www.tagesspiegel.de\/berlin\/bezirke\/spandau\/ice-strecke-berlin-hamburg-was-anwohner-und-fahrgaste-jetzt-wissen-mussen-15696214.html?icid=topic-list_15697174___\" data-gtm-class=\"article-mzt-link\" data-hydrate-fingerprint=\"09740a54944caac75fd2c0c63fd5c5df\" data-hydrate-props=\"{&amp;escapedquot;element&amp;escapedquot;:{&amp;escapedquot;type&amp;escapedquot;:&amp;escapedquot;relatedContent&amp;escapedquot;,&amp;escapedquot;fieldMap&amp;escapedquot;:{},&amp;escapedquot;relation&amp;escapedquot;:{&amp;escapedquot;fields&amp;escapedquot;:{&amp;escapedquot;isPaid&amp;escapedquot;:null},&amp;escapedquot;href&amp;escapedquot;:&amp;escapedquot;\/berlin\/bezirke\/spandau\/ice-strecke-berlin-hamburg-was-anwohner-und-fahrgaste-jetzt-wissen-mussen-15696214.html&amp;escapedquot;,&amp;escapedquot;teaserTitle&amp;escapedquot;:{&amp;escapedquot;kicker&amp;escapedquot;:&amp;escapedquot;ICE-Strecke Berlin-Hamburg&amp;escapedquot;,&amp;escapedquot;headline&amp;escapedquot;:&amp;escapedquot;Was Anwohner und Fahrg\u00e4ste jetzt wissen m\u00fcssen&amp;escapedquot;},&amp;escapedquot;id&amp;escapedquot;:&amp;escapedquot;15696214&amp;escapedquot;,&amp;escapedquot;type&amp;escapedquot;:&amp;escapedquot;story&amp;escapedquot;},&amp;escapedquot;isPartOfList&amp;escapedquot;:true,&amp;escapedquot;topicListType&amp;escapedquot;:&amp;escapedquot;topic-list&amp;escapedquot;},&amp;escapedquot;showArrow&amp;escapedquot;:true}\" data-hydrate-slots=\"{&#039;default&#039;:[]}\" class=\"tspC7rc tspC8rj\" rel=\"nofollow noopener\" target=\"_blank\">ICE-Strecke Berlin-Hamburg Was Anwohner und Fahrg\u00e4ste jetzt wissen m\u00fcssen <\/a><a href=\"https:\/\/www.tagesspiegel.de\/gesellschaft\/panorama\/timmy-wird-zu-biodiesel-buckelwal-endet-in-danischer-fabrik--und-im-museum-15695735.html?icid=topic-list_15697174___\" data-gtm-class=\"article-mzt-link\" data-hydrate-fingerprint=\"09740a54944caac75fd2c0c63fd5c5df\" data-hydrate-props=\"{&amp;escapedquot;element&amp;escapedquot;:{&amp;escapedquot;type&amp;escapedquot;:&amp;escapedquot;relatedContent&amp;escapedquot;,&amp;escapedquot;fieldMap&amp;escapedquot;:{},&amp;escapedquot;relation&amp;escapedquot;:{&amp;escapedquot;fields&amp;escapedquot;:{&amp;escapedquot;isPaid&amp;escapedquot;:null},&amp;escapedquot;href&amp;escapedquot;:&amp;escapedquot;\/gesellschaft\/panorama\/timmy-wird-zu-biodiesel-buckelwal-endet-in-danischer-fabrik--und-im-museum-15695735.html&amp;escapedquot;,&amp;escapedquot;teaserTitle&amp;escapedquot;:{&amp;escapedquot;kicker&amp;escapedquot;:&amp;escapedquot;\u201eTimmy\u201c wird zu Biodiesel&amp;escapedquot;,&amp;escapedquot;headline&amp;escapedquot;:&amp;escapedquot;Buckelwal endet in d\u00e4nischer Fabrik\u00a0\u2013 und im Museum&amp;escapedquot;},&amp;escapedquot;id&amp;escapedquot;:&amp;escapedquot;15695735&amp;escapedquot;,&amp;escapedquot;type&amp;escapedquot;:&amp;escapedquot;story&amp;escapedquot;},&amp;escapedquot;isPartOfList&amp;escapedquot;:true,&amp;escapedquot;topicListType&amp;escapedquot;:&amp;escapedquot;topic-list&amp;escapedquot;},&amp;escapedquot;showArrow&amp;escapedquot;:true}\" data-hydrate-slots=\"{&#039;default&#039;:[]}\" class=\"tspC7rc tspC8rj\" rel=\"nofollow noopener\" target=\"_blank\">\u201eTimmy\u201c wird zu Biodiesel Buckelwal endet in d\u00e4nischer Fabrik\u00a0\u2013 und im Museum <\/a><\/p>\n<p class=\"tspBIkz\">Erst in der vergangenen Woche kam es in der s\u00fcdenglischen Stadt Southampton zu <strong>Krawallen am Rande eines Protests<\/strong>. Ausl\u00f6ser war die Ver\u00f6ffentlichung von Bodycam-Aufnahmen, die einen krassen Polizeifehler nach der <a href=\"https:\/\/www.tagesspiegel.de\/internationales\/ich-kann-nicht-atmen-heftige-rassismusdebatte-nach-video-von-polizeieinsatz-mit-sterbendem-studenten-in-grossbritannien-15670736.html?icid=in-text-link_15697174\" class=\"link link--internal\" data-gtm-class=\"article-text-link\" data-gtm-val=\"internal\" rel=\"nofollow noopener\" target=\"_blank\">t\u00f6dlichen Messerattacke eines Manns aus der Sikh-Gemeinschaft auf den Studenten Henry Nowak<\/a> zeigten.\u00a0<\/p>\n<p class=\"tspBIkz\">Statt den M\u00f6rder festzunehmen, der sich als Opfer eines rassistischen \u00dcbergriffs darstellte, hatten die Polizisten dem sterbenden Nowak Handschellen angelegt. Wenig sp\u00e4ter starb der Student, nachdem er mehrmals \u201eI can\u2019t breathe\u201c (\u201eIch kann nicht atmen\u201c) gerufen hatte. Auch in Southampton gingen Menschen wieder auf die Stra\u00dfe, um gegen Einwanderung zu demonstrieren. (dpa, AFP)<\/p>\n","protected":false},"excerpt":{"rendered":"Im Zuge von Protesten in der nordirischen Hauptstadt Belfast sind mehrere Fahrzeuge, darunter ein Bus, in Brand gesetzt&hellip;\n","protected":false},"author":2,"featured_media":1082307,"comment_status":"","ping_status":"","sticky":false,"template":"","format":"standard","meta":{"footnotes":"","_share_on_mastodon":"0"},"categories":[3],"tags":[551,13,5554,14,15,5384,12,17003,10,8,9,11,103,104],"class_list":["post-1082306","post","type-post","status-publish","format-standard","has-post-thumbnail","category-welt","tag-grossbritannien","tag-headlines","tag-keir-starmer","tag-nachrichten","tag-news","tag-nordirland","tag-schlagzeilen","tag-sudan","tag-top-news","tag-top-meldungen","tag-topmeldungen","tag-topnews","tag-welt","tag-world"],"share_on_mastodon":{"url":"https:\/\/pubeurope.com\/@de\/116722253475310641","error":""},"_links":{"self":[{"href":"https:\/\/www.europesays.com\/de\/wp-json\/wp\/v2\/posts\/1082306","targetHints":{"allow":["GET"]}}],"collection":[{"href":"https:\/\/www.europesays.com\/de\/wp-json\/wp\/v2\/posts"}],"about":[{"href":"https:\/\/www.europesays.com\/de\/wp-json\/wp\/v2\/types\/post"}],"author":[{"embeddable":true,"href":"https:\/\/www.europesays.com\/de\/wp-json\/wp\/v2\/users\/2"}],"replies":[{"embeddable":true,"href":"https:\/\/www.europesays.com\/de\/wp-json\/wp\/v2\/comments?post=1082306"}],"version-history":[{"count":0,"href":"https:\/\/www.europesays.com\/de\/wp-json\/wp\/v2\/posts\/1082306\/revisions"}],"wp:featuredmedia":[{"embeddable":true,"href":"https:\/\/www.europesays.com\/de\/wp-json\/wp\/v2\/media\/1082307"}],"wp:attachment":[{"href":"https:\/\/www.europesays.com\/de\/wp-json\/wp\/v2\/media?parent=1082306"}],"wp:term":[{"taxonomy":"category","embeddable":true,"href":"https:\/\/www.europesays.com\/de\/wp-json\/wp\/v2\/categories?post=1082306"},{"taxonomy":"post_tag","embeddable":true,"href":"https:\/\/www.europesays.com\/de\/wp-json\/wp\/v2\/tags?post=1082306"}],"curies":[{"name":"wp","href":"https:\/\/api.w.org\/{rel}","templated":true}]}}