{"id":1082343,"date":"2026-06-09T21:43:56","date_gmt":"2026-06-09T21:43:56","guid":{"rendered":"https:\/\/www.europesays.com\/de\/1082343\/"},"modified":"2026-06-09T21:43:56","modified_gmt":"2026-06-09T21:43:56","slug":"wuppertal-mann-greift-frau-an-und-beisst-polizeibeamten","status":"publish","type":"post","link":"https:\/\/www.europesays.com\/de\/1082343\/","title":{"rendered":"Wuppertal: Mann greift Frau an und bei\u00dft Polizeibeamten"},"content":{"rendered":"<p class=\"text_ohne_einzug richtext text-em-55 !leading-serif mx-6 desktop:mx-0\">Wegen gef\u00e4hrlicher K\u00f6rperverletzung und eines Angriffs auf Polizeibeamten ist in der Nacht zu Dienstag, 9. Juni, ein 32-J\u00e4hriger verhaftet worden. Laut gemeinsamer Erkl\u00e4rung von Polizei und Staatsanwaltschaft wurden die Einsatzkr\u00e4fte gegen 0.20 Uhr zur Bahnstra\u00dfe gerufen. Dort soll der Tatverd\u00e4chtige eine 42-j\u00e4hrige Frau, mit der er laut bisherigen Erkenntnissen ein Verh\u00e4ltnis hat, mehrfach ins Gesicht geschlagen haben. Das best\u00e4tigte uns Oberstaatsanwalt Wolf-Tilman Baumert.<\/p>\n","protected":false},"excerpt":{"rendered":"Wegen gef\u00e4hrlicher K\u00f6rperverletzung und eines Angriffs auf Polizeibeamten ist in der Nacht zu Dienstag, 9. Juni, ein 32-J\u00e4hriger&hellip;\n","protected":false},"author":2,"featured_media":1082344,"comment_status":"","ping_status":"","sticky":false,"template":"","format":"standard","meta":{"footnotes":"","_share_on_mastodon":"0"},"categories":[1840],"tags":[25072,16703,21247,3364,29,30,1209,128785,19168,1997,14810,4418],"class_list":["post-1082343","post","type-post","status-publish","format-standard","has-post-thumbnail","category-wuppertal","tag-auflagen","tag-beamte","tag-beamten","tag-de","tag-deutschland","tag-germany","tag-nordrhein-westfalen","tag-polizeibeamten","tag-polizist","tag-staatsanwaltschaft","tag-tatverdaechtige","tag-wuppertal"],"share_on_mastodon":{"url":"https:\/\/pubeurope.com\/@de\/116722340118503087","error":""},"_links":{"self":[{"href":"https:\/\/www.europesays.com\/de\/wp-json\/wp\/v2\/posts\/1082343","targetHints":{"allow":["GET"]}}],"collection":[{"href":"https:\/\/www.europesays.com\/de\/wp-json\/wp\/v2\/posts"}],"about":[{"href":"https:\/\/www.europesays.com\/de\/wp-json\/wp\/v2\/types\/post"}],"author":[{"embeddable":true,"href":"https:\/\/www.europesays.com\/de\/wp-json\/wp\/v2\/users\/2"}],"replies":[{"embeddable":true,"href":"https:\/\/www.europesays.com\/de\/wp-json\/wp\/v2\/comments?post=1082343"}],"version-history":[{"count":0,"href":"https:\/\/www.europesays.com\/de\/wp-json\/wp\/v2\/posts\/1082343\/revisions"}],"wp:featuredmedia":[{"embeddable":true,"href":"https:\/\/www.europesays.com\/de\/wp-json\/wp\/v2\/media\/1082344"}],"wp:attachment":[{"href":"https:\/\/www.europesays.com\/de\/wp-json\/wp\/v2\/media?parent=1082343"}],"wp:term":[{"taxonomy":"category","embeddable":true,"href":"https:\/\/www.europesays.com\/de\/wp-json\/wp\/v2\/categories?post=1082343"},{"taxonomy":"post_tag","embeddable":true,"href":"https:\/\/www.europesays.com\/de\/wp-json\/wp\/v2\/tags?post=1082343"}],"curies":[{"name":"wp","href":"https:\/\/api.w.org\/{rel}","templated":true}]}}