{"id":1082551,"date":"2026-06-09T23:48:16","date_gmt":"2026-06-09T23:48:16","guid":{"rendered":"https:\/\/www.europesays.com\/de\/1082551\/"},"modified":"2026-06-09T23:48:16","modified_gmt":"2026-06-09T23:48:16","slug":"duesseldorf-als-pflegeperson-eintragen-lassen-was-bringt-das-2","status":"publish","type":"post","link":"https:\/\/www.europesays.com\/de\/1082551\/","title":{"rendered":"D\u00fcsseldorf | Als Pflegeperson eintragen lassen &#8211; was bringt das?"},"content":{"rendered":"<p>D\u00fcsseldorf (dpa\/tmn) &#8211; Die meisten Pflegebed\u00fcrftigen in Deutschland werden zu Hause gepflegt. Vor allem Angeh\u00f6rige packen mit an, helfen beim Duschen, legen Medikamente bereit, k\u00fcmmern sich um Arzttermine.\u00a0<\/p>\n<p>Oft stecken sie daf\u00fcr beruflich zur\u00fcck, reduzieren ihre Arbeitszeit. Sp\u00e4testens an diesem Punkt ist es sinnvoll, die Pfleget\u00e4tigkeit der Pflegekasse der pflegebed\u00fcrftigen Person zu melden, wie Verena Querling von der Verbraucherzentrale Nordrhein-Westfalen r\u00e4t. \u00abSich als Pflegeperson eintragen zu lassen, bringt diverse Vorteile\u00bb, sagt die Referentin f\u00fcr Pflegerecht. Ein ganz zentraler: Sind bestimmte Voraussetzungen erf\u00fcllt, gibt es mehr Rente. Dazu aber sp\u00e4ter mehr.\u00a0<\/p>\n<p>Wer ist \u00fcberhaupt eine Pflegeperson?\u00a0<\/p>\n<p>Nicht jeder, der einen pflegebed\u00fcrftigen Menschen im Alltag unterst\u00fctzt, gilt f\u00fcr die Pflegekasse auch als Pflegeperson. Daf\u00fcr m\u00fcssen folgende Voraussetzungen erf\u00fcllt sein:\u00a0<\/p>\n<ul class=\"list-normal\">\n<li>Die pflegebed\u00fcrftige Person muss mindestens Pflegegrad 2 haben<\/li>\n<li>Die Pfleget\u00e4tigkeit muss mindestens 10 Stunden pro Woche umfassen, verteilt auf regelm\u00e4\u00dfig mindestens zwei Tage in der Woche, schreibt das Bundesgesundheitsministerium.\u00a0<\/li>\n<li>Die Pfleget\u00e4tigkeit darf nicht erwerbsm\u00e4\u00dfig ausgef\u00fchrt werden. \u00abDas hei\u00dft: Als Entlohnung darf man nur das bekommen, was als Pflegegeld zur Verf\u00fcgung steht\u00bb, erkl\u00e4rt Verena Querling.\u00a0<\/li>\n<li>Die Pflege muss im h\u00e4uslichen Umfeld stattfinden.\u00a0<\/li>\n<\/ul>\n<p>\u00dcbrigens: Eine Pflegeperson kann auch mehrere pflegebed\u00fcrftige Menschen pflegen, so Querling. Entscheidend ist, dass sich zusammenaddiert mindestens 10 Stunden Pfleget\u00e4tigkeit pro Woche ergeben. Und dass die Pflegeperson gegen\u00fcber der Pflegekasse der pflegebed\u00fcrftigen Personen zu erkennen gibt, dass die 10 Stunden durch die Pflege mehrerer Menschen zusammenkommen.\u00a0<\/p>\n<p>Eine Verwandtschaft muss \u00fcbrigens nicht bestehen. \u00abPflegeperson k\u00f6nnen zum Beispiel auch Freunde oder Nachbarn sein\u00bb, sagt Verena Querling. Um in Sachen Rente profitieren zu k\u00f6nnen, gilt noch eine weitere Voraussetzung: \u00abMan darf nicht mehr als 30 Stunden pro Woche arbeiten.\u00bb\u00a0<\/p>\n<p>Was bringt das f\u00fcr die Rente?\u00a0<\/p>\n<p>\u00abWenn man seine Arbeitszeit verk\u00fcrzt, zahlt der Arbeitgeber dementsprechend weniger Beitr\u00e4ge in die Rentenversicherung ein\u00bb, erkl\u00e4rt Verena Querling. Hier kommt die Pflegekasse der pflegebed\u00fcrftigen Person ins Spiel und zahlt f\u00fcr die Pflegeperson Beitr\u00e4ge zur Rentenversicherung ein. \u00abLeider ist es nicht die H\u00f6he, wie man sie eigentlich bekommen w\u00fcrde, wenn man seine Arbeitszeit nicht reduziert h\u00e4tte. Aber es sind trotzdem wichtige Gelder.\u00bb\u00a0<\/p>\n<p>Doch wie viel genau? Die Pflegekasse zahlt Rentenversicherungsbeitr\u00e4ge zwischen 139,04 und 735,63 Euro monatlich. Wie viel es genau ist, h\u00e4ngt vom Pflegegrad ab. Wenn ein ambulanter Pflegedienst mit im Boot ist, gibt es eine anteilige Auszahlung. Nach Angaben des <a href=\"https:\/\/www.bundesgesundheitsministerium.de\/themen\/pflege\/online-ratgeber-pflege\/leistungen-der-pflegeversicherung\/leistungen-im-ueberblick\/soziale-absicherung-fuer-pflegepersonen#c32144\" target=\"_blank\" class=\"externalLink\" rel=\"noreferrer nofollow noopener\">Bundesgesundheitsministeriums<\/a> kann so f\u00fcr ein Jahr Pfleget\u00e4tigkeit ein monatlicher Rentenanspruch\u00a0zwischen 7,04 und 37,27 Euro erworben werden (Wert seit dem 1. Januar 2026).\u00a0<\/p>\n<p>Dazu kommt: Die Pflegezeit z\u00e4hlt laut der Deutschen Rentenversicherung als Beitragszeit und wird f\u00fcr die sogenannte Wartezeit angerechnet. Das ist die Zeit, die man mindestens in der Rentenversicherung versichert sein muss, um Anspruch auf Leistungen wie die Rente zu haben.\u00a0<\/p>\n<p>Welche weiteren Vorteile gibt es f\u00fcr eingetragene Pflegepersonen?\u00a0<\/p>\n<ul class=\"list-normal\">\n<li>Anspruch auf Verhinderungspflege\u00a0<\/li>\n<\/ul>\n<p>\u00abWenn man mal nicht pflegen kann, etwa weil man ins Kino gehen oder in den Urlaub fahren m\u00f6chte, kann man die Verhinderungspflege in Anspruch nehmen\u00bb, sagt Verena Querling. Fallen Pflegepersonen aus, stellt die Pflegeversicherung auf Antrag Geld zur Verf\u00fcgung, damit man Ersatz finanzieren kann, etwa einen ambulanten Pflegedienst oder eine helfende Hand aus der Nachbarschaft. Das Budget betr\u00e4gt bis zu 3.539 Euro im Jahr.\u00a0<\/p>\n<p>Pflegepersonen sind beitragsfrei gesetzlich unfallversichert. Hei\u00dft: Kommt es bei der Pfleget\u00e4tigkeit zu Unf\u00e4llen, haben sie Anspruch auf die Leistungen der Unfallversicherung, die \u00fcbrigens umfangreicher sind als die der Krankenversicherung. \u00abKann man zum Beispiel nach dem Unfall nicht mehr arbeiten, kann man eine Rente von der Unfallversicherung bekommen\u00bb, sagt Verena Querling.\u00a0<\/p>\n<p>Wichtig: Ist ein Unfall w\u00e4hrend der Pfleget\u00e4tigkeit passiert, sollte man unbedingt einen Durchgangsarzt (D-Arzt) aufsuchen. \u00abEs ist allemal wert, diesen Schlenker zu machen\u00bb, sagt Querling. Nur dann ist es m\u00f6glich, die Leistungen der Unfallversicherung in Anspruch zu nehmen.\u00a0<\/p>\n<ul class=\"list-normal\">\n<li>Arbeitslosenversicherung\u00a0<\/li>\n<\/ul>\n<p>Ganz aus dem Job ausgestiegen, um sich der Pflege eines Angeh\u00f6rigen zu widmen? In diesem Fall zahlt die Pflegeversicherung die Beitr\u00e4ge f\u00fcr die Arbeitslosenversicherung f\u00fcr die Dauer der Pfleget\u00e4tigkeit, so das Bundesgesundheitsministerium. Findet man im Anschluss an diese nicht direkt wieder in einen Job zur\u00fcck, hat man also Anspruch auf Arbeitslosengeld.\u00a0<\/p>\n<p>Gibt es auch Nachteile, wenn ich mich f\u00fcr diesen Schritt entscheide?\u00a0<\/p>\n<p>Verena Querling beobachtet immer wieder, dass pflegende Angeh\u00f6rige vor der Eintragung als Pflegeperson zur\u00fcckschrecken. Typische Sorgen sind ihr zufolge: Kann die Pflegekasse mich f\u00fcr Fehler verantwortlich machen? Aber auch: Kenne ich mich mit Pflege \u00fcberhaupt gut genug aus, um Pflegeperson zu sein? \u00abDaher wollen viele lieber unsichtbar bleiben. Dabei gibt es keine Nachteile, sich als Pflegeperson zu erkennen zu geben\u00bb, sagt die Expertin f\u00fcr Pflegerecht.\u00a0<\/p>\n<p>Hei\u00dft: Weder muss man Sorge haben, dass die Pflegekasse einen nach einem Fehler bei der Pflege r\u00fcgt, noch muss man besondere Fachkenntnisse nachweisen. Wer das Gef\u00fchl hat, mehr Pflegewissen vertragen zu k\u00f6nnen, kann \u00fcbrigens einen Pflegekurs f\u00fcr Angeh\u00f6rige in Anspruch nehmen.<\/p>\n<p>Und: Pflegeperson sein ist \u00abkeine Pflicht f\u00fcrs restliche Leben\u00bb, wie Verena Querling sagt. Wer etwa aufgrund von gesundheitlichen Gr\u00fcnden oder eines Umzugs nicht mehr pflegen m\u00f6chte oder kann, kann sich auch wieder austragen lassen.\u00a0<\/p>\n<p>Wie genau registriere ich mich als Pflegeperson?\u00a0<\/p>\n<p>Hier kommt es auf den Zeitpunkt an. So kann man beim bereits beim Stellen eines Pflegeantrags eine Pflegeperson angeben. Auch bei der Pflegebegutachtung kann man diesen Hinweis geben.<\/p>\n<p>Eine Pflegeperson l\u00e4sst sich aber auch noch nachtr\u00e4glich eintragen. Daf\u00fcr nimmt man am besten Kontakt zur Pflegekasse der pflegebed\u00fcrftigen Person auf, die dann ein Formular \u00fcbersendet.\u00a0<\/p>\n<p>Tauchen beim Ausf\u00fcllen des Formulars Fragen auf, kann man sich etwa mit einem Pflegest\u00fctzpunkt in der N\u00e4he in Verbindung setzen. \u00abMan kann nat\u00fcrlich auch alles bei der Pflegekasse erfragen, doch das tun viele nicht gern, weil sie das Gef\u00fchl haben: Das ist die Gegenseite. Pflegest\u00fctzpunkte sind neutral und k\u00f6nnen bei allen Fragen sehr gut weiterhelfen\u00bb, sagt Verena Querling.\u00a0<\/p>\n<p>Wer nach einem Pflegest\u00fctzpunkt in der N\u00e4he sucht, kann daf\u00fcr eine <a href=\"https:\/\/www.zqp.de\/beratung-pflege\/\" target=\"_blank\" class=\"externalLink\" rel=\"noreferrer nofollow noopener\">Datenbank <\/a>des Zentrums f\u00fcr Qualit\u00e4t in der Pflege (ZQP) nutzen.<\/p>\n","protected":false},"excerpt":{"rendered":"D\u00fcsseldorf (dpa\/tmn) &#8211; Die meisten Pflegebed\u00fcrftigen in Deutschland werden zu Hause gepflegt. Vor allem Angeh\u00f6rige packen mit an,&hellip;\n","protected":false},"author":2,"featured_media":1082552,"comment_status":"","ping_status":"","sticky":false,"template":"","format":"standard","meta":{"footnotes":"","_share_on_mastodon":"0"},"categories":[1831],"tags":[2632,3364,29,3405,30,141,1209,73775,229923,229924,624,1009,379,6583,23510,5019],"class_list":["post-1082551","post","type-post","status-publish","format-standard","has-post-thumbnail","category-duesseldorf","tag-brcmj","tag-de","tag-deutschland","tag-duesseldorf","tag-germany","tag-gesundheit","tag-nordrhein-westfalen","tag-pflegekasse","tag-pflegende-angehoerige","tag-pflegeperson","tag-ratgeber","tag-recht","tag-rente","tag-senioren","tag-tmn8200","tag-versicherung"],"share_on_mastodon":{"url":"https:\/\/pubeurope.com\/@de\/116722827831023581","error":""},"_links":{"self":[{"href":"https:\/\/www.europesays.com\/de\/wp-json\/wp\/v2\/posts\/1082551","targetHints":{"allow":["GET"]}}],"collection":[{"href":"https:\/\/www.europesays.com\/de\/wp-json\/wp\/v2\/posts"}],"about":[{"href":"https:\/\/www.europesays.com\/de\/wp-json\/wp\/v2\/types\/post"}],"author":[{"embeddable":true,"href":"https:\/\/www.europesays.com\/de\/wp-json\/wp\/v2\/users\/2"}],"replies":[{"embeddable":true,"href":"https:\/\/www.europesays.com\/de\/wp-json\/wp\/v2\/comments?post=1082551"}],"version-history":[{"count":0,"href":"https:\/\/www.europesays.com\/de\/wp-json\/wp\/v2\/posts\/1082551\/revisions"}],"wp:featuredmedia":[{"embeddable":true,"href":"https:\/\/www.europesays.com\/de\/wp-json\/wp\/v2\/media\/1082552"}],"wp:attachment":[{"href":"https:\/\/www.europesays.com\/de\/wp-json\/wp\/v2\/media?parent=1082551"}],"wp:term":[{"taxonomy":"category","embeddable":true,"href":"https:\/\/www.europesays.com\/de\/wp-json\/wp\/v2\/categories?post=1082551"},{"taxonomy":"post_tag","embeddable":true,"href":"https:\/\/www.europesays.com\/de\/wp-json\/wp\/v2\/tags?post=1082551"}],"curies":[{"name":"wp","href":"https:\/\/api.w.org\/{rel}","templated":true}]}}