{"id":1082699,"date":"2026-06-10T01:11:22","date_gmt":"2026-06-10T01:11:22","guid":{"rendered":"https:\/\/www.europesays.com\/de\/1082699\/"},"modified":"2026-06-10T01:11:22","modified_gmt":"2026-06-10T01:11:22","slug":"alarm-gas-leck-b7-in-duesseldorf-ueber-stunden-gesperrt-panorama","status":"publish","type":"post","link":"https:\/\/www.europesays.com\/de\/1082699\/","title":{"rendered":"Alarm &#8211; Gas-Leck: B7 in D\u00fcsseldorf \u00fcber Stunden gesperrt &#8211; Panorama"},"content":{"rendered":"<p data-manual=\"paragraph\" data-schema-org-speakable=\"true\" class=\"css-1eosz7k\">D\u00fcsseldorf (dpa\/lnw) &#8211; Wegen eines Lecks an einer Erdgasleitung ist die Bundesstra\u00dfe 7 in D\u00fcsseldorf f\u00fcr mehrere Stunden voll gesperrt worden. Kurz vor 15 Uhr hatten die Stadtwerke der Leitstelle der Feuerwehr mitgeteilt, dass es vor einem Wohnhaus nach Gas rieche, teilte die Feuerwehr mit. Rund f\u00fcnf Stunden sp\u00e4ter konnten die letzten der 28 Einsatzkr\u00e4fte demnach wieder in ihre Wachen zur\u00fcckkehren &#8211; das Leck wurde abgedichtet.<\/p>\n<p data-manual=\"paragraph\" data-schema-org-speakable=\"true\" class=\"css-1eosz7k\">Die Stadtwerke waren den Angaben zufolge mit einem Bagger vor Ort. Damit wurde die Stra\u00dfe aufgebuddelt, um das Gasleck freizulegen und abzudichten, sagte ein Feuerwehrsprecher. .\u00a0<\/p>\n<p data-manual=\"paragraph\" data-schema-org-speakable=\"true\" class=\"css-1eosz7k\">Die stark befahrene B7 oder Bergische Landstra\u00dfe verbindet D\u00fcsseldorf mit Mettmann. In der N\u00e4he des Lecks, aus dem Erdgas ausstr\u00f6mte, befindet sich eine Tankstelle. Anwohner vermuteten, dass das Leck beim Verlegen eines Glasfaser-Kabels verursacht wurde.<\/p>\n<p data-manual=\"paragraph\" data-schema-org-speakable=\"true\" class=\"css-1eosz7k\">\u00a9 dpa-infocom, dpa:260609-930-197593\/4<\/p>\n","protected":false},"excerpt":{"rendered":"D\u00fcsseldorf (dpa\/lnw) &#8211; Wegen eines Lecks an einer Erdgasleitung ist die Bundesstra\u00dfe 7 in D\u00fcsseldorf f\u00fcr mehrere Stunden&hellip;\n","protected":false},"author":2,"featured_media":1082700,"comment_status":"","ping_status":"","sticky":false,"template":"","format":"standard","meta":{"footnotes":"","_share_on_mastodon":"0"},"categories":[1831],"tags":[229948,229947,3364,29,3405,30,1209,4338,1974,149,601],"class_list":["post-1082699","post","type-post","status-publish","format-standard","has-post-thumbnail","category-duesseldorf","tag-40629-duesseldorf","tag-d-hubbelrath","tag-de","tag-deutschland","tag-duesseldorf","tag-germany","tag-nordrhein-westfalen","tag-notfall","tag-panorama","tag-sueddeutsche-zeitung","tag-verkehr"],"share_on_mastodon":{"url":"https:\/\/pubeurope.com\/@de\/116723154179639115","error":""},"_links":{"self":[{"href":"https:\/\/www.europesays.com\/de\/wp-json\/wp\/v2\/posts\/1082699","targetHints":{"allow":["GET"]}}],"collection":[{"href":"https:\/\/www.europesays.com\/de\/wp-json\/wp\/v2\/posts"}],"about":[{"href":"https:\/\/www.europesays.com\/de\/wp-json\/wp\/v2\/types\/post"}],"author":[{"embeddable":true,"href":"https:\/\/www.europesays.com\/de\/wp-json\/wp\/v2\/users\/2"}],"replies":[{"embeddable":true,"href":"https:\/\/www.europesays.com\/de\/wp-json\/wp\/v2\/comments?post=1082699"}],"version-history":[{"count":0,"href":"https:\/\/www.europesays.com\/de\/wp-json\/wp\/v2\/posts\/1082699\/revisions"}],"wp:featuredmedia":[{"embeddable":true,"href":"https:\/\/www.europesays.com\/de\/wp-json\/wp\/v2\/media\/1082700"}],"wp:attachment":[{"href":"https:\/\/www.europesays.com\/de\/wp-json\/wp\/v2\/media?parent=1082699"}],"wp:term":[{"taxonomy":"category","embeddable":true,"href":"https:\/\/www.europesays.com\/de\/wp-json\/wp\/v2\/categories?post=1082699"},{"taxonomy":"post_tag","embeddable":true,"href":"https:\/\/www.europesays.com\/de\/wp-json\/wp\/v2\/tags?post=1082699"}],"curies":[{"name":"wp","href":"https:\/\/api.w.org\/{rel}","templated":true}]}}