{"id":1082727,"date":"2026-06-10T01:28:28","date_gmt":"2026-06-10T01:28:28","guid":{"rendered":"https:\/\/www.europesays.com\/de\/1082727\/"},"modified":"2026-06-10T01:28:28","modified_gmt":"2026-06-10T01:28:28","slug":"absturz-des-europaeischen-kampfjets-wie-paris-und-berlin-das-mega-zukunftsprojekt-beerdigten-diepresse-com","status":"publish","type":"post","link":"https:\/\/www.europesays.com\/de\/1082727\/","title":{"rendered":"Absturz des europ\u00e4ischen Kampfjets: Wie Paris und Berlin das \u201eMega-Zukunftsprojekt\u201c beerdigten \u2013 DiePresse.com"},"content":{"rendered":"<p class=\"lead\">Europas gr\u00f6\u00dftes R\u00fcstungsprojekt ist Geschichte. Das ist auch symbolisch ein R\u00fcckschlag. Woran das deutsch-franz\u00f6sische Vorhaben  scheiterte  \u2013 und wie es nun weitergehen k\u00f6nnte.<\/p>\n<p><img loading=\"lazy\" decoding=\"async\" class=\"figure__image\" src=\"https:\/\/www.europesays.com\/de\/wp-content\/uploads\/2026\/06\/Defence Fighter Jet FCAS.webp\" alt=\"Das FCAS-Projekt kommt \u00fcber die Modellphase nicht hinaus.\" width=\"600\" height=\"400\"\/><\/p>\n<p>Das FCAS-Projekt kommt \u00fcber die Modellphase nicht hinaus.\u2003Reuters\/Charles Platiau<\/p>\n<p>                    09.06.2026 um 16:17<\/p>\n<p>                         <img decoding=\"async\" class=\"author__image\" src=\"https:\/\/www.europesays.com\/de\/wp-content\/uploads\/2026\/06\/Juergen_Streihammer_54x54.jpg\"  alt=\"J\u00fcrgen Streihammer\" width=\"54\" height=\"54\" loading=\"lazy\"\/>                                                                                     von                 <a class=\"author__link\" href=\"https:\/\/www.diepresse.com\/von\/juergen-streihammer\" rel=\"nofollow noopener\" target=\"_blank\"><strong>J\u00fcrgen Streihammer<\/strong><\/a>                                 <\/p>\n<p>Wien\/Berlin\/Paris. Es ist noch nicht lange her, da bezeichnete <a href=\"https:\/\/www.diepresse.com\/thema\/boris-pistorius\" data-tracking=\"at-link\" data-tracking-data=\"{\" event=\"\" click=\"\" article=\"\" des=\"\" europ=\"\" kampfjets:=\"\" wie=\"\" paris=\"\" und=\"\" berlin=\"\" das=\"\" beerdigten=\"\" rel=\"nofollow noopener\" target=\"_blank\">Boris Pistorius<\/a> das europ\u00e4ische Kampfjet-Projekt FCAS als ein \u201eMega-Zukunftsprojekt, das zum Erfolg verdammt ist\u201c.  Am Dienstag r\u00fcckte er schlie\u00dflich aus, um das Scheitern des deutsch-franz\u00f6sisch-spanischen Vorhabens zu erkl\u00e4ren. Als Grund f\u00fchrte der deutsche Verteidigungsminister Spannungen zwischen dem franz\u00f6sischen Konzern <a href=\"https:\/\/www.diepresse.com\/thema\/dassault\" data-tracking=\"at-link\" data-tracking-data=\"{\" event=\"\" click=\"\" article=\"\" des=\"\" europ=\"\" kampfjets:=\"\" wie=\"\" paris=\"\" und=\"\" berlin=\"\" das=\"\" beerdigten=\"\" rel=\"nofollow noopener\" target=\"_blank\">Dassault<\/a> und Airbus Defence and Space mit Sitz nahe M\u00fcnchen an. Die Politik h\u00e4tte zwar versucht zu vermitteln. \u201eSowohl <a href=\"https:\/\/www.diepresse.com\/thema\/friedrich-merz\" data-tracking=\"at-link\" data-tracking-data=\"{\" event=\"\" click=\"\" article=\"\" des=\"\" europ=\"\" kampfjets:=\"\" wie=\"\" paris=\"\" und=\"\" berlin=\"\" das=\"\" beerdigten=\"\" rel=\"nofollow noopener\" target=\"_blank\">Friedrich Merz<\/a> als auch ich haben mit Dassault und mit Airbus\u00a0gesprochen \u2013 intensiv, bilateral, multilateral. Macron hat es seinerseits versucht.\u201c Aber es nutzte nichts. Das Projekt scheiterte nach neun Jahren. Und trotz des gewaltigen Erfolgsdrucks, den <a href=\"https:\/\/www.diepresse.com\/thema\/putin\" data-tracking=\"at-link\" data-tracking-data=\"{\" event=\"\" click=\"\" article=\"\" des=\"\" europ=\"\" kampfjets:=\"\" wie=\"\" paris=\"\" und=\"\" berlin=\"\" das=\"\" beerdigten=\"\" rel=\"nofollow noopener\" target=\"_blank\">Putins<\/a> \u00dcberfall auf die Ukraine und Trumps Abkehr von Europa erzeugt hatten. <\/p>\n<p>Das Projekt scheiterte nach neun Jahren und trotz des gewaltigen Erfolgsdrucks, den zuletzt Putins \u00dcberfall auf die Ukraine und Trumps teilweise Abkehr von Europa erzeugt hatten. Auf dem Vorhaben lag jedoch von Anfang an kein Segen. Dass es nun auch offiziell begraben wurde, war f\u00fcr niemanden mehr eine \u00dcberraschung. Trotzdem d\u00fcrfte diese Bruchlandung nachwirken. <\/p>\n<p>FCAS war das gr\u00f6\u00dfte Symbol f\u00fcr Europas Bem\u00fchungen, sich aus der Abh\u00e4ngigkeit der USA zu l\u00f6sen. Die Denkfabrik <a href=\"https:\/\/www.diepresse.com\/thema\/stiftung-wissenschaft-und-politik\" data-tracking=\"at-link\" data-tracking-data=\"{\" event=\"\" click=\"\" article=\"\" des=\"\" europ=\"\" kampfjets:=\"\" wie=\"\" paris=\"\" und=\"\" berlin=\"\" das=\"\" beerdigten=\"\" rel=\"nofollow noopener\" target=\"_blank\">Stiftung Wissenschaft und Politik<\/a> (SWP) hat das 100-Milliarden-Projekt einmal als \u201eLackmustest\u201c daf\u00fcr beschrieben, \u201ein\u00adwiefern Europa in der Lage ist, sicherheitspolitisch zusammenzuarbeiten, eigene F\u00e4higkeiten zu entwickeln und zu diesem Zweck nationale Interessen in den Hintergrund zu stellen\u201c. Das Ergebnis ern\u00fcchtert.  <\/p>\n<p>Das Scheitern des 100-Milliarden-Euro-Projekts machte trotz aller Eigenheiten auch strukturelle Probleme sichtbar. In dem Projekt prallten unterschiedliche strategische Kulturen aufeinander. Hinzu kamen industriepolitische Rivalit\u00e4ten und es ging um die Frage, wie viel Konzerne bereit sind, preiszugeben \u2013 Stichwort geistiges Eigentum. Beispiel: Die Franzosen wollten einen atomwaffenf\u00e4higen Flieger, der auf Flugzeugtr\u00e4gern landen kann. Berlin hatte ganz andere Priorit\u00e4ten. \u00dcber Flugzeugtr\u00e4ger verf\u00fcgt Deutschland nicht. Und die US-Atombomben in Deutschland \u2013 Stichwort nukleare Teilhabe \u2013 w\u00fcrden im Ernstfall k\u00fcnftig auf F-35-Kampfjets montiert. <\/p>\n<p>Dassault beanspruchte von Beginn an die F\u00fchrungsrolle. Und Chef \u00c9ric Trappier erinnerte immer wieder daran, dass Frankreich bereits \u00fcber einen vollst\u00e4ndig national entwickelten Kampfjet verf\u00fcgt:\u00a0\u201eDie Technologien und das Know-how, die uns geh\u00f6ren, werden nicht geteilt\u201c, wurde er einmal zitiert. Auf deutscher Seite f\u00fcrchteten sie, auf die Rolle eines blo\u00dfen Zulieferers degradiert zu werden. Am Ende spielten auch Geld, industrielle Wertsch\u00f6pfung und der Erhalt von Arbeitspl\u00e4tzen eine Rolle. Auch technisch war FCAS von Beginn an weit mehr als nur ein neuer Kampfjet. <\/p>\n<p>Die Abk\u00fcrzung steht f\u00fcr Future Combat Air System. Geplant war ein vernetztes Luftkampfsystem, das ab 2040 eingef\u00fchrt werden sollte und in dem bemannte Flugzeuge, Drohnen, Sensoren und F\u00fchrungsmittel \u00fcber ein gemeinsames digitales Nervensystem \u2013 ein \u201eSystem der Systeme\u201c \u2013 zusammengeschaltet werden. Zumindest diese Vernetzungskomponente, diese \u201eCombat Cloud\u201c, soll nun fortgef\u00fchrt werden.<\/p>\n<p>Eine offene Frage lautete, ob nun auch andere gro\u00dfe deutsch-franz\u00f6sische Projekte in Gefahr sind. <a href=\"https:\/\/www.diepresse.com\/thema\/emmanuel-macron\" data-tracking=\"at-link\" data-tracking-data=\"{\" event=\"\" click=\"\" article=\"\" des=\"\" europ=\"\" kampfjets:=\"\" wie=\"\" paris=\"\" und=\"\" berlin=\"\" das=\"\" beerdigten=\"\" rel=\"nofollow noopener\" target=\"_blank\">Emmanuel Macron<\/a> hat damit vor Monaten gedroht. \u201eStellen Sie sich vor, der deutsche Partner w\u00fcrde das gemeinsame Flugzeugprojekt infrage stellen. Dann m\u00fcssten wir auch das gemeinsame Panzerprojekt infrage stellen.\u201c Wobei man auf deutscher Seite betonte, dass andere deutsch-franz\u00f6sische R\u00fcstungskooperationen zuletzt deutlich reibungsloser verliefen.<\/p>\n<p>Der Zeitpunkt f\u00fcr das Aus ist kein Zufall: In dieser Woche findet in Berlin die Luftfahrtausstellung ILA statt. Und laut \u201e<a href=\"https:\/\/www.diepresse.com\/thema\/financial-times\" data-tracking=\"at-link\" data-tracking-data=\"{\" event=\"\" click=\"\" article=\"\" des=\"\" europ=\"\" kampfjets:=\"\" wie=\"\" paris=\"\" und=\"\" berlin=\"\" das=\"\" beerdigten=\"\" rel=\"nofollow noopener\" target=\"_blank\">Financial Times<\/a>\u201c schmiedet Airbus eine Allianz namens \u201eTeam Gen 6\u201c, die eigene Kampfjet-Pl\u00e4ne vorantreibt und dort vorgestellt werden soll. Dem Konsortium geh\u00f6ren acht in Deutschland verankerte Firmen an. Europ\u00e4ische Partner sollen folgen. Spekuliert wurde \u00fcber Firmen aus Spanien (das schon bei FCAS angedockt war) oder aus Schweden mit seiner traditionsreichen Luftfahrtindustrie oder aus Gro\u00dfbritannien, Italien und Japan, die mit dem \u201eGlobal Combat Air Programme\u201c ein eigenes Projekt f\u00fcr einen Jet der sechsten Generation vorantreiben. Hinter den Kulissen wird jedenfalls schon l\u00e4nger sondiert. \u201eWir sind seit Monaten im Gespr\u00e4ch mit verschiedenen Akteuren\u201c, sagte Pistorius am Dienstag.<\/p>\n<blockquote class=\"quote\"><\/blockquote>\n","protected":false},"excerpt":{"rendered":"Europas gr\u00f6\u00dftes R\u00fcstungsprojekt ist Geschichte. Das ist auch symbolisch ein R\u00fcckschlag. Woran das deutsch-franz\u00f6sische Vorhaben scheiterte \u2013 und&hellip;\n","protected":false},"author":2,"featured_media":1082728,"comment_status":"","ping_status":"","sticky":false,"template":"","format":"standard","meta":{"footnotes":"","_share_on_mastodon":"0"},"categories":[1825],"tags":[296,29,30],"class_list":["post-1082727","post","type-post","status-publish","format-standard","has-post-thumbnail","category-berlin","tag-berlin","tag-deutschland","tag-germany"],"share_on_mastodon":{"url":"https:\/\/pubeurope.com\/@de\/116723221180361714","error":""},"_links":{"self":[{"href":"https:\/\/www.europesays.com\/de\/wp-json\/wp\/v2\/posts\/1082727","targetHints":{"allow":["GET"]}}],"collection":[{"href":"https:\/\/www.europesays.com\/de\/wp-json\/wp\/v2\/posts"}],"about":[{"href":"https:\/\/www.europesays.com\/de\/wp-json\/wp\/v2\/types\/post"}],"author":[{"embeddable":true,"href":"https:\/\/www.europesays.com\/de\/wp-json\/wp\/v2\/users\/2"}],"replies":[{"embeddable":true,"href":"https:\/\/www.europesays.com\/de\/wp-json\/wp\/v2\/comments?post=1082727"}],"version-history":[{"count":0,"href":"https:\/\/www.europesays.com\/de\/wp-json\/wp\/v2\/posts\/1082727\/revisions"}],"wp:featuredmedia":[{"embeddable":true,"href":"https:\/\/www.europesays.com\/de\/wp-json\/wp\/v2\/media\/1082728"}],"wp:attachment":[{"href":"https:\/\/www.europesays.com\/de\/wp-json\/wp\/v2\/media?parent=1082727"}],"wp:term":[{"taxonomy":"category","embeddable":true,"href":"https:\/\/www.europesays.com\/de\/wp-json\/wp\/v2\/categories?post=1082727"},{"taxonomy":"post_tag","embeddable":true,"href":"https:\/\/www.europesays.com\/de\/wp-json\/wp\/v2\/tags?post=1082727"}],"curies":[{"name":"wp","href":"https:\/\/api.w.org\/{rel}","templated":true}]}}