{"id":1082751,"date":"2026-06-10T01:46:22","date_gmt":"2026-06-10T01:46:22","guid":{"rendered":"https:\/\/www.europesays.com\/de\/1082751\/"},"modified":"2026-06-10T01:46:22","modified_gmt":"2026-06-10T01:46:22","slug":"cdu-general-carsten-linnemann-kriegt-kein-schnitzel-bei-der-spd-politik","status":"publish","type":"post","link":"https:\/\/www.europesays.com\/de\/1082751\/","title":{"rendered":"CDU-General Carsten Linnemann kriegt kein Schnitzel bei der SPD | Politik"},"content":{"rendered":"<p><a class=\"skip-content skip-content--link\" href=\"#in-content-skip-link-target-v-0-0\">TTS-Player \u00fcberspringen\u21b5<\/a><a id=\"in-content-skip-link-target-v-0-0\" class=\"skip-content--target-link-hidden skip-content skip-content--target-link\" href=\"#in-content-skip-link-target-v-0-0\">Artikel weiterlesen<\/a><\/p>\n<p data-83f060b9=\"0-2861\">Berlin \u2013\u00a0<b>Eine Seefahrt, die ist lustig \u2013 wie lustig, das bewies Bayerns Ministerpr\u00e4sident Markus S\u00f6der (59, CSU), als er am Dienstagabend mit 30 Minuten Versp\u00e4tung an Bord der \u201eHavel Queen\u201c ging. S\u00f6der nahm mit CDU-Generalsekret\u00e4r Carsten Linnemann (48) als Ehrengast an der traditionellen \u201eSpargelfahrt\u201c des Seeheimer Kreises (konservativer Fl\u00fcgel der SPD-Bundestagsfraktion) teil. <\/b><\/p>\n<p data-83f060b9=\"0-2861\">Und seine Rede w\u00e4hrend des Essens \u2013 serviert wurde Nienburger Spargel mit Kartoffeln und Schweineschnitzel \u2013 hatte es in sich! \u00dcber die Einladung habe er sich \u201egewundert, gefreut und geehrt gef\u00fchlt zugleich\u201c, kalauerte der CSU-Chef los. Er habe im vergangenen Herbst eine \u201etolle Begegnung\u201c gehabt mit den Seeheimern, lobte S\u00f6der. Was er meint: Die Abgeordneten waren im September zur Fraktionsklausur in M\u00fcnchen und anschlie\u00dfend auf dem Oktoberfest. S\u00f6der weiter: \u201eUnd es gab keine einzige Nachricht \u00fcber auff\u00e4lliges Verhalten danach.\u201c<\/p>\n<p><img decoding=\"async\" width=\"992\" height=\"558\" alt=\"S\u00f6der frotzelt, Klingbeil schmunzelt, Linnemann schaut verdutzt\" src=\"https:\/\/www.europesays.com\/de\/wp-content\/uploads\/2026\/06\/6a273c169a696ea31253c2f0927342df,435d8dd6.jpeg\"   class=\"landscape\" loading=\"lazy\"\/><\/p>\n<p class=\"fig__caption__text\">S\u00f6der frotzelt, Klingbeil schmunzelt, Linnemann schaut verdutzt<\/p>\n<p>Foto: Markus Schreiber\/AP-Pool\/dpa<\/p>\n<p data-83f060b9=\"0-2861\">Lautes Gel\u00e4chter an Bord! DENN: W\u00e4hrend des Wiesn-Besuchs der Seeheimer kam es im K\u00e4fer-Festzelt zu einer <a href=\"https:\/\/www.bild.de\/politik\/inland\/bundestagsabgeordnete-spd-rauften-sich-auf-dem-oktoberfest-zoff-im-zelt-699ee889b82b0ead58da7fca\" class=\"text-link\" rel=\"nofollow noopener\" target=\"_blank\">Rauferei zwischen den Abgeordneten Uwe Schmidt (60, SPD) und Esra Limbacher (37, SPD)<\/a>, die im Bundestag wochenlang Tuschelthema war.<\/p>\n<p>Klare Kante gegen AfD<\/p>\n<p data-83f060b9=\"0-2861\">Am Vorabend des Gipfels mit den Sozialpartnern, der am Mittwochabend (ab 19 Uhr) im Kanzleramt ansteht, fand <a href=\"https:\/\/www.bild.de\/politik\/leute\/markus-soeder\/markus-soeder-alle-infos-76681868.bild.html\" class=\"text-link\" rel=\"nofollow noopener\" target=\"_blank\">S\u00f6der<\/a> aber auch ernste Worte. In Bezug auf die anstehenden Sozialreformen mahnte er an, dass \u201eMillionen Menschen auch mitgenommen werden\u201c m\u00fcssten. Die Reformen m\u00fcssten \u201eeinen Grundanspruch von Gerechtigkeit erf\u00fcllen\u201c. Und weiter: \u201eWir k\u00f6nnen nicht \u00fcber die K\u00f6pfe und Herzen von Millionen Menschen hinweggehen.\u201c Auch \u201edie kleinen Leute\u201c m\u00fcssten sich \u201ein dieser Demokratie bei uns wohlf\u00fchlen\u201c, betonte der CSU-Chef mit Blick auf seine Partei und meinte damit explizit die N\u00e4he zwischen CSU und <a href=\"https:\/\/www.bild.de\/politik\/inland\/spd\/spd-alle-infos-76661710.bild.html\" class=\"text-link\" rel=\"nofollow noopener\" target=\"_blank\">SPD<\/a>.<\/p>\n<p><b>Hintergrund: <\/b>Die Spargelfahrt auf dem Tegeler See ist das traditionelle Sommerfest des Seeheimer Kreises. Am Dienstagabend legte die \u201eHavel Queen\u201c zum 65. Mal ab. An Bord waren auch Au\u00dfenminister Johann Wadephul (63, CDU), Finanzminister Lars Klingbeil (48, SPD), Umweltminister Carsten Schneider (50, SPD), Entwicklungsministerin Reem Alabali-Radovan (36, SPD) und rund 400 G\u00e4ste aus Politik, Wirtschaft und Medien. <\/p>\n<p data-83f060b9=\"0-2861\">Er habe n\u00e4mlich \u201ekeinen Bock, immer nur zu lesen, dass die AfD pl\u00f6tzlich eine Arbeitnehmerpartei sei\u201c. DENN: \u201eDie Arbeitnehmerparteien, die sitzen hier!\u201c Dieser Satz lie\u00df <a href=\"https:\/\/www.bild.de\/politik\/leute\/lars-klingbeil\/thema-lars-klingbeil-alle-infos-80020022.bild.html\" class=\"text-link\" rel=\"nofollow noopener\" target=\"_blank\">Klingbeil<\/a> grinsen, CDU-General Linnemann hingegen guckte ziemlich sparsam. S\u00f6der hatte n\u00e4mlich zuvor klargestellt: \u201eWir bei der CSU gelten ja auch immer bei der CDU als ein bisschen verd\u00e4chtig, weil wir das S im Namen f\u00fchren, fast ein bisschen so halb sozialdemokratisch sind.\u201c<\/p>\n<p>Mehr zum Thema<\/p>\n<p data-83f060b9=\"0-2861\">S\u00f6der verlie\u00df das Schiff vor der Abfahrt. Und auch SPD-Fraktionschef Matthias Miersch (57) musste von Bord, um in kleiner Runde die anstehenden Reform-Gespr\u00e4che vorzubereiten.<\/p>\n<p data-83f060b9=\"0-2861\">Zur\u00fcck blieb CDU-General Linnemann. Der hatte, als das Schiff noch am Steg lag und das Essen serviert wurde, nichts abbekommen. Linnemann sa\u00df zwischen S\u00f6der und Klingbeil am Ehrentisch. Nachdem die beiden Parteichefs mit Schnitzel und Spargel versorgt worden waren, war dummerweise am Tisch kein Platz mehr f\u00fcr den Linnemann-Teller. So verzichtete er bescheiden \u2013 und begn\u00fcgte sich w\u00e4hrend der Seerundfahrt mit einem Bratwurstbr\u00f6tchen.<\/p>\n","protected":false},"excerpt":{"rendered":"TTS-Player \u00fcberspringen\u21b5Artikel weiterlesen Berlin \u2013\u00a0Eine Seefahrt, die ist lustig \u2013 wie lustig, das bewies Bayerns Ministerpr\u00e4sident Markus S\u00f6der&hellip;\n","protected":false},"author":2,"featured_media":1082752,"comment_status":"","ping_status":"","sticky":false,"template":"","format":"standard","meta":{"footnotes":"","_share_on_mastodon":"0"},"categories":[2],"tags":[774,29,30,13,14,15,12,184,138370,10,8,9,11],"class_list":["post-1082751","post","type-post","status-publish","format-standard","has-post-thumbnail","category-deutschland","tag-csu","tag-deutschland","tag-germany","tag-headlines","tag-nachrichten","tag-news","tag-schlagzeilen","tag-spd","tag-team-first","tag-top-news","tag-top-meldungen","tag-topmeldungen","tag-topnews"],"share_on_mastodon":{"url":"https:\/\/pubeurope.com\/@de\/116723291935443302","error":""},"_links":{"self":[{"href":"https:\/\/www.europesays.com\/de\/wp-json\/wp\/v2\/posts\/1082751","targetHints":{"allow":["GET"]}}],"collection":[{"href":"https:\/\/www.europesays.com\/de\/wp-json\/wp\/v2\/posts"}],"about":[{"href":"https:\/\/www.europesays.com\/de\/wp-json\/wp\/v2\/types\/post"}],"author":[{"embeddable":true,"href":"https:\/\/www.europesays.com\/de\/wp-json\/wp\/v2\/users\/2"}],"replies":[{"embeddable":true,"href":"https:\/\/www.europesays.com\/de\/wp-json\/wp\/v2\/comments?post=1082751"}],"version-history":[{"count":0,"href":"https:\/\/www.europesays.com\/de\/wp-json\/wp\/v2\/posts\/1082751\/revisions"}],"wp:featuredmedia":[{"embeddable":true,"href":"https:\/\/www.europesays.com\/de\/wp-json\/wp\/v2\/media\/1082752"}],"wp:attachment":[{"href":"https:\/\/www.europesays.com\/de\/wp-json\/wp\/v2\/media?parent=1082751"}],"wp:term":[{"taxonomy":"category","embeddable":true,"href":"https:\/\/www.europesays.com\/de\/wp-json\/wp\/v2\/categories?post=1082751"},{"taxonomy":"post_tag","embeddable":true,"href":"https:\/\/www.europesays.com\/de\/wp-json\/wp\/v2\/tags?post=1082751"}],"curies":[{"name":"wp","href":"https:\/\/api.w.org\/{rel}","templated":true}]}}