{"id":1082753,"date":"2026-06-10T01:47:17","date_gmt":"2026-06-10T01:47:17","guid":{"rendered":"https:\/\/www.europesays.com\/de\/1082753\/"},"modified":"2026-06-10T01:47:17","modified_gmt":"2026-06-10T01:47:17","slug":"bericht-netanjahu-zu-alleingang-gegen-den-iran-bereit","status":"publish","type":"post","link":"https:\/\/www.europesays.com\/de\/1082753\/","title":{"rendered":"Bericht: Netanjahu zu Alleingang gegen den Iran bereit"},"content":{"rendered":"<p class=\"text-18 leading-17 user-text-lg:text-22 user-text-xl:text-24\">US-Medien berichteten unter Berufung auf das Milit\u00e4r, dass die beiden Besatzungsmitglieder von einem unbemannten Boot &#8211; einem Drohnenboot &#8211; geortet und gerettet worden sei. Laut <a class=\"transition-colors duration-200 cursor-pointer text-inherit no-underline text-salemsfur md:hover:text-magenta md:hover:border-magenta md:focus:text-magenta border-current border-b border-solid break-words\" data-tracking=\"{&quot;action&quot;:&quot;click&quot;,&quot;category&quot;:&quot;intextLink&quot;,&quot;label&quot;:&quot;\/themen\/cnn\/&quot;}\" href=\"https:\/\/www.t-online.de\/themen\/cnn\/\" data-sctrack=\"BodyAnchor\" rel=\"nofollow noopener\" target=\"_blank\">CNN<\/a> wurden die Besatzungsmitglieder dann von einem Hubschrauber hochgezogen.<\/p>\n<p>Iran beschlagnahmt Verm\u00f6gen von zahlreichen Kritikern<\/p>\n<p class=\"text-18 leading-17 user-text-lg:text-22 user-text-xl:text-24\">Die iranische Justiz hat nach eigenen Angaben mehr als 200 Verm\u00f6gen von Kritikern und Regierungsgegnern beschlagnahmt. Justizsprecher Asghar Dschahangir sprach laut iranischen Medien von &#8222;Vaterlandsverr\u00e4tern&#8220;, deren Besitz und Verm\u00f6gen konsequent eingezogen werde. Auf welchen Zeitraum sich die Zahl bezieht, lie\u00df er offen.<\/p>\n<p class=\"text-18 leading-17 user-text-lg:text-22 user-text-xl:text-24\">Seit Beginn des Kriegs mit den USA und Israel Ende Februar berichten Bewohner iranischer Gro\u00dfst\u00e4dte von versch\u00e4rften Repressionen. Demnach haben Fahrzeugkontrollen durch Sicherheitskr\u00e4fte zugenommen, zudem sollen Konten von Regimekritikern eingefroren worden sein. Die F\u00fchrung in Teheran begr\u00fcndet das Vorgehen mit dem Kampf gegen mutma\u00dfliche Spione und Verr\u00e4ter. Kritiker werfen den Beh\u00f6rden dagegen vor, die Beschlagnahmungen auch zur Finanzierung des Staates zu nutzen. Seit Kriegsbeginn wurden zudem bereits Dutzende Menschen hingerichtet.<\/p>\n<p><a href=\"#focus-2\" class=\"transition-colors duration-200 block text-current relative\" data-sctrack=\"FocusGalleryImage.Reference\"><img   loading=\"lazy\" src=\"https:\/\/www.europesays.com\/de\/wp-content\/uploads\/2026\/06\/proteste-im-iran-archivbild.jpg\" alt=\"Proteste im Iran (Archivbild).\" title=\"Proteste im Iran (Archivbild).\" width=\"800\" height=\"450\" class=\"h-full w-full max-w-full rounded-8\" decoding=\"async\"\/><img loading=\"lazy\" src=\"https:\/\/www.t-online.de\/s\/paper\/_next\/static\/media\/zoom-in.f7dae02f.svg\" alt=\"Vergr\u00f6\u00dfern des Bildes\" title=\"Vergr\u00f6\u00dfern des Bildes\" class=\"block h-[calc(var(--height)_\/_16_*_1rem)] w-[calc(var(--width)_\/_16_*_1rem)] max-w-none absolute bottom-8 right-8 rounded-4 bg-snow p-8\" style=\"--width:32;--height:32\" decoding=\"async\"\/>Anfang des Jahres kam es zu massiven Protesten gegen das Regime im Iran, die brutal niedergeschlagen wurden (Archivbild). (Quelle: Uncredited)<\/a><\/p>\n<p>Iran meldet zwei get\u00f6tete Soldaten nach israelischen Angriffen<\/p>\n<p class=\"text-18 leading-17 user-text-lg:text-22 user-text-xl:text-24\">Nach den israelischen Angriffen hat der Iran zwei Tote gemeldet. Die beiden Soldaten der Flugabwehr seien am Montag durch israelischen Beschuss get\u00f6tet worden, hie\u00df es in einer von der iranischen Nachrichtenagentur Tasnim verbreiteten Erkl\u00e4rung. Zu ihrem Einsatzort gab es zun\u00e4chst keine Angaben.<\/p>\n<p class=\"text-18 leading-17 user-text-lg:text-22 user-text-xl:text-24\">Zuvor hatten Irans Rettungsdienste 15 Verletzte gemeldet. 14 der Verletzten stammten demnach aus der Provinz Chusestan im Landess\u00fcden. Einer der Verletzten stammte aus der Hauptstadt Teheran.<\/p>\n<p>Westliche Staaten verh\u00e4ngen Sanktionen gegen Siedler in Westjordanland<\/p>\n<p class=\"text-18 leading-17 user-text-lg:text-22 user-text-xl:text-24\"><a class=\"transition-colors duration-200 cursor-pointer text-inherit no-underline text-salemsfur md:hover:text-magenta md:hover:border-magenta md:focus:text-magenta border-current border-b border-solid break-words\" data-tracking=\"{&quot;action&quot;:&quot;click&quot;,&quot;category&quot;:&quot;intextLink&quot;,&quot;label&quot;:&quot;\/themen\/grossbritannien\/&quot;}\" href=\"https:\/\/www.t-online.de\/themen\/grossbritannien\/\" data-sctrack=\"BodyAnchor\" rel=\"nofollow noopener\" target=\"_blank\">Gro\u00dfbritannien<\/a>, Frankreich, Kanada, Australien, Neuseeland und Norwegen haben am Dienstag koordinierte Sanktionen gegen extremistische israelische Siedler im Westjordanland verh\u00e4ngt. Dies teilte der franz\u00f6sische Au\u00dfenminister Jean-Noel Barrot mit. Die Staaten reagierten damit auf eine Verschlechterung der Sicherheitslage in dem Gebiet.<\/p>\n<p class=\"text-18 leading-17 user-text-lg:text-22 user-text-xl:text-24\"><a class=\"transition-colors duration-200 cursor-pointer text-inherit no-underline text-salemsfur md:hover:text-magenta md:hover:border-magenta md:focus:text-magenta border-current border-b border-solid break-words\" data-tracking=\"{&quot;action&quot;:&quot;click&quot;,&quot;category&quot;:&quot;intextLink&quot;,&quot;label&quot;:&quot;\/themen\/frankreich\/&quot;}\" href=\"https:\/\/www.t-online.de\/themen\/frankreich\/\" data-sctrack=\"BodyAnchor\" rel=\"nofollow noopener\" target=\"_blank\">Frankreich<\/a> habe zudem ein Einreiseverbot gegen den israelischen Finanzminister Bezalel Smotrich, vier Anf\u00fchrer von Siedlerorganisationen sowie 21 gewaltt\u00e4tige Siedler verh\u00e4ngt, erkl\u00e4rte Barrot auf der Plattform X. Die Staatengruppe warnte, sie sei zu weiteren Schritten bereit, sollte die israelische Regierung nicht unverz\u00fcglich Ma\u00dfnahmen ergreifen, um die Situation vor Ort zu verbessern.<\/p>\n<p>Erneut Tote nach israelischem Angriff im Libanon<\/p>\n<p class=\"text-18 leading-17 user-text-lg:text-22 user-text-xl:text-24\">Ungeachtet einer Waffenruhe-Vereinbarung greift das israelische Milit\u00e4r weiter im S\u00fcdlibanon an. Bei einem Angriff am Stadtrand der K\u00fcstenstadt Tyrus wurden nach vorl\u00e4ufigen Angaben des Gesundheitsministeriums mindestens acht Menschen get\u00f6tet und 32 weitere Personen verletzt. Aus Kreisen des libanesischen Zivilschutzes hie\u00df es zuvor, es seien neun Menschen get\u00f6tet worden.<\/p>\n<p>Loading&#8230;<\/p>\n<p>Loading&#8230;<\/p>\n<p>Loading&#8230;<\/p>\n","protected":false},"excerpt":{"rendered":"US-Medien berichteten unter Berufung auf das Milit\u00e4r, dass die beiden Besatzungsmitglieder von einem unbemannten Boot &#8211; einem Drohnenboot&hellip;\n","protected":false},"author":2,"featured_media":1082754,"comment_status":"","ping_status":"","sticky":false,"template":"","format":"standard","meta":{"footnotes":"","_share_on_mastodon":"0"},"categories":[5],"tags":[1217,326,174096,59138,2140,499,39542,7373,229961,106,156,13,23442,18544,2954,345,186871,411,207605,16928,30730,4045,7296,451,14,15,3129,15643,12,29839,9976,10,8,9,11,16147,64,12184],"class_list":["post-1082753","post","type-post","status-publish","format-standard","has-post-thumbnail","category-nachrichten","tag-1217","tag-326","tag-174096","tag-alleingang","tag-angriff","tag-benjamin-netanjahu","tag-bmg","tag-cnn","tag-danny-citronowicz","tag-donald-trump","tag-frankreich","tag-headlines","tag-helikopter","tag-hisbollah","tag-hubschrauber","tag-iran","tag-iran-krieg","tag-israel","tag-israel-ende","tag-jean-noel-barrot","tag-jerusalem","tag-konflikt","tag-libanon","tag-militaer","tag-nachrichten","tag-news","tag-newsblog","tag-oman","tag-schlagzeilen","tag-strasse-von-hormus","tag-teheran","tag-top-news","tag-top-meldungen","tag-topmeldungen","tag-topnews","tag-united-states-central-command","tag-usa","tag-westjordanland"],"share_on_mastodon":{"url":"","error":"Validation failed: Text character limit of 500 exceeded"},"_links":{"self":[{"href":"https:\/\/www.europesays.com\/de\/wp-json\/wp\/v2\/posts\/1082753","targetHints":{"allow":["GET"]}}],"collection":[{"href":"https:\/\/www.europesays.com\/de\/wp-json\/wp\/v2\/posts"}],"about":[{"href":"https:\/\/www.europesays.com\/de\/wp-json\/wp\/v2\/types\/post"}],"author":[{"embeddable":true,"href":"https:\/\/www.europesays.com\/de\/wp-json\/wp\/v2\/users\/2"}],"replies":[{"embeddable":true,"href":"https:\/\/www.europesays.com\/de\/wp-json\/wp\/v2\/comments?post=1082753"}],"version-history":[{"count":0,"href":"https:\/\/www.europesays.com\/de\/wp-json\/wp\/v2\/posts\/1082753\/revisions"}],"wp:featuredmedia":[{"embeddable":true,"href":"https:\/\/www.europesays.com\/de\/wp-json\/wp\/v2\/media\/1082754"}],"wp:attachment":[{"href":"https:\/\/www.europesays.com\/de\/wp-json\/wp\/v2\/media?parent=1082753"}],"wp:term":[{"taxonomy":"category","embeddable":true,"href":"https:\/\/www.europesays.com\/de\/wp-json\/wp\/v2\/categories?post=1082753"},{"taxonomy":"post_tag","embeddable":true,"href":"https:\/\/www.europesays.com\/de\/wp-json\/wp\/v2\/tags?post=1082753"}],"curies":[{"name":"wp","href":"https:\/\/api.w.org\/{rel}","templated":true}]}}