{"id":1082756,"date":"2026-06-10T01:49:41","date_gmt":"2026-06-10T01:49:41","guid":{"rendered":"https:\/\/www.europesays.com\/de\/1082756\/"},"modified":"2026-06-10T01:49:41","modified_gmt":"2026-06-10T01:49:41","slug":"lontzen-historische-fassade-sorgt-fuer-diskussionen-erste-haushaltsanpassung-verabschiedet","status":"publish","type":"post","link":"https:\/\/www.europesays.com\/de\/1082756\/","title":{"rendered":"Lontzen: Historische Fassade sorgt f\u00fcr Diskussionen \u2013 erste Haushaltsanpassung verabschiedet"},"content":{"rendered":"<p>Das ehemalige Hotel Herren in Herbesthal, das einen Steinwurf von der blauen Eisenbahnbr\u00fccke entfernt steht, soll k\u00fcnftig f\u00fcnf Wohnungen sowie eine Zahnarztpraxis beherbergen. Roger Franssen (Union) unterst\u00fctzt die neue Nutzung des Geb\u00e4udes. Er kritisierte aber, dass durch die geplante Au\u00dfend\u00e4mmung die historische Fassade verloren gehe. Das ehemalige Hotel sei ein pr\u00e4gendes Geb\u00e4ude des Ortskerns und Teil des lokalen Kulturerbes. Zudem verwies Franssen auf ein negatives Gutachten des Kommunalen Raumordnungs- und Mobilit\u00e4tsausschusses (KBARM), der sich f\u00fcr den Erhalt der Fassade ausgesprochen hatte.<\/p>\n<p>Raumordnungssch\u00f6ffin Evelyn Jadin (Energie) verteidigte das Projekt. Ziel sei es, das Geb\u00e4ude langfristig zu erhalten und vor Leerstand oder Verfall zu sch\u00fctzen. Bei der Bewertung eines Bauantrags m\u00fcssten verschiedene Aspekte ber\u00fccksichtigt werden, darunter Denkmalschutz, energetische Anforderungen und die k\u00fcnftige Nutzbarkeit des Geb\u00e4udes.<\/p>\n<p>Ebenfalls auf der Tagesordnung stand die erste Haushaltsanpassung des Jahres. Finanzsch\u00f6ffe Jos\u00e9 Grommes (Energie) stellte mehrere Anpassungen und Investitionen vor. So schafft die Gemeinde die Voraussetzungen f\u00fcr einen Kredit von rund 1,46 Millionen Euro f\u00fcr die Neugestaltung der Montzener Stra\u00dfe. Die Arbeiten k\u00f6nnten noch in diesem Jahr beginnen.<\/p>\n<p>Beim Ausbau der Gemeindeschule Walhorn wurde der Zeitplan um etwa ein Jahr verschoben. Die Kosten werden weiterhin mit rund 3,6 Millionen Euro angegeben. Roger Franssen \u00e4u\u00dferte jedoch Zweifel an dieser Sch\u00e4tzung. Er geht davon aus, dass die Kosten am Ende die Marke von f\u00fcnf Millionen Euro \u00fcberschreiten k\u00f6nnten. Union und Ecolo kritisierten zudem, dass die Schulprojekte einen immer gr\u00f6\u00dferen Teil der Investitionen beanspruchen, w\u00e4hrend andere Bereiche der Gemeinde zu kurz k\u00e4men.<\/p>\n<p>F\u00fcr den KSC Lontzen ist ein Sonderzuschuss von 99.000 Euro zur Erneuerung des Kunstrasenplatzes vorgesehen. Weitere 85.000 Euro flie\u00dfen in die laufenden Arbeiten an der Kirche St. Stephanus in Walhorn. Zudem investiert die Gemeinde in die Digitalisierung der Verwaltung.<\/p>\n<p>Die Union lehnte die Haushaltsanpassung ab. Ecolo enthielt sich. Yannick Heuschen begr\u00fc\u00dfte zwar die Arbeiten an der Montzener Stra\u00dfe, bem\u00e4ngelte jedoch erneut fehlende Investitionen in die weiche Mobilit\u00e4t.<\/p>\n<p class=\"customquelle\">Dogan Malicki<\/p>\n","protected":false},"excerpt":{"rendered":"Das ehemalige Hotel Herren in Herbesthal, das einen Steinwurf von der blauen Eisenbahnbr\u00fccke entfernt steht, soll k\u00fcnftig f\u00fcnf&hellip;\n","protected":false},"author":2,"featured_media":106556,"comment_status":"","ping_status":"","sticky":false,"template":"","format":"standard","meta":{"footnotes":"","_share_on_mastodon":"0"},"categories":[1853],"tags":[1424,3364,29,548,663,3934,30,13,14,15,1209,12],"class_list":["post-1082756","post","type-post","status-publish","format-standard","has-post-thumbnail","category-aachen","tag-aachen","tag-de","tag-deutschland","tag-eu","tag-europa","tag-europe","tag-germany","tag-headlines","tag-nachrichten","tag-news","tag-nordrhein-westfalen","tag-schlagzeilen"],"share_on_mastodon":{"url":"https:\/\/pubeurope.com\/@de\/116723303674642797","error":""},"_links":{"self":[{"href":"https:\/\/www.europesays.com\/de\/wp-json\/wp\/v2\/posts\/1082756","targetHints":{"allow":["GET"]}}],"collection":[{"href":"https:\/\/www.europesays.com\/de\/wp-json\/wp\/v2\/posts"}],"about":[{"href":"https:\/\/www.europesays.com\/de\/wp-json\/wp\/v2\/types\/post"}],"author":[{"embeddable":true,"href":"https:\/\/www.europesays.com\/de\/wp-json\/wp\/v2\/users\/2"}],"replies":[{"embeddable":true,"href":"https:\/\/www.europesays.com\/de\/wp-json\/wp\/v2\/comments?post=1082756"}],"version-history":[{"count":0,"href":"https:\/\/www.europesays.com\/de\/wp-json\/wp\/v2\/posts\/1082756\/revisions"}],"wp:featuredmedia":[{"embeddable":true,"href":"https:\/\/www.europesays.com\/de\/wp-json\/wp\/v2\/media\/106556"}],"wp:attachment":[{"href":"https:\/\/www.europesays.com\/de\/wp-json\/wp\/v2\/media?parent=1082756"}],"wp:term":[{"taxonomy":"category","embeddable":true,"href":"https:\/\/www.europesays.com\/de\/wp-json\/wp\/v2\/categories?post=1082756"},{"taxonomy":"post_tag","embeddable":true,"href":"https:\/\/www.europesays.com\/de\/wp-json\/wp\/v2\/tags?post=1082756"}],"curies":[{"name":"wp","href":"https:\/\/api.w.org\/{rel}","templated":true}]}}