{"id":1082880,"date":"2026-06-10T03:01:22","date_gmt":"2026-06-10T03:01:22","guid":{"rendered":"https:\/\/www.europesays.com\/de\/1082880\/"},"modified":"2026-06-10T03:01:22","modified_gmt":"2026-06-10T03:01:22","slug":"oben-ohne-und-ganz-privat-ellie-goulding-teilt-intimes-foto","status":"publish","type":"post","link":"https:\/\/www.europesays.com\/de\/1082880\/","title":{"rendered":"Oben ohne und ganz privat: Ellie Goulding teilt intimes Foto"},"content":{"rendered":"<p style=\"order:0\" class=\"spanFix max-w-[750px] leading-[30px] sm:text-[22px] sm:leading-[38px] sm:text-[22px] sm:leading-[38px]\"><a target=\"_self\" data-google-interstitial=\"true\" href=\"https:\/\/www.promiflash.de\/thema\/ellie-goulding\/\" rel=\"nofollow noopener\">Ellie Goulding<\/a> (39) gew\u00e4hrt ihren Fans einen ungewohnt privaten Einblick in ihre Schwangerschaft mit Tochter Iris: Auf Instagram teilt die S\u00e4ngerin jetzt emotionale Erinnerungsfotos, darunter ein besonders intimes Schwarz-Wei\u00df-Motiv. <b>Darauf steht Ellie oben ohne vor der Kamera, h\u00e4lt mit einer Hand ihre Brust bedeckt und strahlt, w\u00e4hrend ihr Partner Beau Minniear liebevoll ihren runden Babybauch k\u00fcsst.<\/b> Ein weiteres Bild zeigt die Britin mit Engelsfl\u00fcgeln, mit denen sie ihren bereits deutlich sichtbaren Bauch stolz in Szene setzt.<\/p>\n<p style=\"order:3\" class=\"spanFix max-w-[750px] leading-[30px] sm:text-[22px] sm:leading-[38px] sm:text-[22px] sm:leading-[38px]\">Iris kam im M\u00e4rz zur Welt und ist Ellies erstes gemeinsames Kind mit dem amerikanischen Schauspieler Beau. Die K\u00fcnstlerin hat bereits Sohn Arthur aus ihrer Ehe mit <a target=\"_self\" data-google-interstitial=\"true\" href=\"https:\/\/www.promiflash.de\/thema\/caspar-jopling\/\" rel=\"nofollow noopener\">Caspar Jopling<\/a> (34). Doch nicht nur die Familie besch\u00e4ftigt Ellie gerade. Parallel richtet sie ihren Blick l\u00e4ngst wieder auf <a target=\"_self\" data-google-interstitial=\"true\" href=\"https:\/\/www.promiflash.de\/news\/2026\/06\/03\/nach-geburt-und-scheidung-ellie-goulding-feiert-comeback.html\" rel=\"nofollow noopener\">die Musik<\/a>: Im September soll ihr neues Album &#8222;I Know Too Much&#8220; erscheinen, wie sie unter anderem bei &#8222;Later\u2026 with Jools Holland&#8220; erz\u00e4hlte. Dort sprach Ellie auch dar\u00fcber, wie anders sich die zweite Schwangerschaft f\u00fcr sie angef\u00fchlt habe und dass sie sich dieses Mal viel besser vorbereitet gef\u00fchlt habe, um wieder in ihren k\u00fcnstlerischen Rhythmus zu finden. <b>&#8222;Jetzt bin ich viel gelassener und habe das schon einmal geschafft, daher bin ich dieses Mal viel besser ger\u00fcstet, um wieder in diese Denkweise zu kommen&#8220;<\/b>, so Ellie.<\/p>\n<p style=\"order:6\" class=\"spanFix max-w-[750px] leading-[30px] sm:text-[22px] sm:leading-[38px] sm:text-[22px] sm:leading-[38px]\">Schon nach der Geburt von Arthur war die S\u00e4ngerin schnell ins Studio zur\u00fcckgekehrt und hatte ihr Album &#8222;Higher Than Heaven&#8220; aufgenommen, das in einer intensiven Zeit zwischen Babyalltag und B\u00fchnencomeback entstand. Damals f\u00fchlte sich Ellie nach eigener Aussage wie im Autopilot-Modus. <b>&#8222;Jede Frau, die ein Kind bekommen hat, kennt diese Phase nach der Geburt, in der man sich fragt: &#8218;Was zum Teufel ist gerade mit mir passiert?&#8216; Also habe ich all diese Musik geschrieben&#8220;<\/b>, erkl\u00e4rte Ellie damals. Mit zwei Kindern und neuem Liebesgl\u00fcck an ihrer Seite wirkt der Popstar heute deutlich geerdeter und teilt diese Mischung aus Privatleben und Karrierebewusstsein nun auch offen mit seinen Fans. Ihre aktuelle Single &#8222;Black Prada Dress&#8220; ist bereits erschienen und markiert den Start in das neue Kapitel, das Ellie nach Babygl\u00fcck und Scheidung nun musikalisch weiter ausbaut.<\/p>\n<p><img class=\"top-0  absolute h-full w-full object-cover\" alt=\"Ellie Goulding bei den Fashion Awards 2025 in London, Dezember 2025\" width=\"854\" height=\"480\" decoding=\"async\"  loading=\"lazy\" style=\"background-size:cover;background-position:50% 50%;background-repeat:no-repeat;background-image:url(&quot;data:image\/svg+xml;charset=utf-8,%3Csvg xmlns='http:\/\/www.w3.org\/2000\/svg' viewBox='0 0 640 640'%3E%3Cfilter id='b' color-interpolation-filters='sRGB'%3E%3CfeGaussianBlur stdDeviation='20'\/%3E%3CfeColorMatrix values='1 0 0 0 0 0 1 0 0 0 0 0 1 0 0 0 0 0 100 -1' result='s'\/%3E%3CfeFlood x='0' y='0' width='100%25' height='100%25'\/%3E%3CfeComposite operator='out' in='s'\/%3E%3CfeComposite in2='SourceGraphic'\/%3E%3CfeGaussianBlur stdDeviation='20'\/%3E%3C\/filter%3E%3Cimage width='100%25' height='100%25' x='0' y='0' preserveAspectRatio='none' style='filter: url(%23b);' href='data:image\/png;base64,iVBORw0KGgoAAAANSUhEUgAAABAAAAAQCAYAAAAf8\/9hAAAEG0lEQVR4AQEQBO\/7AAAAAP8AAAD\/AAAS\/wAALv8zKj\/\/T0BM\/19QU\/9oW1j\/bGFa\/2xkWv9qY1v\/Z19c\/2NXXv9hTmH\/X0Nk\/146Zv8AAAAA\/wAAAP8AABv\/AAox\/zgvQP9TREz\/Y1NV\/21eWv9zZl3\/dGlf\/3NpYP9wZGL\/a11j\/2dTZf9jSGf\/YT9p\/wAAAB\/\/AAAi\/wACLP8gJTf\/RTtD\/1xNTv9uXFj\/e2hg\/4NxZv+HdWv\/iHZu\/4RycP9+anD\/d2Bw\/29Vb\/9pS2\/\/AAAeOf8AIjn\/ICs7\/zs4QP9TSEf\/aFhR\/3tnXP+LdGf\/ln5x\/52Eef+fhX7\/nIKA\/5R6gP+JcH7\/fWR7\/3RaeP8ANThK\/zg6Sf9APkj\/TkZH\/19TS\/9zYVT\/h3Bg\/5h+bv+miXv\/r5CF\/7KTjP+vkI\/\/p4mO\/5p+i\/+Mcob\/gGiD\/wBKRVT\/TEZT\/1BJUP9aT03\/aVpP\/3toV\/+Pd2P\/oYVz\/7CRgf+6mY3\/vpyV\/7yamf+0k5n\/p4mW\/5l9kf+NdI3\/AFNKWf9US1f\/WE1U\/2BTUf9uXVL\/f2pZ\/5N6Zf+liHX\/tJSE\/76dkP\/DoJn\/wZ+e\/7qZn\/+vkJ3\/ooWa\/5h9lv8AUUhX\/1JJVv9XTFP\/YFJR\/25cU\/9\/aVr\/kXhl\/6KGdP+wkoL\/upuO\/7+fmP++np3\/uZqg\/7GSoP+oiZ\/\/oIKd\/wBGQFH\/SEFQ\/1BFT\/9bTE\/\/aldS\/3pkWf+KcmP\/mYBv\/6WMfP+ulIf\/s5iR\/7SZmP+ylZz\/rpCf\/6iJoP+kg6D\/AC8yRv80NEb\/QTlI\/1BCSv9gTk\/\/cFtW\/39pX\/+Ldmj\/lYFz\/52Jff+ijob\/pY+O\/6aNlP+liZn\/pISd\/6OAn\/8AAB44\/wMhOv8mKT3\/PjRD\/1JCSf9iUFD\/b15X\/3lqX\/+CdWf\/iHxw\/42Bef+Sg4H\/lYKJ\/5h\/kP+afJX\/m3mZ\/wAAACr\/AAAs\/wARMv8gIzn\/PDNA\/05CR\/9cUE7\/Zl1V\/25nXP90b2P\/eXRr\/351dP+DdXz\/h3OD\/4twif+NbY3\/AAAAHv8AACD\/AAAm\/wAILP8UITT\/MzM7\/0ZDQv9TUUr\/XFtR\/2RjWP9qaGD\/bmln\/3Fobv90ZXT\/dmF5\/3ddfP8AAAAZ\/wAAGf8AABr\/AAAd\/wAII\/8AJCv\/Kzc1\/0JHP\/9RU0j\/XFtR\/2JgWP9kYF3\/Y11h\/2BXZP9bUGX\/WEpm\/wAAABr\/AAAY\/wAAEf8AAAj\/AAAI\/wAUFv8ALSf\/NkA2\/01OQ\/9bV03\/YVtU\/2BaV\/9ZVFb\/TEpT\/zo9T\/8nMkv\/AAAAHv8AABr\/AAAM\/wAAAP8AAAD\/AAQA\/wAoGf8wPTD\/TUxB\/11VTP9jWVP\/YFdT\/1NPT\/87QUb\/AC07\/wAUMP\/1XxAPoGCOkQAAAABJRU5ErkJggg=='\/%3E%3C\/svg%3E&quot;)\" src=\"https:\/\/www.europesays.com\/de\/wp-content\/uploads\/2026\/06\/ellie-goulding-auf-dem-roten-teppich-bei-den-fashion-awards-2025-im-royal-albert-hall-london.jpg\" fetchpriority=\"auto\"\/>Getty Images<img decoding=\"async\" alt=\"Bilder Gallerie Button\" class=\"absolute bottom-[7px] right-[3px] w-[54px] h-[54px] group-hover:scale-110 transition-transform duration-300\" src=\"https:\/\/www.europesays.com\/de\/wp-content\/uploads\/2025\/11\/galerie_button.png\" loading=\"lazy\"\/>Ellie Goulding bei den Fashion Awards 2025 in London, Dezember 2025<img class=\"top-0  absolute h-full w-full object-cover\" alt=\"Ellie Goulding teilt Fotos aus ihrer Schwangerschaft\" width=\"854\" height=\"480\" decoding=\"async\"  loading=\"lazy\" style=\"background-size:cover;background-position:50% 50%;background-repeat:no-repeat;background-image:url(&quot;data:image\/svg+xml;charset=utf-8,%3Csvg xmlns='http:\/\/www.w3.org\/2000\/svg' viewBox='0 0 640 640'%3E%3Cfilter id='b' color-interpolation-filters='sRGB'%3E%3CfeGaussianBlur stdDeviation='20'\/%3E%3CfeColorMatrix values='1 0 0 0 0 0 1 0 0 0 0 0 1 0 0 0 0 0 100 -1' result='s'\/%3E%3CfeFlood x='0' y='0' width='100%25' height='100%25'\/%3E%3CfeComposite operator='out' in='s'\/%3E%3CfeComposite in2='SourceGraphic'\/%3E%3CfeGaussianBlur stdDeviation='20'\/%3E%3C\/filter%3E%3Cimage width='100%25' height='100%25' x='0' y='0' preserveAspectRatio='none' style='filter: url(%23b);' href='data:image\/png;base64,iVBORw0KGgoAAAANSUhEUgAAABAAAAAQCAYAAAAf8\/9hAAAEG0lEQVR4AQEQBO\/7AIqTif+OlYv\/mZyP\/6Wklf+xq5v\/ubCe\/72xn\/+8sJ7\/t6ua\/7Gmlf+qoZH\/pp6O\/6Wejv+noJD\/qqOS\/62mlP8AjJSK\/5CWi\/+ZnJD\/paOV\/7Cqmv+4r53\/vLGf\/7uvnf+4rJv\/sqiX\/6yjk\/+ooJD\/pqCQ\/6ehkP+po5L\/q6WT\/wCQl43\/k5mO\/5qdkP+jopT\/rKeX\/7Ormv+4rpz\/ua+d\/7iunP+1rJr\/samY\/62nlv+qpJP\/qKOS\/6eikf+nopD\/AJWaj\/+Wm5D\/mpyQ\/5+ekf+lopP\/rKaV\/7GqmP+2rZv\/uLCe\/7ixn\/+2sZ7\/s66c\/66qmP+opZP\/o6CO\/5+di\/8AlpuQ\/5aakP+XmY7\/mJmN\/5yajP+ino7\/qaST\/7CqmP+2sZ7\/urWi\/7q2o\/+3tKH\/sK6b\/6emk\/+dnYv\/lpaE\/wCSl47\/kZaN\/5CTiv+PkYb\/kJGF\/5aVh\/+fnIz\/qaaU\/7Kvnf+5taP\/u7il\/7i1o\/+vrpz\/o6SS\/5aYhv+Ljnz\/AImOiP+IjYf\/hYqD\/4OIf\/+EiHz\/iox\/\/5SVhv+goI\/\/rKqZ\/7Sxof+3tKT\/tLKh\/6uqmv+dn47\/jZKA\/4CHdf8AeoKA\/3mBf\/93f3v\/dn53\/3h\/df9\/hXj\/i46A\/5iZiv+ko5T\/rKqc\/6+tn\/+sqpz\/o6OU\/5WXiP+Fi3r\/d4Bu\/wBqdHf\/anR2\/2p1dP9sd3L\/cnty\/3uCdv+Gi33\/kpSH\/5ybj\/+joJb\/paKY\/6Gflf+ZmI3\/jI+C\/36Edv9zfGv\/AF5rcv9fbHL\/ZHBy\/2t2cv90fXT\/foV5\/4iMf\/+Rkob\/l5aM\/5qXkP+alpD\/lpON\/4+Oh\/+Gh37\/fIF0\/3V8bP8AYG11\/2Nvdf9rdnf\/dX55\/4CGfP+JjYH\/kJKF\/5WUif+XlIv\/lpKM\/5OPi\/+Pi4j\/ioeD\/4SEfP9\/gXb\/fIBy\/wBye3\/\/dX6A\/32Egv+HjYb\/kZWJ\/5majP+dnY7\/npyP\/5yYj\/+Yk43\/k46K\/46Jh\/+KhoP\/iIZ\/\/4iGfP+Hh3r\/AIqQj\/+NkpD\/lJiS\/52elf+lpZf\/qqiZ\/6ypmf+rp5j\/pqGW\/6Cakv+ZlI7\/lI+L\/5GNiP+RjYb\/ko+F\/5SQhP8Ao6af\/6WnoP+qq6L\/sbCj\/7e0pf+6tqX\/urWk\/7eyov+xrJ7\/qqWa\/6Oelf+emZL\/m5eP\/5yXjv+emI7\/n5mO\/wC3t63\/uLiu\/7y7r\/\/Bvq\/\/xcCw\/8fBr\/\/Gv63\/wryq\/7y2pv+0r6H\/ramc\/6ikmf+moZf\/pqCW\/6eglv+poZb\/AMTDt\/\/FxLf\/yMW3\/8vHt\/\/OyLf\/z8i1\/83Gs\/\/Jwq\/\/w72r\/7u3pv+0saL\/r6ye\/62onP+sppv\/raab\/6+mm\/8U1snp9GnqXAAAAABJRU5ErkJggg=='\/%3E%3C\/svg%3E&quot;)\" src=\"https:\/\/www.europesays.com\/de\/wp-content\/uploads\/2026\/06\/ellie-goulding-posiert-oben-ohne-mit-ihrem-babybauch.jpg\" fetchpriority=\"auto\"\/>Instagram \/ elliegoulding<img decoding=\"async\" alt=\"Bilder Gallerie Button\" class=\"absolute bottom-[7px] right-[3px] w-[54px] h-[54px] group-hover:scale-110 transition-transform duration-300\" src=\"https:\/\/www.europesays.com\/de\/wp-content\/uploads\/2025\/11\/galerie_button.png\" loading=\"lazy\"\/>Ellie Goulding teilt Fotos aus ihrer Schwangerschaft<img class=\"top-0  absolute h-full w-full object-cover\" alt=\"Ellie Goulding mit ihrem Baby, Mai 2026\" width=\"854\" height=\"480\" decoding=\"async\"  loading=\"lazy\" style=\"background-size:cover;background-position:50% 50%;background-repeat:no-repeat;background-image:url(&quot;data:image\/svg+xml;charset=utf-8,%3Csvg xmlns='http:\/\/www.w3.org\/2000\/svg' viewBox='0 0 640 640'%3E%3Cfilter id='b' color-interpolation-filters='sRGB'%3E%3CfeGaussianBlur stdDeviation='20'\/%3E%3CfeColorMatrix values='1 0 0 0 0 0 1 0 0 0 0 0 1 0 0 0 0 0 100 -1' result='s'\/%3E%3CfeFlood x='0' y='0' width='100%25' height='100%25'\/%3E%3CfeComposite operator='out' in='s'\/%3E%3CfeComposite in2='SourceGraphic'\/%3E%3CfeGaussianBlur stdDeviation='20'\/%3E%3C\/filter%3E%3Cimage width='100%25' height='100%25' x='0' y='0' preserveAspectRatio='none' style='filter: url(%23b);' href='data:image\/png;base64,iVBORw0KGgoAAAANSUhEUgAAABAAAAAQCAYAAAAf8\/9hAAAEG0lEQVR4AQEQBO\/7AMzGu\/\/Nx7v\/zsm9\/9DLv\/\/SzsH\/1NDC\/9XRwv\/V0MH\/1M6\/\/9LLvP\/QyLj\/zcSz\/8rBr\/\/Ivqz\/xryp\/8W7qP8AysO4\/8rEuf\/Mxrv\/zsm9\/9DMv\/\/SzsD\/087A\/9POv\/\/SzL3\/0Mi5\/83Ftf\/LwbD\/yL2s\/8W7qf\/Duab\/wril\/wDDvLL\/xL2z\/8a\/tf\/Iwrf\/y8W5\/83Iu\/\/OyLv\/zse5\/83Etv\/KwLL\/x7yt\/8O3qP\/As6P\/vbGf\/7uvnf+5rpv\/ALuyqv+7s6r\/vrat\/8C6sP\/EvbL\/xr+0\/8e\/s\/\/HvbH\/xbms\/8K0p\/++rqD\/uama\/7Wklf+xoZH\/rqCP\/62fjf8As6mi\/7Sqo\/+2rqb\/urKp\/721rP\/At63\/wbas\/8CzqP+9raH\/uaaa\/7Sekf+ul4r\/qZKE\/6WQgP+ij37\/oI99\/wCvpZ7\/sKaf\/7Oqov+3rqb\/urGp\/72yqf+9sKb\/vKuh\/7ijmP+zmY3\/rI+C\/6aHef+ggXL\/m39v\/5h\/bv+WgG7\/ALKoof+zqaL\/tq2l\/7mwqP+8s6r\/vrOp\/76vpf+8qJ3\/t52S\/7GRhf+qhXj\/o3xs\/512Zf+YdWP\/lXZk\/5R4Zf8AurGo\/7uyqf+9taz\/wLiu\/8O5r\/\/EuK3\/w7On\/8Cqnv+6npH\/tJGD\/6yDdP+meWj\/oHRh\/5x0YP+ad2L\/mXpl\/wDFvrP\/xr+0\/8jAtf\/Kwrb\/zMK2\/8y\/s\/\/Kuaz\/x7Ci\/8Gklf+6lof\/s4p5\/62Abf+pfGf\/pnxn\/6R\/af+kgmz\/ANDKvf\/Qyr7\/0su+\/9PLvv\/Uyrz\/1Ma5\/9HAsv\/Ot6j\/yKyc\/8Kfj\/+8lIP\/t4x5\/7OIc\/+wh3L\/r4lz\/6+Ldf8A2NLF\/9jSxf\/Z0sT\/2dHD\/9nPwP\/Yyrz\/1sS1\/9O8rf\/Os6P\/yamZ\/8Sgj\/\/AmYf\/vJSB\/7qSfv+4kn3\/t5J8\/wDc1sj\/3NXI\/9zUxv\/b0sP\/2s\/A\/9nKu\/\/Yxbb\/1b+w\/9K4qf\/PsaL\/y6qa\/8ejk\/\/Dno3\/wJqH\/72Wg\/+7lYD\/ANvUx\/\/b08b\/2tHE\/9nOwP\/Xyrz\/1sa3\/9XCs\/\/UvrD\/07qt\/9G2qf\/OsaT\/y6ue\/8aklv\/CnY3\/vpeF\/7uSf\/8A18\/D\/9bOwf\/Vyr7\/08a5\/9HBtP\/QvrD\/0Luu\/9G6rv\/Ruq7\/0biu\/9C1q\/\/MsKX\/x6ec\/8GdkP+7k4T\/tot6\/wDRyL3\/0Ma7\/87Ct\/\/MvbH\/yrer\/8m0qP\/KtKj\/zLWr\/8+4r\/\/QubH\/z7ew\/8yyqv\/GqKD\/vpuR\/7aNgP+wgXP\/AMzCuP\/LwLb\/ybux\/8a1qv\/Dr6T\/w6yi\/8Wto\/\/Isaj\/zLav\/865s\/\/OuLP\/y7Kt\/8Soof+7mJH\/sod9\/6t5bP87yhJCJUEjwAAAAABJRU5ErkJggg=='\/%3E%3C\/svg%3E&quot;)\" src=\"https:\/\/www.europesays.com\/de\/wp-content\/uploads\/2026\/06\/ellie-goulding-stillt-ihr-kind-und-traegt-dabei-eine-sonnenbrille.jpg\" fetchpriority=\"auto\"\/>Instagram \/ elliegoulding<img decoding=\"async\" alt=\"Bilder Gallerie Button\" class=\"absolute bottom-[7px] right-[3px] w-[54px] h-[54px] group-hover:scale-110 transition-transform duration-300\" src=\"https:\/\/www.europesays.com\/de\/wp-content\/uploads\/2025\/11\/galerie_button.png\" loading=\"lazy\"\/>Ellie Goulding mit ihrem Baby, Mai 2026<\/p>\n<p>Ellies Oben-ohne-Throwback: starkes Statement oder zu privat f\u00fcrs Netz?<\/p>\n<p>Ergebnis anzeigen<\/p>\n","protected":false},"excerpt":{"rendered":"Ellie Goulding (39) gew\u00e4hrt ihren Fans einen ungewohnt privaten Einblick in ihre Schwangerschaft mit Tochter Iris: Auf Instagram&hellip;\n","protected":false},"author":2,"featured_media":1082881,"comment_status":"","ping_status":"","sticky":false,"template":"","format":"standard","meta":{"footnotes":"","_share_on_mastodon":"0"},"categories":[1772],"tags":[29,214,30,1779,810,215],"class_list":["post-1082880","post","type-post","status-publish","format-standard","has-post-thumbnail","category-musik","tag-deutschland","tag-entertainment","tag-germany","tag-music","tag-musik","tag-unterhaltung"],"share_on_mastodon":{"url":"https:\/\/pubeurope.com\/@de\/116723588389099398","error":""},"_links":{"self":[{"href":"https:\/\/www.europesays.com\/de\/wp-json\/wp\/v2\/posts\/1082880","targetHints":{"allow":["GET"]}}],"collection":[{"href":"https:\/\/www.europesays.com\/de\/wp-json\/wp\/v2\/posts"}],"about":[{"href":"https:\/\/www.europesays.com\/de\/wp-json\/wp\/v2\/types\/post"}],"author":[{"embeddable":true,"href":"https:\/\/www.europesays.com\/de\/wp-json\/wp\/v2\/users\/2"}],"replies":[{"embeddable":true,"href":"https:\/\/www.europesays.com\/de\/wp-json\/wp\/v2\/comments?post=1082880"}],"version-history":[{"count":0,"href":"https:\/\/www.europesays.com\/de\/wp-json\/wp\/v2\/posts\/1082880\/revisions"}],"wp:featuredmedia":[{"embeddable":true,"href":"https:\/\/www.europesays.com\/de\/wp-json\/wp\/v2\/media\/1082881"}],"wp:attachment":[{"href":"https:\/\/www.europesays.com\/de\/wp-json\/wp\/v2\/media?parent=1082880"}],"wp:term":[{"taxonomy":"category","embeddable":true,"href":"https:\/\/www.europesays.com\/de\/wp-json\/wp\/v2\/categories?post=1082880"},{"taxonomy":"post_tag","embeddable":true,"href":"https:\/\/www.europesays.com\/de\/wp-json\/wp\/v2\/tags?post=1082880"}],"curies":[{"name":"wp","href":"https:\/\/api.w.org\/{rel}","templated":true}]}}