{"id":1083014,"date":"2026-06-10T04:21:17","date_gmt":"2026-06-10T04:21:17","guid":{"rendered":"https:\/\/www.europesays.com\/de\/1083014\/"},"modified":"2026-06-10T04:21:17","modified_gmt":"2026-06-10T04:21:17","slug":"organisation-gegen-extremismus-will-goebbels-villa-ausbauen","status":"publish","type":"post","link":"https:\/\/www.europesays.com\/de\/1083014\/","title":{"rendered":"Organisation gegen Extremismus will Goebbels-Villa ausbauen"},"content":{"rendered":"<p>Die alte Goebbels-Villa n\u00f6rdlich von Berlin verf\u00e4llt seit Jahren. Jetzt will eine internationale Organisation daraus einen Ort gegen Antisemitismus machen. Bislang ist die Zukunft des Areals offen.<\/p>\n<p class=\"is-first-paragraph\" data-external=\"Article.FirstParagraph\">Eine internationale Organisation gegen Extremismus will die ehemalige Goebbels-Villa am Bogensee n\u00f6rdlich von Berlin zu einem Zentrum gegen Antisemitismus und Hass im Internet entwickeln. Das Counter Extremism Project (CEP) wolle dort ein weiteres Standbein aufbauen und habe sich mit der Idee an die Berliner Immobilienmanagement GmbH gewandt, sagte CEP-Gesch\u00e4ftsf\u00fchrer Hans-Jakob Schindler der Deutschen Presse-Agentur.<\/p>\n<p>Noch ist aber unklar, wie es auf dem historischen Areal in der Gemeinde Wandlitz weitergeht und ob ein solches Vorhaben umgesetzt werden kann. Seit langem wird \u00fcber die Zukunft des Gel\u00e4ndes am Bogensee mit der fr\u00fcheren Villa von NS-Propagandaminister Joseph Goebbels diskutiert. Zu DDR-Zeiten gab es dort auch die ehemalige Hochschule der Freien Deutschen Jugend (FDJ).<\/p>\n<p>Eigent\u00fcmer des Areals, das seit dem Jahr 2000 ungenutzt ist und verf\u00e4llt, ist das Land Berlin. Im vergangenen Sommer hie\u00df es von der Berliner Finanzverwaltung, bei der Suche nach einer m\u00f6glichen neuen Nutzung will das Land Berlin 13 Bewerber n\u00e4her pr\u00fcfen. Vor wenigen Monaten wurde auch bekannt, dass die Bundeswehr das Areal als m\u00f6glichen Standort pr\u00fcft.<\/p>\n<p>Organisation: K\u00f6nnen Goebbels-Villa renovieren<\/p>\n<p>Die gemeinn\u00fctzige, transatlantische Organisation CEP, die ihren Hauptsitz in New York hat, will sich allein auf das ehemalige, denkmalgesch\u00fctzte Goebbels-Landhaus konzentrieren. \u00abDie k\u00f6nnen wir ohne Probleme renovieren\u00bb, meinte Gesch\u00e4ftsf\u00fchrer Schindler. Unterst\u00fctzt werde das Vorhaben vom Architekten Daniel Libeskind, der nach CEP-Angaben bereit sei, einen Umbau zu begleiten.<\/p>\n<p>Ein Konzept sei vor mehr als einem Jahr bei der Berliner Immobilienmanagement GmbH (BIM) eingereicht worden, so Schindler. Ziel sei es zun\u00e4chst, ein gemeinsames \u00abMemorandum of Understanding\u00bb (deutsch: Absichtserkl\u00e4rung) zu unterzeichnen, meinte Schindler. Das Land Berlin oder die BIM \u00e4u\u00dferten sich bis zum Dienstagnachmittag auf Anfrage zun\u00e4chst nicht zu den Pl\u00e4nen.<\/p>\n<p>Villa von Auschwitz-Kommandanten gekauft<\/p>\n<p>Die Organisation hat bereits die ehemalige Villa des Auschwitz-Kommandanten Rudolf H\u00f6\u00df direkt neben dem fr\u00fcheren deutschen Konzentrations- und Vernichtungslager in S\u00fcdpolen gekauft. Es wurde zu einem Forschungs- und Bildungszentrum im Kampf gegen Antisemitismus und Extremismus umgewandelt (Auschwitz Research Center on Hate, Extremism and Radicalization (ARCHER)). \u00abWir nehmen Immobilien der T\u00e4ter und nutzen sie f\u00fcr das Gegenteil\u00bb, sagte Gesch\u00e4ftsf\u00fchrer Schindler.<\/p>\n<p>Die Sanierungskosten der einstigen Goebbels-Villa in Wandlitz werden nach seinen Angaben auf eine niedrige einstellige Millionensumme gesch\u00e4tzt. Schwerpunkte der Arbeit k\u00f6nnten Propaganda und Radikalisierung in sozialen Medien sein. Auch der Beauftragte gegen Antisemitismus in Brandenburg, Andreas B\u00fcttner, bef\u00fcrwortet ein solches Projekt.<\/p>\n<p>CEP finanziert sich nach eigenen Angaben \u00fcberwiegend aus privaten Spenden aus den USA und Europa sowie aus projektbezogenen F\u00f6rdermitteln. Die internationale Organisation hat eine deutsche Vertretung in Berlin.<\/p>\n<p>dpa-infocom GmbH<\/p>\n","protected":false},"excerpt":{"rendered":"Die alte Goebbels-Villa n\u00f6rdlich von Berlin verf\u00e4llt seit Jahren. Jetzt will eine internationale Organisation daraus einen Ort gegen&hellip;\n","protected":false},"author":2,"featured_media":1083015,"comment_status":"","ping_status":"","sticky":false,"template":"","format":"standard","meta":{"footnotes":"","_share_on_mastodon":"0"},"categories":[1825],"tags":[296,29,30,45],"class_list":["post-1083014","post","type-post","status-publish","format-standard","has-post-thumbnail","category-berlin","tag-berlin","tag-deutschland","tag-germany","tag-texttospeech"],"share_on_mastodon":{"url":"https:\/\/pubeurope.com\/@de\/116723901238643409","error":""},"_links":{"self":[{"href":"https:\/\/www.europesays.com\/de\/wp-json\/wp\/v2\/posts\/1083014","targetHints":{"allow":["GET"]}}],"collection":[{"href":"https:\/\/www.europesays.com\/de\/wp-json\/wp\/v2\/posts"}],"about":[{"href":"https:\/\/www.europesays.com\/de\/wp-json\/wp\/v2\/types\/post"}],"author":[{"embeddable":true,"href":"https:\/\/www.europesays.com\/de\/wp-json\/wp\/v2\/users\/2"}],"replies":[{"embeddable":true,"href":"https:\/\/www.europesays.com\/de\/wp-json\/wp\/v2\/comments?post=1083014"}],"version-history":[{"count":0,"href":"https:\/\/www.europesays.com\/de\/wp-json\/wp\/v2\/posts\/1083014\/revisions"}],"wp:featuredmedia":[{"embeddable":true,"href":"https:\/\/www.europesays.com\/de\/wp-json\/wp\/v2\/media\/1083015"}],"wp:attachment":[{"href":"https:\/\/www.europesays.com\/de\/wp-json\/wp\/v2\/media?parent=1083014"}],"wp:term":[{"taxonomy":"category","embeddable":true,"href":"https:\/\/www.europesays.com\/de\/wp-json\/wp\/v2\/categories?post=1083014"},{"taxonomy":"post_tag","embeddable":true,"href":"https:\/\/www.europesays.com\/de\/wp-json\/wp\/v2\/tags?post=1083014"}],"curies":[{"name":"wp","href":"https:\/\/api.w.org\/{rel}","templated":true}]}}