{"id":108305,"date":"2025-05-13T21:24:11","date_gmt":"2025-05-13T21:24:11","guid":{"rendered":"https:\/\/www.europesays.com\/de\/108305\/"},"modified":"2025-05-13T21:24:11","modified_gmt":"2025-05-13T21:24:11","slug":"der-neue-abc-sendeplan-fernsehserien-de","status":"publish","type":"post","link":"https:\/\/www.europesays.com\/de\/108305\/","title":{"rendered":"Der neue ABC-Sendeplan \u2013 fernsehserien.de"},"content":{"rendered":"<p>Same procedure as last year: Beim US-Sender ABC ist man mit den Abl\u00e4ufen der aktuellen Season im Wesentlichen zufrieden und \u00e4ndert entsprechend kaum etwas f\u00fcr die Season 2025\/\u200b26.<\/p>\n<p>Das wird auch dadurch symbolisiert, dass man nur eine Serie \u201eabgesetzt\u201c hat \u2013 eine geplante Abschiedsseason f\u00fcr <a href=\"https:\/\/www.fernsehserien.de\/die-conners\" data-type=\"sendung\" data-event-category=\"textlink-serie\" rel=\"nofollow noopener\" target=\"_blank\">\u201eDie Conners\u201c<\/a> \u2013 und nur ein neue fiktionale Serie bestellt hat, das Spin-off <strong>\u201e9-1-1: Nashville\u201c<\/strong>.<\/p>\n<p>Das Wiederholen eines etablierten Musters betrifft unter anderem die Tatsache, dass ABC von <strong>\u201eThe Rookie\u201c<\/strong> und <strong>\u201eWill Trent\u201c<\/strong> wieder jeweils 18-teilige Staffeln auff\u00e4hrt, die dann erst nach dem Jahreswechsel ins Programm kommen und daf\u00fcr anschlie\u00dfend weitgehend ununterbrochen durchlaufen \u2013 \u201eweitgehend\u201c daher, da sie am Dienstagabend laufen, wo zumindest einmal die j\u00e4hrliche, pr\u00e4sidiale Ansprache \u201eState of the Union\u201c zu erwarten ist.<\/p>\n<p>Weiterhin f\u00e4hrt ABC eher ein Sparprogramm, bei dem man am Sonntagabend unter dem Label\u00a0<strong>\u201eThe Wonderful World of Disney\u201c<\/strong> abendf\u00fcllend Spielfilme statt Serienformate zeigt. Seit letztem Jahr \u00fcbertr\u00e4gt ABC montags parallel zum auf Sport spezialisierten Schwestersender ESPN Football.<\/p>\n<p>Aktuell ist die Zukunft der Serie <a href=\"https:\/\/www.fernsehserien.de\/doctor-odyssey\" data-type=\"sendung\" data-event-category=\"textlink-serie\" rel=\"nofollow noopener\" target=\"_blank\">\u201eDoctor Odyssey\u201c<\/a> ungekl\u00e4rt: Nach einem sehr starken Staffelstart hatte die Serie deutlich abgebaut. Einstweilen tauscht ABC am Donnerstagabend <a href=\"https:\/\/www.fernsehserien.de\/ryan-murphy\/filmografie\" data-type=\"person\" data-event-category=\"textlink-person\" rel=\"nofollow noopener\" target=\"_blank\">Ryan Murphy<\/a> gegen Ryan Murphy: Statt der vom Erfolgsproduzenten verantworteten Serie \u201eDoctor Odyssey\u201c zeigt man im Herbst nun zun\u00e4chst das <strong>\u201e9-1-1 Notruf L.A.\u201c<\/strong>-Spin-Off <strong>\u201e9-1-1: Nashville\u201c<\/strong><\/p>\n<p>Einen kleinen, aber doch irgendwie bedeutenden Wechsel gibt es f\u00fcr das amerikanische <a href=\"https:\/\/www.fernsehserien.de\/die-hoehle-der-loewen\" data-type=\"sendung\" data-event-category=\"textlink-serie\" rel=\"nofollow noopener\" target=\"_blank\">\u201eDie H\u00f6hle der L\u00f6wen\u201c<\/a>, <strong>\u201eShark Tank\u201c<\/strong>: Nachdem das Investorenformat lange Zeit am Freitagabend zu Hause war und gelegentlich auch mal sonntags lief, kommt es in der neuen Season erstmalig am Mittwochabend. Den frei werdenden Sendeplatz am Freitag f\u00fcllt der Sender mit der Gameshow <strong>\u201eCelebrity Wheel of Fortune\u201c<\/strong>.<\/p>\n<p>Der neue Sendeplan von ABC f\u00fcr den Herbst 2025<\/p>\n<p><strong>Sonntag<\/strong><\/p>\n<p><strong>Montag<\/strong><\/p>\n<ul>\n<li>20:00\u00a0Uhr ESPN\u2019s Monday Night Football<\/li>\n<\/ul>\n<p><strong>Dienstag<\/strong><\/p>\n<p><strong>Mittwoch<\/strong><\/p>\n<p><strong>Donnerstag<\/strong><\/p>\n<p><strong>Freitag<\/strong><\/p>\n<p>F\u00fcr die Midseason<\/p>\n<p>Damit hat ABC zun\u00e4chst folgende vier Formate im Archiv, die in der Zeit nach dem Jahreswechsel laufen sollen:<\/p>\n","protected":false},"excerpt":{"rendered":"Same procedure as last year: Beim US-Sender ABC ist man mit den Abl\u00e4ufen der aktuellen Season im Wesentlichen&hellip;\n","protected":false},"author":2,"featured_media":108306,"comment_status":"","ping_status":"","sticky":false,"template":"","format":"standard","meta":{"footnotes":""},"categories":[1773],"tags":[29,214,2617,30,15,471,1780,2618,215],"class_list":{"0":"post-108305","1":"post","2":"type-post","3":"status-publish","4":"format-standard","5":"has-post-thumbnail","7":"category-serien","8":"tag-deutschland","9":"tag-entertainment","10":"tag-fernsehserien","11":"tag-germany","12":"tag-news","13":"tag-serien","14":"tag-series","15":"tag-tv-serien","16":"tag-unterhaltung"},"share_on_mastodon":{"url":"https:\/\/pubeurope.com\/@de\/114502635562265809","error":""},"_links":{"self":[{"href":"https:\/\/www.europesays.com\/de\/wp-json\/wp\/v2\/posts\/108305","targetHints":{"allow":["GET"]}}],"collection":[{"href":"https:\/\/www.europesays.com\/de\/wp-json\/wp\/v2\/posts"}],"about":[{"href":"https:\/\/www.europesays.com\/de\/wp-json\/wp\/v2\/types\/post"}],"author":[{"embeddable":true,"href":"https:\/\/www.europesays.com\/de\/wp-json\/wp\/v2\/users\/2"}],"replies":[{"embeddable":true,"href":"https:\/\/www.europesays.com\/de\/wp-json\/wp\/v2\/comments?post=108305"}],"version-history":[{"count":0,"href":"https:\/\/www.europesays.com\/de\/wp-json\/wp\/v2\/posts\/108305\/revisions"}],"wp:featuredmedia":[{"embeddable":true,"href":"https:\/\/www.europesays.com\/de\/wp-json\/wp\/v2\/media\/108306"}],"wp:attachment":[{"href":"https:\/\/www.europesays.com\/de\/wp-json\/wp\/v2\/media?parent=108305"}],"wp:term":[{"taxonomy":"category","embeddable":true,"href":"https:\/\/www.europesays.com\/de\/wp-json\/wp\/v2\/categories?post=108305"},{"taxonomy":"post_tag","embeddable":true,"href":"https:\/\/www.europesays.com\/de\/wp-json\/wp\/v2\/tags?post=108305"}],"curies":[{"name":"wp","href":"https:\/\/api.w.org\/{rel}","templated":true}]}}