{"id":1083143,"date":"2026-06-10T05:39:20","date_gmt":"2026-06-10T05:39:20","guid":{"rendered":"https:\/\/www.europesays.com\/de\/1083143\/"},"modified":"2026-06-10T05:39:20","modified_gmt":"2026-06-10T05:39:20","slug":"deutsche-bahn-stoerung-richtung-koeln-ausfaelle-und-verspaetungen-drohen","status":"publish","type":"post","link":"https:\/\/www.europesays.com\/de\/1083143\/","title":{"rendered":"Deutsche Bahn: St\u00f6rung Richtung K\u00f6ln \u2013 Ausf\u00e4lle und Versp\u00e4tungen drohen"},"content":{"rendered":"<p>Im Pendlerverkehr <\/p>\n<p>Defektes Signal beeintr\u00e4chtigt Bahnverkehr bei K\u00f6ln \u2013 Ausf\u00e4lle m\u00f6glich<\/p>\n<p>10.06.2026 &#8211; 07:22 UhrLesedauer: 2 Min.<\/p>\n<p><a href=\"#focus-0\" class=\"transition-colors duration-200 block text-current relative\" data-sctrack=\"FocusGalleryImage.Reference\"><img fetchpriority=\"high\" data-testid=\"Opener.Image\"   loading=\"eager\" src=\"https:\/\/www.europesays.com\/de\/wp-content\/uploads\/2026\/06\/ein-regionalzug-der-linie-s11-am-koelner-hauptbahnhof-symbolbild-eine-signalstoerung-auf-der-strecke.jpeg\" alt=\"Ein Regionalzug der Linie S11 am K\u00f6lner Hauptbahnhof (Symbolbild): Eine Signalst\u00f6rung auf der Strecke zwischen Aachen und K\u00f6ln verursacht am Mittwoch Versp\u00e4tungen.\" title=\"Ein Regionalzug der Linie S11 am K\u00f6lner Hauptbahnhof (Symbolbild): Eine Signalst\u00f6rung auf der Strecke zwischen Aachen und K\u00f6ln verursacht am Mittwoch Versp\u00e4tungen.\" width=\"7784\" height=\"4378\" class=\"bg-[url:var(--lqipURL)] bg-cover bg-center flex h-full w-full max-w-full\" style=\"--lqipURL:url('https:\/\/images.t-online.de\/2026\/06\/Cm-HBXTmzXv2\/0x407:7784x4378\/fit-in\/150x0\/filters:blur(25)\/ein-regionalzug-der-linie-s11-am-koelner-hauptbahnhof-symbolbild-eine-signalstoerung-auf-der-strecke-zwischen-aachen-und-koeln-verursacht-am-mittwoch-verspaetungen.jpg')\" decoding=\"async\"\/><img loading=\"lazy\" src=\"https:\/\/koeln.t-online.de\/s\/paper\/_next\/static\/media\/zoom-in.f7dae02f.svg\" alt=\"Vergr\u00f6\u00dfern des Bildes\" title=\"Vergr\u00f6\u00dfern des Bildes\" class=\"block h-[calc(var(--height)_\/_16_*_1rem)] w-[calc(var(--width)_\/_16_*_1rem)] max-w-none absolute bottom-8 right-8 rounded-4 bg-snow p-8\" style=\"--width:32;--height:32\" decoding=\"async\"\/><\/a><\/p>\n<p>Ein Regionalzug der Linie S11 am K\u00f6lner Hauptbahnhof (Symbolbild): Eine Signalst\u00f6rung auf der Strecke zwischen Aachen und K\u00f6ln verursacht am Mittwoch Versp\u00e4tungen. (Quelle: IMAGO\/Arnulf Hettrich\/imago)<\/p>\n<p><img loading=\"lazy\" src=\"https:\/\/koeln.t-online.de\/s\/paper\/_next\/static\/media\/audio-volume.6689034c.svg\" alt=\"\" title=\"\" class=\"block h-[calc(var(--height)_\/_16_*_1rem)] w-[calc(var(--width)_\/_16_*_1rem)] max-w-none group-hover:brightness-0 group-hover:invert\" style=\"--width:16;--height:16\" decoding=\"async\"\/>Vorlesen<\/p>\n<p>Aktuelle Zeit:0:00Gesamtdauer:0:00<\/p>\n<p>1x<\/p>\n<p class=\"text-center\">Jetzt neu bei t-online:<\/p>\n<p class=\"text-center\">Schriftgr\u00f6\u00dfe anpassen!<\/p>\n<p><img loading=\"lazy\" src=\"https:\/\/koeln.t-online.de\/s\/paper\/_next\/static\/media\/font-sizes.32942e33.svg\" alt=\"\" title=\"\" class=\"block h-[calc(var(--height)_\/_16_*_1rem)] w-[calc(var(--width)_\/_16_*_1rem)] max-w-none group-hover:hidden group-aria-expanded:hidden\" style=\"--width:16;--height:16\" decoding=\"async\"\/><img loading=\"lazy\" src=\"https:\/\/koeln.t-online.de\/s\/paper\/_next\/static\/media\/font-sizes-dark-mode.e382645c.svg\" alt=\"\" title=\"\" class=\"block h-[calc(var(--height)_\/_16_*_1rem)] w-[calc(var(--width)_\/_16_*_1rem)] max-w-none hidden group-hover:block group-aria-expanded:block\" style=\"--width:16;--height:16\" decoding=\"async\"\/><img loading=\"lazy\" src=\"https:\/\/koeln.t-online.de\/s\/paper\/_next\/static\/media\/sharing-menu-icon.1eb71368.svg\" alt=\"\" title=\"\" class=\"block h-[calc(var(--height)_\/_16_*_1rem)] w-[calc(var(--width)_\/_16_*_1rem)] max-w-none group-hover:brightness-0 group-hover:invert\" style=\"--width:16;--height:16\" decoding=\"async\"\/>Artikel teilen<\/p>\n<p class=\"font-bold text-18 leading-17 user-text-lg:text-22 user-text-xl:text-24\">Eine St\u00f6rung beeintr\u00e4chtigt den Zugverkehr der Deutschen Bahn am Mittwoch. Bei K\u00f6ln und Aachen drohen Ausf\u00e4lle und Versp\u00e4tungen.<\/p>\n<p class=\"text-18 leading-17 user-text-lg:text-22 user-text-xl:text-24\">Ein gest\u00f6rtes Signal auf der Strecke zwischen dem <a class=\"transition-colors duration-200 cursor-pointer text-inherit no-underline text-salemsfur md:hover:text-magenta md:hover:border-magenta md:focus:text-magenta border-current border-b border-solid break-words\" data-tracking=\"{&quot;action&quot;:&quot;click&quot;,&quot;category&quot;:&quot;intextLink&quot;,&quot;label&quot;:&quot;\/region\/koeln\/id_101288810\/deutsche-bahn-stoerung-bei-koeln-ausfaelle-und-verspaetungen-drohen.html&quot;}\" href=\"https:\/\/koeln.t-online.de\/region\/koeln\/id_101288810\/deutsche-bahn-stoerung-bei-koeln-ausfaelle-und-verspaetungen-drohen.html\" data-sctrack=\"BodyAnchor\" rel=\"nofollow noopener\" target=\"_blank\">K\u00f6lner Hauptbahnhof<\/a> und Aachen verursacht seit Mittwochmorgen (10. Juni) Ausf\u00e4lle und Versp\u00e4tungen im Zugverkehr. Verantwortliche der Deutschen Bahn meldeten gegen 6.30 Uhr ein defektes Signal im Streckenabschnitt zwischen Stolberg und Langerwehe. In der Folge kam es zu Einschr\u00e4nkungen im Berufsverkehr.<\/p>\n<p class=\"text-18 leading-17 user-text-lg:text-22 user-text-xl:text-24\">Die St\u00f6rung konnte zwar gegen kurz vor 7 Uhr bereits wieder behoben werden, allerdings sind laut Deutscher Bahn weitere Einschr\u00e4nkungen m\u00f6glich. &#8222;In der Folge kann es noch vereinzelt zu Versp\u00e4tungen und gegebenenfalls zu Teilausf\u00e4llen kommen&#8220;, teilte die Verantwortlichen auf der Plattform &#8222;zuginfo.nrw&#8220; mit.<\/p>\n<p>Deutsche Bahn: Mehrere St\u00f6rungen bei K\u00f6ln und D\u00fcsseldorf \u2013 Ausf\u00e4lle drohen<\/p>\n<p class=\"text-18 leading-17 user-text-lg:text-22 user-text-xl:text-24\">Betroffen waren von der ersten St\u00f6rung mehrere Zuglinien, darunter die Regionalexpress-Verbindungen RE9 und RE1. Sie sind die wichtigsten Z\u00fcge f\u00fcr Pendler und weitere Reisende, die am Morgen zwischen Aachen und K\u00f6ln hin- und herfahren wollen. Die Ursache f\u00fcr die Signalst\u00f6rung ist derzeit nicht bekannt.<\/p>\n<ul class=\"text-18 leading-17 block pl-24 *:pb-16 *:before:inline-block *:before:size-8 *:before:bg-magenta *:before:-ml-[20px] *:before:mb-2 *:before:mr-12 *:before:mt-0\">\n<li><strong class=\"font-bold\">Ungewohnter Anblick:<\/strong> <a class=\"transition-colors duration-200 cursor-pointer text-inherit no-underline text-salemsfur md:hover:text-magenta md:hover:border-magenta md:focus:text-magenta border-current border-b border-solid break-words\" data-tracking=\"{&quot;action&quot;:&quot;click&quot;,&quot;category&quot;:&quot;intextLink&quot;,&quot;label&quot;:&quot;\/region\/koeln\/id_101228670\/koeln-hauptbahnhof-warum-die-neue-anzeigetafel-der-kvb-pendler-ueberrascht.html&quot;}\" href=\"https:\/\/koeln.t-online.de\/region\/koeln\/id_101228670\/koeln-hauptbahnhof-warum-die-neue-anzeigetafel-der-kvb-pendler-ueberrascht.html\" data-sctrack=\"BodyAnchor\" rel=\"nofollow noopener\" target=\"_blank\">Ver\u00e4nderung am K\u00f6lner Hauptbahnhof \u00fcberrascht<\/a><\/li>\n<\/ul>\n<p class=\"text-18 leading-17 user-text-lg:text-22 user-text-xl:text-24\">Auch im weiteren Rheinland kommt es seit den Morgenstunden zu Einschr\u00e4nkungen. Verz\u00f6gerungen bei Bauarbeiten f\u00fchren seit Mittwoch zu Problemen zwischen dem Duisburger Hauptbahnhof und der Haltestelle D\u00fcsseldorf Flughafen. Betroffen ist hier ebenfalls der RE1, aber auch die weiteren Regionalexpress-Linien RE2, RE3, RE5, RE6, RE11 und RE19. Auch die S-Bahn-Linie S1 ist eingeschr\u00e4nkt.<\/p>\n<p class=\"text-18 leading-17 user-text-lg:text-22 user-text-xl:text-24\">&#8222;In der Folge kommt es jetzt zu Versp\u00e4tungen, Teilausf\u00e4llen und Ausf\u00e4llen auf dem kompletten Laufweg. Kurzfristig kann es zu \u00c4nderungen im Zuglauf kommen&#8220;, erkl\u00e4rte die Deutsche Bahn weiter.<\/p>\n<p>\u00dcber K\u00f6ln Hbf: Signalst\u00f6rung beeintr\u00e4chtigt Zugverkehr<\/p>\n<p class=\"text-18 leading-17 user-text-lg:text-22 user-text-xl:text-24\">Die Verantwortlichen wollen zeitnah informieren, wenn die St\u00f6rung behoben ist. Bis dahin bittet die Bahn Reisende, ihre Zugverbindung vorab online zu pr\u00fcfen und gegebenfalls mehr Zeit f\u00fcr die Fahrt einzuplanen.<\/p>\n<p class=\"text-18 leading-17 user-text-lg:text-22 user-text-xl:text-24\">Erst am Montag hatte <a class=\"transition-colors duration-200 cursor-pointer text-inherit no-underline text-salemsfur md:hover:text-magenta md:hover:border-magenta md:focus:text-magenta border-current border-b border-solid break-words\" data-tracking=\"{&quot;action&quot;:&quot;click&quot;,&quot;category&quot;:&quot;intextLink&quot;,&quot;label&quot;:&quot;https:\/\/aachen.t-online.de\/region\/aachen\/id_101287290\/deutsche-bahn-stoerung-in-nrw-verspaetungen-drohen-auf-wichtigen-linien.html&quot;}\" href=\"https:\/\/aachen.t-online.de\/region\/aachen\/id_101287290\/deutsche-bahn-stoerung-in-nrw-verspaetungen-drohen-auf-wichtigen-linien.html\" data-sctrack=\"BodyAnchor\" rel=\"nofollow noopener\" target=\"_blank\">eine Bahnst\u00f6rung die Strecke zwischen Aachen und K\u00f6ln<\/a> lahmgelegt. Grund daf\u00fcr war ebenfalls ein defektes Signal, allerdings in der N\u00e4he des Aachener Hauptbahnhofs. Es kam zu Versp\u00e4tungen und Teilausf\u00e4llen.<\/p>\n","protected":false},"excerpt":{"rendered":"Im Pendlerverkehr Defektes Signal beeintr\u00e4chtigt Bahnverkehr bei K\u00f6ln \u2013 Ausf\u00e4lle m\u00f6glich 10.06.2026 &#8211; 07:22 UhrLesedauer: 2 Min. Ein&hellip;\n","protected":false},"author":2,"featured_media":1083144,"comment_status":"","ping_status":"","sticky":false,"template":"","format":"standard","meta":{"footnotes":"","_share_on_mastodon":"0"},"categories":[1828],"tags":[90938,1424,1325,2227,2030,29,3405,30,1420,18266,9058,1209,4125,116181,2783,9061,3809,2898],"class_list":["post-1083143","post","type-post","status-publish","format-standard","has-post-thumbnail","category-koeln","tag-90938","tag-aachen","tag-ausfall","tag-bahnverkehr","tag-deutsche-bahn","tag-deutschland","tag-duesseldorf","tag-germany","tag-koeln","tag-koeln-hauptbahnhof","tag-langerwehe","tag-nordrhein-westfalen","tag-pendler","tag-pendlerverkehr","tag-signalstoerung","tag-stolberg","tag-stoerung","tag-verspaetung"],"share_on_mastodon":{"url":"https:\/\/pubeurope.com\/@de\/116724208545557830","error":""},"_links":{"self":[{"href":"https:\/\/www.europesays.com\/de\/wp-json\/wp\/v2\/posts\/1083143","targetHints":{"allow":["GET"]}}],"collection":[{"href":"https:\/\/www.europesays.com\/de\/wp-json\/wp\/v2\/posts"}],"about":[{"href":"https:\/\/www.europesays.com\/de\/wp-json\/wp\/v2\/types\/post"}],"author":[{"embeddable":true,"href":"https:\/\/www.europesays.com\/de\/wp-json\/wp\/v2\/users\/2"}],"replies":[{"embeddable":true,"href":"https:\/\/www.europesays.com\/de\/wp-json\/wp\/v2\/comments?post=1083143"}],"version-history":[{"count":0,"href":"https:\/\/www.europesays.com\/de\/wp-json\/wp\/v2\/posts\/1083143\/revisions"}],"wp:featuredmedia":[{"embeddable":true,"href":"https:\/\/www.europesays.com\/de\/wp-json\/wp\/v2\/media\/1083144"}],"wp:attachment":[{"href":"https:\/\/www.europesays.com\/de\/wp-json\/wp\/v2\/media?parent=1083143"}],"wp:term":[{"taxonomy":"category","embeddable":true,"href":"https:\/\/www.europesays.com\/de\/wp-json\/wp\/v2\/categories?post=1083143"},{"taxonomy":"post_tag","embeddable":true,"href":"https:\/\/www.europesays.com\/de\/wp-json\/wp\/v2\/tags?post=1083143"}],"curies":[{"name":"wp","href":"https:\/\/api.w.org\/{rel}","templated":true}]}}