{"id":1083161,"date":"2026-06-10T05:48:15","date_gmt":"2026-06-10T05:48:15","guid":{"rendered":"https:\/\/www.europesays.com\/de\/1083161\/"},"modified":"2026-06-10T05:48:15","modified_gmt":"2026-06-10T05:48:15","slug":"fotorundgang-ila-2026-das-gibt-es-auf-der-luftfahrtmesse-in-berlin-zu-sehen","status":"publish","type":"post","link":"https:\/\/www.europesays.com\/de\/1083161\/","title":{"rendered":"Fotorundgang ILA 2026: Das gibt es auf der Luftfahrtmesse in Berlin zu sehen"},"content":{"rendered":"<p>Die ILA 2026 \u00f6ffnet ihre Tore \u2013 und vor allem f\u00fcr diejenigen, die privat oder beruflich eher dem milit\u00e4rischen Ger\u00e4t zugetan sind, gibt es auf dem Messegel\u00e4nde im S\u00fcden des Flughafens Berlin-Brandenburg doch wieder einiges zu sehen. Das liegt vor allem auch an der Bundeswehr, die die ILA zum Schaulaufen f\u00fcr \u00e4ltere und g\u00e4nzlich neue Einsatzmuster nutzt, allen voran die Boeing P-8A Poseidon der Marineflieger. <\/p>\n<p>Auch die R\u00fcstungsindustrie pr\u00e4sentiert sich in Berlin mit breiter Brust, wohingegen dezidiert zivile Entwicklungen wie schon bei den vergangenen beiden Messeauflagen eher unterrepr\u00e4sentiert sind. Highlights auf diesem Gebiet sind ein Airbus A380 von Emirates \u2013 und die A350-1000, die dieses Jahr erstmals in berlin im Flugprogramm zu bestaunen ist. <\/p>\n<p>Am letzten Aufbautag wurde an zahlreichen St\u00e4nden noch auf Hochtouren gearbeitet \u2013 w\u00e4hrend \u00fcber den Tag verteilt die letzten teilnehmenden Flugzeuge und Hubschrauber anreisten. Die brandneue Do 228NXT von General Atomics erhielt von der Berliner Flughafenfeuerwehr eine z\u00fcnftige Wasserdusche zur Begr\u00fc\u00dfung, landete sie doch erstmals \u00fcberhaupt au\u00dferhalb ihrer Geburtsst\u00e4tte Oberpfaffenhofen.<\/p>\n","protected":false},"excerpt":{"rendered":"Die ILA 2026 \u00f6ffnet ihre Tore \u2013 und vor allem f\u00fcr diejenigen, die privat oder beruflich eher dem&hellip;\n","protected":false},"author":2,"featured_media":1083162,"comment_status":"","ping_status":"","sticky":false,"template":"","format":"standard","meta":{"footnotes":"","_share_on_mastodon":"0"},"categories":[1825],"tags":[230051,33459,296,230050,685,29,230052,37442,186041,12183,30,216801,717,451,747,230053],"class_list":["post-1083161","post","type-post","status-publish","format-standard","has-post-thumbnail","category-berlin","tag-a350-1000","tag-airbus-a380","tag-berlin","tag-boeing-p-8a-poseidon","tag-bundeswehr","tag-deutschland","tag-do-228nxt","tag-emirates","tag-flug-aktuelles","tag-flughafen-berlin-brandenburg","tag-germany","tag-ila-2026","tag-kampfflugzeuge","tag-militaer","tag-ruestungsindustrie","tag-show-news-ila-2026"],"share_on_mastodon":{"url":"https:\/\/pubeurope.com\/@de\/116724243294196762","error":""},"_links":{"self":[{"href":"https:\/\/www.europesays.com\/de\/wp-json\/wp\/v2\/posts\/1083161","targetHints":{"allow":["GET"]}}],"collection":[{"href":"https:\/\/www.europesays.com\/de\/wp-json\/wp\/v2\/posts"}],"about":[{"href":"https:\/\/www.europesays.com\/de\/wp-json\/wp\/v2\/types\/post"}],"author":[{"embeddable":true,"href":"https:\/\/www.europesays.com\/de\/wp-json\/wp\/v2\/users\/2"}],"replies":[{"embeddable":true,"href":"https:\/\/www.europesays.com\/de\/wp-json\/wp\/v2\/comments?post=1083161"}],"version-history":[{"count":0,"href":"https:\/\/www.europesays.com\/de\/wp-json\/wp\/v2\/posts\/1083161\/revisions"}],"wp:featuredmedia":[{"embeddable":true,"href":"https:\/\/www.europesays.com\/de\/wp-json\/wp\/v2\/media\/1083162"}],"wp:attachment":[{"href":"https:\/\/www.europesays.com\/de\/wp-json\/wp\/v2\/media?parent=1083161"}],"wp:term":[{"taxonomy":"category","embeddable":true,"href":"https:\/\/www.europesays.com\/de\/wp-json\/wp\/v2\/categories?post=1083161"},{"taxonomy":"post_tag","embeddable":true,"href":"https:\/\/www.europesays.com\/de\/wp-json\/wp\/v2\/tags?post=1083161"}],"curies":[{"name":"wp","href":"https:\/\/api.w.org\/{rel}","templated":true}]}}