{"id":1083473,"date":"2026-06-10T08:43:19","date_gmt":"2026-06-10T08:43:19","guid":{"rendered":"https:\/\/www.europesays.com\/de\/1083473\/"},"modified":"2026-06-10T08:43:19","modified_gmt":"2026-06-10T08:43:19","slug":"krieg-in-nahost-drei-golfstaaten-wohl-unter-beschuss","status":"publish","type":"post","link":"https:\/\/www.europesays.com\/de\/1083473\/","title":{"rendered":"Krieg in Nahost: Drei Golfstaaten wohl unter Beschuss"},"content":{"rendered":"<p>Newsblog zum Krieg in Nahost <\/p>\n<p>Iran beschie\u00dft drei Golfstaaten<\/p>\n<p>Aktualisiert am 10.06.2026 &#8211; 09:36 UhrLesedauer: 10 Min.<\/p>\n<p><a href=\"#focus-0\" class=\"transition-colors duration-200 block text-current relative\" data-sctrack=\"FocusGalleryImage.Reference\"><img fetchpriority=\"high\" data-testid=\"Opener.Image\"   loading=\"eager\" src=\"https:\/\/www.europesays.com\/de\/wp-content\/uploads\/2026\/06\/iranische-raketen-drei-golfstaaten-sollen-wohl-wieder-unter-beschuss-stehen.jpg\" alt=\"Iranische Raketen: Drei Golfstaaten sollen wohl wieder unter Beschuss stehen.\" title=\"Iranische Raketen: Drei Golfstaaten sollen wohl wieder unter Beschuss stehen.\" width=\"2048\" height=\"1152\" class=\"bg-[url:var(--lqipURL)] bg-cover bg-center flex h-full w-full max-w-full\" style=\"--lqipURL:url('https:\/\/images.t-online.de\/2026\/06\/NI0CTCaZCFM1\/0x1:2048x1152\/fit-in\/150x0\/filters:blur(25)\/iranische-raketen-drei-golfstaaten-sollen-wohl-wieder-unter-beschuss-stehen.jpg')\" decoding=\"async\"\/><img loading=\"lazy\" src=\"https:\/\/www.t-online.de\/s\/paper\/_next\/static\/media\/zoom-in.f7dae02f.svg\" alt=\"Vergr\u00f6\u00dfern des Bildes\" title=\"Vergr\u00f6\u00dfern des Bildes\" class=\"block h-[calc(var(--height)_\/_16_*_1rem)] w-[calc(var(--width)_\/_16_*_1rem)] max-w-none absolute bottom-8 right-8 rounded-4 bg-snow p-8\" style=\"--width:32;--height:32\" decoding=\"async\"\/><\/a><\/p>\n<p>Iranische Raketen: Drei Golfstaaten sollen wohl wieder unter Beschuss stehen. (Quelle: WANA via Pool\/reuters)<\/p>\n<p class=\"text-center\">Jetzt neu bei t-online:<\/p>\n<p class=\"text-center\">Schriftgr\u00f6\u00dfe anpassen!<\/p>\n<p><img loading=\"lazy\" src=\"https:\/\/www.t-online.de\/s\/paper\/_next\/static\/media\/font-sizes.32942e33.svg\" alt=\"\" title=\"\" class=\"block h-[calc(var(--height)_\/_16_*_1rem)] w-[calc(var(--width)_\/_16_*_1rem)] max-w-none group-hover:hidden group-aria-expanded:hidden\" style=\"--width:16;--height:16\" decoding=\"async\"\/><img loading=\"lazy\" src=\"https:\/\/www.t-online.de\/s\/paper\/_next\/static\/media\/font-sizes-dark-mode.e382645c.svg\" alt=\"\" title=\"\" class=\"block h-[calc(var(--height)_\/_16_*_1rem)] w-[calc(var(--width)_\/_16_*_1rem)] max-w-none hidden group-hover:block group-aria-expanded:block\" style=\"--width:16;--height:16\" decoding=\"async\"\/><img loading=\"lazy\" src=\"https:\/\/www.t-online.de\/s\/paper\/_next\/static\/media\/sharing-menu-icon.1eb71368.svg\" alt=\"\" title=\"\" class=\"block h-[calc(var(--height)_\/_16_*_1rem)] w-[calc(var(--width)_\/_16_*_1rem)] max-w-none group-hover:brightness-0 group-hover:invert\" style=\"--width:16;--height:16\" decoding=\"async\"\/>Artikel teilen<\/p>\n<p class=\"font-bold text-18 leading-17 user-text-lg:text-22 user-text-xl:text-24\">Erneut schrillen in Bahrain die Sirenen. Kurz zuvor hatte Teheran Vergeltung f\u00fcr US-Angriffe angek\u00fcndigt. Alle Entwicklungen im Newsblog.<\/p>\n<p>Iran beschie\u00dft drei Golfstaaten<\/p>\n<p class=\"text-18 leading-17 user-text-lg:text-22 user-text-xl:text-24\">Kuwait, Bahrain und <a class=\"transition-colors duration-200 cursor-pointer text-inherit no-underline text-salemsfur md:hover:text-magenta md:hover:border-magenta md:focus:text-magenta border-current border-b border-solid break-words\" data-tracking=\"{&quot;action&quot;:&quot;click&quot;,&quot;category&quot;:&quot;intextLink&quot;,&quot;label&quot;:&quot;\/themen\/jordanien\/&quot;}\" href=\"https:\/\/www.t-online.de\/themen\/jordanien\/\" data-sctrack=\"BodyAnchor\" rel=\"nofollow noopener\" target=\"_blank\">Jordanien<\/a> sind trotz der eigentlich geltenden Waffenruhe im Krieg in Nahost unter Beschuss geraten. Die jordanische Flugabwehr habe in al-Asrak am Dienstagabend f\u00fcnf iranische Raketen abgefangen, teilten Jordaniens Streitkr\u00e4fte der Staatsagentur Petra zufolge am Morgen mit. Dabei seien Tr\u00fcmmerteile herabgefallen, es habe aber keine Opfer oder Sch\u00e4den gegeben. Man werde keinerlei Verletzung des Luftraums zulassen, hie\u00df es weiter.<\/p>\n<p class=\"text-18 leading-17 user-text-lg:text-22 user-text-xl:text-24\">Auch die Luftabwehr in Kuwait ist laut dem Milit\u00e4r im Einsatz. Genauere Angaben gab es zun\u00e4chst nicht. Auch in Bahrain heulten die Sirenen auf. Die Bev\u00f6lkerung solle sich in Sicherheit bringen und ruhig verhalten, teilte das Innenministerium des Inselstaats im Persischen Golf mit.<\/p>\n<p>Teheran: Golfstaaten m\u00fcssen US-Angriffe auf den Iran verhindern<\/p>\n<p class=\"text-18 leading-17 user-text-lg:text-22 user-text-xl:text-24\">Das iranische Au\u00dfenministerium sieht die Golfstaaten nach eigenen Angaben in der &#8222;rechtlichen und moralischen Verantwortung&#8220;, Angriffe der <a class=\"transition-colors duration-200 cursor-pointer text-inherit no-underline text-salemsfur md:hover:text-magenta md:hover:border-magenta md:focus:text-magenta border-current border-b border-solid break-words\" data-tracking=\"{&quot;action&quot;:&quot;click&quot;,&quot;category&quot;:&quot;intextLink&quot;,&quot;label&quot;:&quot;\/themen\/usa\/&quot;}\" href=\"https:\/\/www.t-online.de\/themen\/usa\/\" data-sctrack=\"BodyAnchor\" rel=\"nofollow noopener\" target=\"_blank\">USA<\/a> und Israels auf die Islamische Republik zu verhindern. Die L\u00e4nder in der Region m\u00fcssten daf\u00fcr sorgen, dass die <a class=\"transition-colors duration-200 cursor-pointer text-inherit no-underline text-salemsfur md:hover:text-magenta md:hover:border-magenta md:focus:text-magenta border-current border-b border-solid break-words\" data-tracking=\"{&quot;action&quot;:&quot;click&quot;,&quot;category&quot;:&quot;intextLink&quot;,&quot;label&quot;:&quot;\/themen\/us-armee\/&quot;}\" href=\"https:\/\/www.t-online.de\/themen\/us-armee\/\" data-sctrack=\"BodyAnchor\" rel=\"nofollow noopener\" target=\"_blank\">US-Armee<\/a> und <a class=\"transition-colors duration-200 cursor-pointer text-inherit no-underline text-salemsfur md:hover:text-magenta md:hover:border-magenta md:focus:text-magenta border-current border-b border-solid break-words\" data-tracking=\"{&quot;action&quot;:&quot;click&quot;,&quot;category&quot;:&quot;intextLink&quot;,&quot;label&quot;:&quot;\/themen\/israel\/&quot;}\" href=\"https:\/\/www.t-online.de\/themen\/israel\/\" data-sctrack=\"BodyAnchor\" rel=\"nofollow noopener\" target=\"_blank\">Israel<\/a> &#8222;ihr Territorium oder ihre Einrichtungen&#8220; nicht nutzten, um &#8222;feindselige Handlungen gegen den <a class=\"transition-colors duration-200 cursor-pointer text-inherit no-underline text-salemsfur md:hover:text-magenta md:hover:border-magenta md:focus:text-magenta border-current border-b border-solid break-words\" data-tracking=\"{&quot;action&quot;:&quot;click&quot;,&quot;category&quot;:&quot;intextLink&quot;,&quot;label&quot;:&quot;\/themen\/iran\/&quot;}\" href=\"https:\/\/www.t-online.de\/themen\/iran\/\" data-sctrack=\"BodyAnchor\" rel=\"nofollow noopener\" target=\"_blank\">Iran<\/a> zu planen, zu organisieren, auszuf\u00fchren oder zu unterst\u00fctzen&#8220;, erkl\u00e4rte das Ministerium am Mittwoch.<\/p>\n<p class=\"text-18 leading-17 user-text-lg:text-22 user-text-xl:text-24\">Der Iran werde n\u00f6tigenfalls von seinem Recht auf Selbstverteidigung Gebrauch zu machen, erkl\u00e4rte das Ministerium weiter. Als m\u00f6gliche Ziele wurden in der Erkl\u00e4rung insbesondere St\u00fctzpunkte und logistische Einrichtungen genannt, die f\u00fcr Angriffe auf den Iran genutzt w\u00fcrden.<\/p>\n<p>M\u00f6glicher Angriff: Alarmsirenen ert\u00f6nen in Bahrain<\/p>\n<p class=\"text-18 leading-17 user-text-lg:text-22 user-text-xl:text-24\">Im Golfstaat Bahrain haben in der Nacht die Sirenen aufgeheult, die Bewohner zuletzt mehrfach vor iranischen Raketen- oder Drohnenangriffen gewarnt hatten. Die Bev\u00f6lkerung solle sich in Sicherheit bringen und ruhig verhalten, teilte das Innenministerium des Inselstaats im Persischen Golf auf der Plattform X mit. N\u00e4here Angaben gab es zun\u00e4chst nicht.<\/p>\n<p class=\"text-18 leading-17 user-text-lg:text-22 user-text-xl:text-24\">Die Revolutionsgarden des Iran \u2013 die Elitestreitmacht der Islamischen Republik \u2013 hatte kurz zuvor laut iranischen Medien bekanntgegeben, als Reaktion auf die n\u00e4chtlichen US-Bombardements einen Angriff auf das Hauptquartier der US-Marine f\u00fcr den Nahen Osten in Bahrain ausgef\u00fchrt zu haben. Die iranischen Angaben konnten zun\u00e4chst nicht unabh\u00e4ngig \u00fcberpr\u00fcft werden.<\/p>\n<p class=\"text-18 leading-17 user-text-lg:text-22 user-text-xl:text-24\">Bahrain war wie auch andere Golfstaaten zuletzt mehrfach unter iranischen Beschuss geraten. Dort befinden sich Milit\u00e4rst\u00fctzpunkte der USA.<\/p>\n<p>Bericht: Netanjahu zu Alleingang gegen den Iran bereit<\/p>\n<p class=\"text-18 leading-17 user-text-lg:text-22 user-text-xl:text-24\">Israels Ministerpr\u00e4sident <a class=\"transition-colors duration-200 cursor-pointer text-inherit no-underline text-salemsfur md:hover:text-magenta md:hover:border-magenta md:focus:text-magenta border-current border-b border-solid break-words\" data-tracking=\"{&quot;action&quot;:&quot;click&quot;,&quot;category&quot;:&quot;intextLink&quot;,&quot;label&quot;:&quot;\/themen\/benjamin-netanjahu\/&quot;}\" href=\"https:\/\/www.t-online.de\/themen\/benjamin-netanjahu\/\" data-sctrack=\"BodyAnchor\" rel=\"nofollow noopener\" target=\"_blank\">Benjamin Netanjahu<\/a> ist nach Angaben des Fernsehsenders i24News unter Umst\u00e4nden zu einem eigenst\u00e4ndigen Milit\u00e4rschlag gegen den Iran ohne Unterst\u00fctzung der USA bereit. Der Sender berief sich auf eine Kabinettssitzung am Montagabend und zitierte Netanjahu mit den Worten: &#8222;Es k\u00f6nnte sein, dass wir in eine Situation geraten, in der wir den Iranern allein, ohne R\u00fcckendeckung der USA, gegen\u00fcberstehen \u2013 mit allen damit verbundenen Kosten: R\u00fcstungsausgaben und weltweite Isolation.&#8220;<\/p>\n","protected":false},"excerpt":{"rendered":"Newsblog zum Krieg in Nahost Iran beschie\u00dft drei Golfstaaten Aktualisiert am 10.06.2026 &#8211; 09:36 UhrLesedauer: 10 Min. Iranische&hellip;\n","protected":false},"author":2,"featured_media":1083474,"comment_status":"","ping_status":"","sticky":false,"template":"","format":"standard","meta":{"footnotes":"","_share_on_mastodon":"0"},"categories":[3],"tags":[1217,326,174096,848,2140,15825,499,48120,106,118182,13,23442,7539,345,186871,411,207605,30730,22814,30157,7296,451,14,15,3129,61384,12,9976,10,8,9,11,8957,14953,64,73880,103,12184,104],"class_list":["post-1083473","post","type-post","status-publish","format-standard","has-post-thumbnail","category-welt","tag-1217","tag-326","tag-174096","tag-aa","tag-angriff","tag-bahrain","tag-benjamin-netanjahu","tag-beschuss","tag-donald-trump","tag-golfstaat","tag-headlines","tag-helikopter","tag-innenministerium","tag-iran","tag-iran-krieg","tag-israel","tag-israel-ende","tag-jerusalem","tag-jordanien","tag-kuwait","tag-libanon","tag-militaer","tag-nachrichten","tag-news","tag-newsblog","tag-persischer-golf","tag-schlagzeilen","tag-teheran","tag-top-news","tag-top-meldungen","tag-topmeldungen","tag-topnews","tag-us-armee","tag-us-militaer","tag-usa","tag-vergeltung","tag-welt","tag-westjordanland","tag-world"],"share_on_mastodon":{"url":"https:\/\/pubeurope.com\/@de\/116724933051773196","error":""},"_links":{"self":[{"href":"https:\/\/www.europesays.com\/de\/wp-json\/wp\/v2\/posts\/1083473","targetHints":{"allow":["GET"]}}],"collection":[{"href":"https:\/\/www.europesays.com\/de\/wp-json\/wp\/v2\/posts"}],"about":[{"href":"https:\/\/www.europesays.com\/de\/wp-json\/wp\/v2\/types\/post"}],"author":[{"embeddable":true,"href":"https:\/\/www.europesays.com\/de\/wp-json\/wp\/v2\/users\/2"}],"replies":[{"embeddable":true,"href":"https:\/\/www.europesays.com\/de\/wp-json\/wp\/v2\/comments?post=1083473"}],"version-history":[{"count":0,"href":"https:\/\/www.europesays.com\/de\/wp-json\/wp\/v2\/posts\/1083473\/revisions"}],"wp:featuredmedia":[{"embeddable":true,"href":"https:\/\/www.europesays.com\/de\/wp-json\/wp\/v2\/media\/1083474"}],"wp:attachment":[{"href":"https:\/\/www.europesays.com\/de\/wp-json\/wp\/v2\/media?parent=1083473"}],"wp:term":[{"taxonomy":"category","embeddable":true,"href":"https:\/\/www.europesays.com\/de\/wp-json\/wp\/v2\/categories?post=1083473"},{"taxonomy":"post_tag","embeddable":true,"href":"https:\/\/www.europesays.com\/de\/wp-json\/wp\/v2\/tags?post=1083473"}],"curies":[{"name":"wp","href":"https:\/\/api.w.org\/{rel}","templated":true}]}}