{"id":1083495,"date":"2026-06-10T08:56:20","date_gmt":"2026-06-10T08:56:20","guid":{"rendered":"https:\/\/www.europesays.com\/de\/1083495\/"},"modified":"2026-06-10T08:56:20","modified_gmt":"2026-06-10T08:56:20","slug":"story-das-weingartener-moor-ein-verborgenes-naturjuwel","status":"publish","type":"post","link":"https:\/\/www.europesays.com\/de\/1083495\/","title":{"rendered":"Story | Das Weingartener Moor \u2013 ein verborgenes Naturjuwel"},"content":{"rendered":"<p><img loading=\"lazy\" decoding=\"async\" class=\"wp-image-10662 size-full alignleft\" src=\"https:\/\/www.europesays.com\/de\/wp-content\/uploads\/2026\/06\/Icon-WILLI-W.png\" alt=\"Icon-Stadtmagazin WILLI\" width=\"32\" height=\"32\"\/><\/p>\n<p><strong>\u00a0Hier herrscht eine andere Atmosph\u00e4re als in einem gew\u00f6hnlichen Wald. Der schmale Bohlensteg f\u00fchrt vorbei an dunklen Wasserfl\u00e4chen, abgestorbenen Baumst\u00e4mmen und dichtem Schilf. Es quakt, raschelt und tropft \u2013 und gleichzeitig wirkt das Gebiet \u00fcberraschend ruhig. Nur wenige Minuten von Bruchsal entfernt liegt hier eines der letzten gro\u00dfen Niedermoorgebiete der Region. Gemeinsam mit F\u00f6rsterin Elena Motschilnig waren wir im Weingartener Moor unterwegs.<\/strong><\/p>\n<p>Aus WILLI 06\/26 Haus &amp; Garten<\/p>\n<p>Seit 2023 betreut Elena das Revier in Weingarten und f\u00fchrt regelm\u00e4\u00dfig Besuchergruppen durch das gesch\u00fctzte Gebiet. Dass ihr die Naturvermittlung am Herzen liegt, merkt man schnell. Immer wieder bleibt sie stehen, zeigt auf Pflanzen, erkl\u00e4rt Zusammenh\u00e4nge oder erz\u00e4hlt kleine Details \u00fcber Tiere und Landschaft.<\/p>\n<p>\u201eDas Moor ist etwas ganz Besonderes\u201c, sagt sie. \u201eViele Menschen wissen gar nicht, was wir hier direkt vor der Haust\u00fcr haben.\u201c<\/p>\n<blockquote>\n<p>Das Moor lebt und k\u00e4mpft<\/p>\n<\/blockquote>\n<p>Tats\u00e4chlich z\u00e4hlt das Weingartener Moor zu den bedeutendsten Feuchtgebieten der Region. Das rund 256 Hektar gro\u00dfe Gebiet steht bereits seit 1940 unter Naturschutz und ist zus\u00e4tzlich als sogenanntes Flora-Fauna-Habitat-Gebiet europaweit gesch\u00fctzt. Charakteristisch sind die offenen Wasserfl\u00e4chen, die Erlenbruchw\u00e4lder und die au\u00dfergew\u00f6hnliche Artenvielfalt.<\/p>\n<p><img fetchpriority=\"high\" decoding=\"async\" class=\"wp-image-171198\" src=\"https:\/\/www.europesays.com\/de\/wp-content\/uploads\/2026\/06\/Motschilnig-300x200.jpg\" alt=\"\" width=\"336\" height=\"224\"  \/>F\u00f6rsterin Elena Motschilnig<\/p>\n<p>Besonders wichtig sei dabei das Wasser, erkl\u00e4rt Elena Motschilnig w\u00e4hrend des Rundgangs. Beim Weingartener Moor handelt es sich um ein sogenanntes Niedermoor. \u00dcber Jahrhunderte lagerten sich abgestorbene Pflanzenreste unter dauerhaft nassen Bedingungen ab und bildeten Torf. Genau dieser Torf macht Moore heute so wertvoll f\u00fcr den Klimaschutz, denn er speichert gro\u00dfe Mengen CO\u2082.<\/p>\n<p>Doch genau darin liegt auch die Gefahr. \u201eWenn ein Moor austrocknet, beginnt sich der Torf zu zersetzen und das gespeicherte CO\u2082 wird wieder freigesetzt\u201c, erkl\u00e4rt die F\u00f6rsterin. Vor allem trockene Sommer bereiten deshalb zunehmend Sorgen. 2018 sei der Moorsee zeitweise sogar komplett trocken gewesen.<\/p>\n<p>Der heutige See entstand \u00fcbrigens nicht nat\u00fcrlich, sondern durch historischen Torfabbau. Fr\u00fcher wurde der Torf gestochen und als Brennmaterial genutzt. Erst sp\u00e4ter entwickelte sich daraus die heutige Moorlandschaft. Auch der bekannte Bohlensteg hat eine lange Geschichte: Bereits in den 1970er-Jahren wurde er angelegt, damit Besucher das empfindliche Gebiet erleben k\u00f6nnen, ohne die Natur zu besch\u00e4digen.<\/p>\n<p><img loading=\"lazy\" decoding=\"async\" class=\"size-medium wp-image-171197\" src=\"https:\/\/www.europesays.com\/de\/wp-content\/uploads\/2026\/06\/Moorgespraech-300x200.jpg\" alt=\"\" width=\"300\" height=\"200\"  \/>Mitten im Bruchwalt erkl\u00e4rt F\u00f6rsterin Elena Motschilnig die Bedeutung des Moors f\u00fcr Klima und Artenvielfalt.<\/p>\n<p>W\u00e4hrend des Spaziergangs wird deutlich, wie eng hier alles miteinander verbunden ist. Umgest\u00fcrzte und abgestorbene B\u00e4ume bleiben bewusst liegen. \u201eTotholz ist enorm wichtig f\u00fcr das \u00d6kosystem\u201c, erkl\u00e4rt Elena. K\u00e4fer, Pilze, Spechte und viele andere Arten seien darauf angewiesen.<\/p>\n<p>Auch Amphibien profitieren vom Moor. Weil in vielen Bereichen kaum Fische vorkommen, haben Kaulquappen und Fr\u00f6sche bessere \u00dcberlebenschancen als in anderen Gew\u00e4ssern. Zwischen den Wasserfl\u00e4chen und Schilfzonen entsteht so ein wertvoller R\u00fcckzugsraum f\u00fcr zahlreiche Tierarten.<\/p>\n<p>Besonders faszinierend ist f\u00fcr die F\u00f6rsterin die Vielfalt auf kleinem Raum. \u201eMan merkt hier sofort, dass das kein gew\u00f6hnlicher Wald ist\u201c, sagt sie. Tats\u00e4chlich unterscheiden sich auch die Pflanzen deutlich von trockeneren Waldgebieten. Vor allem Schwarzerlen kommen mit den dauerhaft nassen B\u00f6den gut zurecht und pr\u00e4gen das Bild des Moors.<\/p>\n<blockquote>\n<p>Naturparadies direkt vor der Haust\u00fcr<\/p>\n<\/blockquote>\n<p>Gleichzeitig zeigt sich hier auch, wie sehr sich die Arbeit von F\u00f6rsterinnen und F\u00f6rstern ver\u00e4ndert hat. L\u00e4ngst gehe es nicht mehr nur um Holz oder klassische Waldpflege. Naturschutz, Klimaanpassung und Umweltbildung spielten heute eine immer gr\u00f6\u00dfere Rolle. \u201eWir denken hier oft in Jahrzehnten oder sogar Jahrhunderten\u201c, erkl\u00e4rt Elena.<\/p>\n<p>Trotz aller Herausforderungen wirkt das Weingartener Moor an diesem Tag lebendig und friedlich. Spazierg\u00e4nger bleiben auf dem Steg stehen, lauschen den Ger\u00e4uschen der Natur oder blicken \u00fcber die dunklen Wasserfl\u00e4chen. Genau diese Ruhe mache das Gebiet f\u00fcr viele Menschen besonders.<\/p>\n<p>Wer das Moor selbst entdecken m\u00f6chte, kann das \u00fcbrigens auch bei gef\u00fchrten Touren tun. Mehrmals im Jahr bietet die Gemeinde Weingarten kostenlose F\u00fchrungen durch das Naturschutzgebiet an \u2013 eine Gelegenheit, die eigene Heimat einmal aus einer ganz anderen Perspektive kennenzulernen.<\/p>\n<p>Aus RegioMagazin WILLI 06\/2026\u00a0 \u00a0|\u00a0\u00a0 Text: Iris Weindel \/ Bilder: Philipp Dockendorf<\/p>\n<p>\u00a0<\/p>\n","protected":false},"excerpt":{"rendered":"\u00a0Hier herrscht eine andere Atmosph\u00e4re als in einem gew\u00f6hnlichen Wald. Der schmale Bohlensteg f\u00fchrt vorbei an dunklen Wasserfl\u00e4chen,&hellip;\n","protected":false},"author":2,"featured_media":1083496,"comment_status":"","ping_status":"","sticky":false,"template":"","format":"standard","meta":{"footnotes":"","_share_on_mastodon":"0"},"categories":[1844],"tags":[1634,3364,29,30,230145,8903,80451],"class_list":["post-1083495","post","type-post","status-publish","format-standard","has-post-thumbnail","category-karlsruhe","tag-baden-wuerttemberg","tag-de","tag-deutschland","tag-germany","tag-gesangverein-unteroewisheim","tag-karlsruhe","tag-kinderchor"],"share_on_mastodon":{"url":"https:\/\/pubeurope.com\/@de\/116724982942625648","error":""},"_links":{"self":[{"href":"https:\/\/www.europesays.com\/de\/wp-json\/wp\/v2\/posts\/1083495","targetHints":{"allow":["GET"]}}],"collection":[{"href":"https:\/\/www.europesays.com\/de\/wp-json\/wp\/v2\/posts"}],"about":[{"href":"https:\/\/www.europesays.com\/de\/wp-json\/wp\/v2\/types\/post"}],"author":[{"embeddable":true,"href":"https:\/\/www.europesays.com\/de\/wp-json\/wp\/v2\/users\/2"}],"replies":[{"embeddable":true,"href":"https:\/\/www.europesays.com\/de\/wp-json\/wp\/v2\/comments?post=1083495"}],"version-history":[{"count":0,"href":"https:\/\/www.europesays.com\/de\/wp-json\/wp\/v2\/posts\/1083495\/revisions"}],"wp:featuredmedia":[{"embeddable":true,"href":"https:\/\/www.europesays.com\/de\/wp-json\/wp\/v2\/media\/1083496"}],"wp:attachment":[{"href":"https:\/\/www.europesays.com\/de\/wp-json\/wp\/v2\/media?parent=1083495"}],"wp:term":[{"taxonomy":"category","embeddable":true,"href":"https:\/\/www.europesays.com\/de\/wp-json\/wp\/v2\/categories?post=1083495"},{"taxonomy":"post_tag","embeddable":true,"href":"https:\/\/www.europesays.com\/de\/wp-json\/wp\/v2\/tags?post=1083495"}],"curies":[{"name":"wp","href":"https:\/\/api.w.org\/{rel}","templated":true}]}}