{"id":1083515,"date":"2026-06-10T09:07:21","date_gmt":"2026-06-10T09:07:21","guid":{"rendered":"https:\/\/www.europesays.com\/de\/1083515\/"},"modified":"2026-06-10T09:07:21","modified_gmt":"2026-06-10T09:07:21","slug":"drohnenangriffe-der-ukraine-schnueren-die-krim-versorgung-ab","status":"publish","type":"post","link":"https:\/\/www.europesays.com\/de\/1083515\/","title":{"rendered":"Drohnenangriffe der Ukraine schn\u00fcren die Krim-Versorgung ab"},"content":{"rendered":"<p>Halbinsel fast ohne Versorgung <\/p>\n<p>Kiews Drohnen schn\u00fcren der Krim die Luft ab<\/p>\n<ul class=\"grid grid-flow-col gap-4\" aria-label=\"Autorenbilder\">\n<li class=\"leading-0\"><img data-tb-author-image=\"\"  loading=\"lazy\" src=\"https:\/\/www.europesays.com\/de\/wp-content\/uploads\/2026\/06\/1781082438_925_image.jpg\" alt=\"\" title=\"\" width=\"40\" height=\"40\" class=\"\" decoding=\"async\"\/><\/li>\n<\/ul>\n<p>10.06.2026 &#8211; 10:55 UhrLesedauer: 7 Min.<\/p>\n<p><a href=\"#focus-0\" class=\"transition-colors duration-200 block text-current relative\" data-sctrack=\"FocusGalleryImage.Reference\"><img fetchpriority=\"high\" data-testid=\"Opener.Image\"   loading=\"eager\" src=\"https:\/\/www.europesays.com\/de\/wp-content\/uploads\/2026\/06\/a-soldier-flies-a-drone-that-was-blessed-by-military-chaplain-father-stepan-before-launch-in-the-zap.jpeg\" alt=\"imago images 0853217091\" title=\"imago images 0853217091\" width=\"4410\" height=\"2481\" class=\"bg-[url:var(--lqipURL)] bg-cover bg-center flex h-full w-full max-w-full\" style=\"--lqipURL:url('https:\/\/images.t-online.de\/2026\/06\/jaRb6G-LOUxI\/599x1161:4410x2481\/fit-in\/150x0\/filters:blur(25)\/a-soldier-flies-a-drone-that-was-blessed-by-military-chaplain-father-stepan-before-launch-in-the-zaporizhzhia-region-ukraine-april-8-2026-on-the-eve-of-orthodox-easter-military-chaplain-father-stepan-visited-the-gara-strike-drone-pilots-of-the-striletskyi-special-unit-the-priest-held-an-easter-prayer-dedicated-to-the-resurrection-of-christ-and-consecrated-the-aircraft-of-the-zaporizhzhia-police-photo-by-dmytro-smolienko-ukrinform-chaplain-conducts-easter-service-for-gara-drone-pilots-in-zaporizhzhi.jpg')\" decoding=\"async\"\/><img loading=\"lazy\" src=\"https:\/\/www.t-online.de\/s\/paper\/_next\/static\/media\/zoom-in.f7dae02f.svg\" alt=\"Vergr\u00f6\u00dfern des Bildes\" title=\"Vergr\u00f6\u00dfern des Bildes\" class=\"block h-[calc(var(--height)_\/_16_*_1rem)] w-[calc(var(--width)_\/_16_*_1rem)] max-w-none absolute bottom-8 right-8 rounded-4 bg-snow p-8\" style=\"--width:32;--height:32\" decoding=\"async\"\/><\/a><\/p>\n<p>Ein ukrainischer Soldat steuert eine Drohne (Archivbild): Mit Drohnenangriffen setzt die Ukraine die russische Logistik unter Druck. (Quelle: IMAGO\/Dmytro Smolienko\/imago)<\/p>\n<p><img loading=\"lazy\" src=\"https:\/\/www.t-online.de\/s\/paper\/_next\/static\/media\/audio-volume.6689034c.svg\" alt=\"\" title=\"\" class=\"block h-[calc(var(--height)_\/_16_*_1rem)] w-[calc(var(--width)_\/_16_*_1rem)] max-w-none group-hover:brightness-0 group-hover:invert\" style=\"--width:16;--height:16\" decoding=\"async\"\/>Vorlesen<\/p>\n<p>Aktuelle Zeit:0:00Gesamtdauer:0:00<\/p>\n<p>1x<\/p>\n<p class=\"text-center\">Jetzt neu bei t-online:<\/p>\n<p class=\"text-center\">Schriftgr\u00f6\u00dfe anpassen!<\/p>\n<p><img loading=\"lazy\" src=\"https:\/\/www.t-online.de\/s\/paper\/_next\/static\/media\/font-sizes.32942e33.svg\" alt=\"\" title=\"\" class=\"block h-[calc(var(--height)_\/_16_*_1rem)] w-[calc(var(--width)_\/_16_*_1rem)] max-w-none group-hover:hidden group-aria-expanded:hidden\" style=\"--width:16;--height:16\" decoding=\"async\"\/><img loading=\"lazy\" src=\"https:\/\/www.t-online.de\/s\/paper\/_next\/static\/media\/font-sizes-dark-mode.e382645c.svg\" alt=\"\" title=\"\" class=\"block h-[calc(var(--height)_\/_16_*_1rem)] w-[calc(var(--width)_\/_16_*_1rem)] max-w-none hidden group-hover:block group-aria-expanded:block\" style=\"--width:16;--height:16\" decoding=\"async\"\/><img loading=\"lazy\" src=\"https:\/\/www.t-online.de\/s\/paper\/_next\/static\/media\/sharing-menu-icon.1eb71368.svg\" alt=\"\" title=\"\" class=\"block h-[calc(var(--height)_\/_16_*_1rem)] w-[calc(var(--width)_\/_16_*_1rem)] max-w-none group-hover:brightness-0 group-hover:invert\" style=\"--width:16;--height:16\" decoding=\"async\"\/>Artikel teilen<\/p>\n<p class=\"font-bold text-18 leading-17 user-text-lg:text-22 user-text-xl:text-24\">Ukrainische Drohnen setzen die von Russland besetzte Halbinsel Krim milit\u00e4risch und wirtschaftlich zunehmend unter Druck. Plant Kiew eine Bodenoffensive?<\/p>\n<p class=\"text-18 leading-17 user-text-lg:text-22 user-text-xl:text-24\">Eigentlich sollte in diesen Wochen die Tourismussaison auf der von <a class=\"transition-colors duration-200 cursor-pointer text-inherit no-underline text-salemsfur md:hover:text-magenta md:hover:border-magenta md:focus:text-magenta border-current border-b border-solid break-words\" data-tracking=\"{&quot;action&quot;:&quot;click&quot;,&quot;category&quot;:&quot;intextLink&quot;,&quot;label&quot;:&quot;\/themen\/russland\/&quot;}\" href=\"https:\/\/www.t-online.de\/themen\/russland\/\" data-sctrack=\"BodyAnchor\" rel=\"nofollow noopener\" target=\"_blank\">Russland<\/a> besetzten Krim volle Fahrt aufnehmen. Zwischen drei und vier Millionen Russen nehmen die Halbinsel seit der 2014 erfolgten v\u00f6lkerrechtswidrigen Annexion Jahr f\u00fcr Jahr in den Sommermonaten in Beschlag. Selbst der Ukraine-Krieg \u00e4nderte daran wenig. Doch in diesem Jahr ist an Urlaub kaum zu denken. Die Buchungszahlen seien deutlich r\u00fcckl\u00e4ufig und es gebe bereits zahlreiche Stornierungen, berichten russische Medien.<\/p>\n<p class=\"text-18 leading-17 user-text-lg:text-22 user-text-xl:text-24\">Der Grund daf\u00fcr sind zunehmend weiter reichende und effektivere Drohnenangriffe der <a class=\"transition-colors duration-200 cursor-pointer text-inherit no-underline text-salemsfur md:hover:text-magenta md:hover:border-magenta md:focus:text-magenta border-current border-b border-solid break-words\" data-tracking=\"{&quot;action&quot;:&quot;click&quot;,&quot;category&quot;:&quot;intextLink&quot;,&quot;label&quot;:&quot;\/themen\/ukraine\/&quot;}\" href=\"https:\/\/www.t-online.de\/themen\/ukraine\/\" data-sctrack=\"BodyAnchor\" rel=\"nofollow noopener\" target=\"_blank\">Ukraine<\/a>, die die Krim langsam, aber stetig von der Versorgung vom russischen Festland abschneiden. <a class=\"transition-colors duration-200 cursor-pointer text-inherit no-underline text-salemsfur md:hover:text-magenta md:hover:border-magenta md:focus:text-magenta border-current border-b border-solid break-words\" data-tracking=\"{&quot;action&quot;:&quot;click&quot;,&quot;category&quot;:&quot;intextLink&quot;,&quot;label&quot;:&quot;\/nachrichten\/ukraine\/id_101275756\/ukraine-so-soll-putins-nachschub-ins-stocken-geraten.html&quot;}\" href=\"https:\/\/www.t-online.de\/nachrichten\/ukraine\/id_101275756\/ukraine-so-soll-putins-nachschub-ins-stocken-geraten.html\" data-sctrack=\"BodyAnchor\" rel=\"nofollow noopener\" target=\"_blank\">Seit Wochen attackieren ukrainische Drohnenpiloten Tankwagen, Treibstoffdepots, \u00d6lraffinerien und Pipelines, die die Halbinsel beliefern.<\/a> Am Montag schlug zudem eine Drohne in die Lokomotive eines G\u00fcterzugs ein, der die Strecke Moskau-Simferopol bediente. Der <a class=\"transition-colors duration-200 cursor-pointer text-inherit no-underline text-salemsfur md:hover:text-magenta md:hover:border-magenta md:focus:text-magenta border-current border-b border-solid break-words\" data-tracking=\"{&quot;action&quot;:&quot;click&quot;,&quot;category&quot;:&quot;intextLink&quot;,&quot;label&quot;:&quot;\/themen\/zugverkehr\/&quot;}\" href=\"https:\/\/www.t-online.de\/themen\/zugverkehr\/\" data-sctrack=\"BodyAnchor\" rel=\"nofollow noopener\" target=\"_blank\">Zugverkehr<\/a> zur Krim wurde daraufhin zun\u00e4chst eingestellt.<\/p>\n<p class=\"text-18 leading-17 user-text-lg:text-22 user-text-xl:text-24\">Der ukrainische Verteidigungsminister Mychailo Fedorow beschreibt das als &#8222;Logistik-Lockdown&#8220;. Die Idee hinter den Drohnenangriffen: den Druck auf das russische Milit\u00e4r im Hinterland erh\u00f6hen und den Russen so die M\u00f6glichkeit nehmen, Angriffe auszuf\u00fchren. Die Krim ist dabei ein Schl\u00fcssel, denn die Halbinsel ist besonders f\u00fcr die Versorgung der Kremltruppen im S\u00fcden der Ukraine essenziell. F\u00e4llt diese Route weg, k\u00f6nnten die Russen an der S\u00fcdfront schnell in Bedr\u00e4ngnis kommen.<\/p>\n<ul class=\"text-18 leading-17 block pl-24 *:pb-16 *:before:inline-block *:before:size-8 *:before:bg-magenta *:before:-ml-[20px] *:before:mb-2 *:before:mr-12 *:before:mt-0\">\n<li><strong class=\"font-bold\">Gel\u00e4ndeverluste in der Ukraine:<\/strong> <a class=\"transition-colors duration-200 cursor-pointer text-inherit no-underline text-salemsfur md:hover:text-magenta md:hover:border-magenta md:focus:text-magenta border-current border-b border-solid break-words\" data-tracking=\"{&quot;action&quot;:&quot;click&quot;,&quot;category&quot;:&quot;intextLink&quot;,&quot;label&quot;:&quot;\/nachrichten\/ukraine\/id_101287302\/ukraine-macht-gewinne-kampfleistung-von-russland-nimmt-deutlich-ab.html&quot;}\" href=\"https:\/\/www.t-online.de\/nachrichten\/ukraine\/id_101287302\/ukraine-macht-gewinne-kampfleistung-von-russland-nimmt-deutlich-ab.html\" data-sctrack=\"BodyAnchor\" rel=\"nofollow noopener\" target=\"_blank\">Kampfleistung Russlands nimmt deutlich ab<\/a><\/li>\n<li><strong class=\"font-bold\">Newsblog:<\/strong> <a class=\"transition-colors duration-200 cursor-pointer text-inherit no-underline text-salemsfur md:hover:text-magenta md:hover:border-magenta md:focus:text-magenta border-current border-b border-solid break-words\" data-tracking=\"{&quot;action&quot;:&quot;click&quot;,&quot;category&quot;:&quot;intextLink&quot;,&quot;label&quot;:&quot;\/nachrichten\/ukraine\/id_101287226\/ukraine-news-aktuell-angriffe-auf-russland-historisches-museum-getroffen.html&quot;}\" href=\"https:\/\/www.t-online.de\/nachrichten\/ukraine\/id_101287226\/ukraine-news-aktuell-angriffe-auf-russland-historisches-museum-getroffen.html\" data-sctrack=\"BodyAnchor\" rel=\"nofollow noopener\" target=\"_blank\">Alle aktuellen Entwicklungen im Krieg in der Ukraine<\/a><\/li>\n<\/ul>\n<p>Im Video | Ukraine trifft wichtige Krim-Br\u00fccke<\/p>\n<p><img loading=\"lazy\" src=\"https:\/\/www.t-online.de\/s\/paper\/_next\/static\/media\/loading-indicator-magenta.1f35d8de.svg\" alt=\"Video l\u00e4dt\" title=\"Video l\u00e4dt\" class=\"block h-[calc(var(--height)_\/_16_*_1rem)] w-[calc(var(--width)_\/_16_*_1rem)] max-w-none undefined\" style=\"--width:32;--height:32\" decoding=\"async\"\/>Player wird geladen<\/p>\n<p>Treibstoff ist auf der Krim bereits knapp \u2013 jetzt wird die Versorgung noch schwieriger<\/p>\n<p class=\"text-18 leading-17 user-text-lg:text-22 user-text-xl:text-24\">Ob dies letztlich erreicht wird oder nicht: Die gut zwei Millionen Einwohner der Krim sp\u00fcren bereits jetzt die Folgen der ukrainischen Drohnenangriffe. Seit Ende Mai ist der Verkauf von Kraftstoff stark eingeschr\u00e4nkt. An Tankstellen bilden sich lange Schlangen, Betreiber erstellen Wartelisten. Nur wer einen speziellen Coupon hat, darf \u00fcberhaupt Benzin kaufen \u2013 und selbst dann nur maximal 20 Liter. Doch das ist aller Voraussicht nach nur der Anfang der Knappheit.<\/p>\n<p class=\"text-18 leading-17 user-text-lg:text-22 user-text-xl:text-24\">Denn die Ukraine arbeitet weiterhin daran, die Krim von Russland zu isolieren. Am Montag und Dienstag attackierten Drohnen die Tschonhar-Br\u00fccke, die die Halbinsel mit dem ukrainischen Festland verbindet. \u00dcber die Br\u00fccke kommt von Norden normalerweise ein gro\u00dfer Teil der Versorgung der Halbinsel. \u00dcber die Fernstra\u00dfe M-18 nach Melitopol und dann \u00fcber die Hauptstra\u00dfe E58 am Asowschen Meer entlang lie\u00df sich mit Rostow-am-Don verh\u00e4ltnism\u00e4\u00dfig schnell eine russische Gro\u00dfstadt erreichen.<\/p>\n","protected":false},"excerpt":{"rendered":"Halbinsel fast ohne Versorgung Kiews Drohnen schn\u00fcren der Krim die Luft ab 10.06.2026 &#8211; 10:55 UhrLesedauer: 7 Min.&hellip;\n","protected":false},"author":2,"featured_media":1083516,"comment_status":"","ping_status":"","sticky":false,"template":"","format":"standard","meta":{"footnotes":"","_share_on_mastodon":"0"},"categories":[4012],"tags":[326,331,332,1512,6077,1478,1479,3006,13,114667,671,5793,3083,18556,2776,451,230154,159949,14,15,307,12,226,230153,317,312,5028,306],"class_list":["post-1083515","post","type-post","status-publish","format-standard","has-post-thumbnail","category-ukraine","tag-326","tag-aktuelle-nachrichten","tag-aktuelle-news","tag-benzin","tag-donezk","tag-drohne","tag-drohnenangriff","tag-halbinsel","tag-headlines","tag-kertsch-bruecke","tag-ki","tag-kiew","tag-krim","tag-lockdown","tag-logistik","tag-militaer","tag-moskau-simferopol","tag-mychailo-fedorow","tag-nachrichten","tag-news","tag-russland","tag-schlagzeilen","tag-t-online","tag-tschonhar-bruecke","tag-ukraine","tag-ukrainekrieg","tag-versorgung","tag-wladimir-putin"],"share_on_mastodon":{"url":"https:\/\/pubeurope.com\/@de\/116725028051237411","error":""},"_links":{"self":[{"href":"https:\/\/www.europesays.com\/de\/wp-json\/wp\/v2\/posts\/1083515","targetHints":{"allow":["GET"]}}],"collection":[{"href":"https:\/\/www.europesays.com\/de\/wp-json\/wp\/v2\/posts"}],"about":[{"href":"https:\/\/www.europesays.com\/de\/wp-json\/wp\/v2\/types\/post"}],"author":[{"embeddable":true,"href":"https:\/\/www.europesays.com\/de\/wp-json\/wp\/v2\/users\/2"}],"replies":[{"embeddable":true,"href":"https:\/\/www.europesays.com\/de\/wp-json\/wp\/v2\/comments?post=1083515"}],"version-history":[{"count":0,"href":"https:\/\/www.europesays.com\/de\/wp-json\/wp\/v2\/posts\/1083515\/revisions"}],"wp:featuredmedia":[{"embeddable":true,"href":"https:\/\/www.europesays.com\/de\/wp-json\/wp\/v2\/media\/1083516"}],"wp:attachment":[{"href":"https:\/\/www.europesays.com\/de\/wp-json\/wp\/v2\/media?parent=1083515"}],"wp:term":[{"taxonomy":"category","embeddable":true,"href":"https:\/\/www.europesays.com\/de\/wp-json\/wp\/v2\/categories?post=1083515"},{"taxonomy":"post_tag","embeddable":true,"href":"https:\/\/www.europesays.com\/de\/wp-json\/wp\/v2\/tags?post=1083515"}],"curies":[{"name":"wp","href":"https:\/\/api.w.org\/{rel}","templated":true}]}}