{"id":1083558,"date":"2026-06-10T09:30:15","date_gmt":"2026-06-10T09:30:15","guid":{"rendered":"https:\/\/www.europesays.com\/de\/1083558\/"},"modified":"2026-06-10T09:30:15","modified_gmt":"2026-06-10T09:30:15","slug":"spargel-ausflug-der-koalition-sagt-mal-habt-ihr-noch-was-zu-essen","status":"publish","type":"post","link":"https:\/\/www.europesays.com\/de\/1083558\/","title":{"rendered":"Spargel-Ausflug der Koalition: &#8222;Sagt mal, habt ihr noch was zu essen?&#8220;"},"content":{"rendered":"<p>Wei\u00dfer oder gr\u00fcner Spargel?<\/p>\n<p class=\"text-18 leading-17 user-text-lg:text-22 user-text-xl:text-24\">Oberfl\u00e4chlich geht das Konzept der Seeheimer Spargelfahrt perfekt auf. Auf dem Sonnendeck wird geraucht, getrunken und getratscht, durch das Mitteldeck pl\u00e4tschert harmonische Klaviermusik, \u00fcberall riecht es nach Sauce Hollandaise. Koalition muss auch mal Fun machen, Politiker sind auch nur Menschen.<\/p>\n<p class=\"text-18 leading-17 user-text-lg:text-22 user-text-xl:text-24\">Aber sie sind eben auch hier, um Politik zu machen: Die Spargelfahrt der Seeheimer ist nicht nur ein Netzwerktreffen und innerparteiliche Machtdemonstration des konservativen SPD-Fl\u00fcgels (der stets stolz darauf war, der gr\u00f6\u00dfte Fl\u00fcgel zu sein, aber nicht mehr ist, zumindest behauptet das der linke SPD-Fl\u00fcgel am Tisch). An diesem Dienstagabend, vor dem sehr wichtigen Mittwochabend, ist der Ausflug auf dem Tegeler See vor allem eine Botschaft. Denn nicht nur S\u00f6der war eingeladen, mit der <a class=\"transition-colors duration-200 cursor-pointer text-inherit no-underline text-salemsfur md:hover:text-magenta md:hover:border-magenta md:focus:text-magenta border-current border-b border-solid break-words\" data-tracking=\"{&quot;action&quot;:&quot;click&quot;,&quot;category&quot;:&quot;intextLink&quot;,&quot;label&quot;:&quot;\/themen\/spd\/&quot;}\" href=\"https:\/\/www.t-online.de\/themen\/spd\/\" data-sctrack=\"BodyAnchor\" rel=\"nofollow noopener\" target=\"_blank\">SPD<\/a> diese j\u00e4hrlich stattfindende kulinarisch-nautische Tradition mitzufeiern. Auch CDU-Generalsekret\u00e4r Carsten Linnemann, CDU-Au\u00dfenminister Johann Wadephul und der CDU-Koordinator der <a class=\"transition-colors duration-200 cursor-pointer text-inherit no-underline text-salemsfur md:hover:text-magenta md:hover:border-magenta md:focus:text-magenta border-current border-b border-solid break-words\" data-tracking=\"{&quot;action&quot;:&quot;click&quot;,&quot;category&quot;:&quot;intextLink&quot;,&quot;label&quot;:&quot;\/themen\/bundesregierung\/&quot;}\" href=\"https:\/\/www.t-online.de\/themen\/bundesregierung\/\" data-sctrack=\"BodyAnchor\" rel=\"nofollow noopener\" target=\"_blank\">Bundesregierung<\/a> f\u00fcr die maritime Wirtschaft und <a class=\"transition-colors duration-200 cursor-pointer text-inherit no-underline text-salemsfur md:hover:text-magenta md:hover:border-magenta md:focus:text-magenta border-current border-b border-solid break-words\" data-tracking=\"{&quot;action&quot;:&quot;click&quot;,&quot;category&quot;:&quot;intextLink&quot;,&quot;label&quot;:&quot;\/themen\/tourismus\/&quot;}\" href=\"https:\/\/www.t-online.de\/themen\/tourismus\/\" data-sctrack=\"BodyAnchor\" rel=\"nofollow noopener\" target=\"_blank\">Tourismus<\/a>, Christoph Plo\u00df.<\/p>\n<p class=\"text-18 leading-17 user-text-lg:text-22 user-text-xl:text-24\">So wird das gemeinsame Futtern von Spargel, Kartoffeln und Schweineschnitzel ein Gradmesser daf\u00fcr, wie gut die Unions- und SPD-Spitzen noch miteinander k\u00f6nnen, nach dem ganzen Streit der letzten Zeit. Der Spargel als Kitt, der die Koalition zusammenh\u00e4lt?<\/p>\n<p class=\"text-18 leading-17 user-text-lg:text-22 user-text-xl:text-24\">Nein, das w\u00e4re zu viel des Guten. Auch wenn man versucht, den Spargelwitz bis ins \u00c4u\u00dferste auszureizen. Klingbeil, S\u00f6der und Linnemann werden gefragt, ob sie lieber wei\u00dfen oder gr\u00fcnen Spargel m\u00f6gen. Alle nennen \u2013 nat\u00fcrlich \u2013 den Spargel aus ihrer Region (in allen drei F\u00e4llen ist er wei\u00df) und das Publikum schmunzelt pflichtschuldig, aber auch ein wenig verkrampft. Politik ist ziemlich berechenbar geworden, die Spargelfahrt der SPD ist hier keine Ausnahme.<\/p>\n<p>&#8222;Sagt mal, habt ihr noch was zu essen?&#8220;<\/p>\n<p class=\"text-18 leading-17 user-text-lg:text-22 user-text-xl:text-24\">Als das Essen eigentlich schon vorbei ist, marschiert im blauen Anzug und wei\u00dfen Hemd Carsten Linnemann auf das Mitteldeck und ruft generalsekret\u00e4rsm\u00e4\u00dfig in den Raum: &#8222;Sagt mal, habt ihr noch was zu essen?&#8220; Linnemann ist umringt von mehrheitlich weiblichen Servicekr\u00e4ften, die die Notlage sofort erkennen. &#8222;Auch kaltes Schnitzel?&#8220; wirft Linnemann unvermittelt hinterher. Nein, Schnitzel ist aus. Dem CDU-Mann wird trotzdem geholfen, es gibt noch Bratw\u00fcrste, zwei Teller sind schon im Anmarsch.<\/p>\n<p class=\"text-18 leading-17 user-text-lg:text-22 user-text-xl:text-24\">Dass die SPD ihre Premiumg\u00e4ste im Stich l\u00e4sst, w\u00e4re eine schlechte Schlagzeile, und so wird viel getan, dass der CDU-Generalsekret\u00e4r an Bord nicht hungern muss. Linnemann findet das schon sehr beeindruckend, was die Seeheimer hier aufgefahren haben. Eine &#8222;ganz starke Veranstaltung&#8220; sei das, sagte er in seiner Eingangsrede, gerade vor dem Hintergrund des Gespr\u00e4chs mit den Sozialpartnern am Mittwoch im Kanzleramt.<\/p>\n<p>Loading&#8230;<\/p>\n<p>Loading&#8230;<\/p>\n<p>Loading&#8230;<\/p>\n","protected":false},"excerpt":{"rendered":"Wei\u00dfer oder gr\u00fcner Spargel? Oberfl\u00e4chlich geht das Konzept der Seeheimer Spargelfahrt perfekt auf. Auf dem Sonnendeck wird geraucht,&hellip;\n","protected":false},"author":2,"featured_media":1083559,"comment_status":"","ping_status":"","sticky":false,"template":"","format":"standard","meta":{"footnotes":"","_share_on_mastodon":"0"},"categories":[1834],"tags":[3028,629,772,296,7534,31,774,3364,29,3688,30,24915,776,771,1209,230158,4975,230157,184,47399,312],"class_list":["post-1083558","post","type-post","status-publish","format-standard","has-post-thumbnail","category-essen","tag-3028","tag-arbeitgeber","tag-bayern","tag-berlin","tag-carsten-linnemann","tag-cdu","tag-csu","tag-de","tag-deutschland","tag-essen","tag-germany","tag-havel","tag-lars-klingbeil","tag-markus-soeder","tag-nordrhein-westfalen","tag-schmusekurs","tag-spargel","tag-spargelfahrt","tag-spd","tag-tegeler-see","tag-ukrainekrieg"],"share_on_mastodon":{"url":"https:\/\/pubeurope.com\/@de\/116725116277701219","error":""},"_links":{"self":[{"href":"https:\/\/www.europesays.com\/de\/wp-json\/wp\/v2\/posts\/1083558","targetHints":{"allow":["GET"]}}],"collection":[{"href":"https:\/\/www.europesays.com\/de\/wp-json\/wp\/v2\/posts"}],"about":[{"href":"https:\/\/www.europesays.com\/de\/wp-json\/wp\/v2\/types\/post"}],"author":[{"embeddable":true,"href":"https:\/\/www.europesays.com\/de\/wp-json\/wp\/v2\/users\/2"}],"replies":[{"embeddable":true,"href":"https:\/\/www.europesays.com\/de\/wp-json\/wp\/v2\/comments?post=1083558"}],"version-history":[{"count":0,"href":"https:\/\/www.europesays.com\/de\/wp-json\/wp\/v2\/posts\/1083558\/revisions"}],"wp:featuredmedia":[{"embeddable":true,"href":"https:\/\/www.europesays.com\/de\/wp-json\/wp\/v2\/media\/1083559"}],"wp:attachment":[{"href":"https:\/\/www.europesays.com\/de\/wp-json\/wp\/v2\/media?parent=1083558"}],"wp:term":[{"taxonomy":"category","embeddable":true,"href":"https:\/\/www.europesays.com\/de\/wp-json\/wp\/v2\/categories?post=1083558"},{"taxonomy":"post_tag","embeddable":true,"href":"https:\/\/www.europesays.com\/de\/wp-json\/wp\/v2\/tags?post=1083558"}],"curies":[{"name":"wp","href":"https:\/\/api.w.org\/{rel}","templated":true}]}}