{"id":1083584,"date":"2026-06-10T09:44:16","date_gmt":"2026-06-10T09:44:16","guid":{"rendered":"https:\/\/www.europesays.com\/de\/1083584\/"},"modified":"2026-06-10T09:44:16","modified_gmt":"2026-06-10T09:44:16","slug":"flughafen-muenchen-nutzt-baudokumentation-mit-laserscanning","status":"publish","type":"post","link":"https:\/\/www.europesays.com\/de\/1083584\/","title":{"rendered":"Flughafen M\u00fcnchen nutzt Baudokumentation mit Laserscanning"},"content":{"rendered":"<p>Seit 2019 hat der Flughafen M\u00fcnchen die Bauma\u00dfnahmen f\u00fcr das Terminal-1-Pier per Laserscanning erfasst und dokumentiert. Geb\u00e4udedaten aus dem gesamten Bauprozess auf rund 100.000 Quadratmetern wurden mit der Dynamic-Laserscanning-Technologie von NavVis aufgezeichnet und verarbeitet und standen w\u00e4hrend der Bauzeit in NavVis Ivion als zentrale Informationsquelle zur Verf\u00fcgung. Die Technologie kam dabei in drei Schl\u00fcsselphasen w\u00e4hrend der Erweiterungsbauarbeiten zum Einsatz: Scans vom Rohbau in den Jahren 2021 und 2022, Fortschritts-Scans im Jahr 2025 und die Abschluss-Scans im M\u00e4rz 2026. Die Daten sollen nun dar\u00fcber hinaus dem k\u00fcnftigen Betrieb, der Wartung und der weiteren Planung des Terminals dienen.<br \/>\u201eDie digitale Dokumentation ist ein zentraler Baustein f\u00fcr die Zukunftssicherheit des Flughafens. Mit Hilfe der Geb\u00e4udedaten, die mit NavVis erfasst wurden, haben wir nicht nur ein Terminal erweitert, sondern auch unsere F\u00e4higkeit gest\u00e4rkt, die Infrastruktur langfristig effizient und transparent zu verwalten\u201c, erkl\u00e4rt Jonas Lutz, Referent 3D-Laserscanning &amp; Anwendungsadministrator beim Flughafen M\u00fcnchen.<br \/>Die Scans erm\u00f6glichten es dem Flughafen M\u00fcnchen, den Bauverlauf vom Rohbau bis zur Fertigstellung nachzuvollziehen und zu dokumentieren. Die Informationen stehen dabei als durchg\u00e4ngiger, navigierbarer Datensatz zur Verf\u00fcgung. Damit haben technische Teams die M\u00f6glichkeit, verdeckte Installationen zu \u00fcberpr\u00fcfen, Bauphasen zu vergleichen und Abweichungen zwischen Planung und Ausf\u00fchrung direkt im System zu analysieren sowie im sp\u00e4teren Verlauf das fertiggestellte Terminal effizienter zu betreiben und zu warten. Der Flughafen M\u00fcnchen nutzt bereits seit 2015 die L\u00f6sungen von NavVis f\u00fcr die Planung, Umsetzung und Dokumentation von Geb\u00e4udeprojekten. <\/p>\n","protected":false},"excerpt":{"rendered":"Seit 2019 hat der Flughafen M\u00fcnchen die Bauma\u00dfnahmen f\u00fcr das Terminal-1-Pier per Laserscanning erfasst und dokumentiert. Geb\u00e4udedaten aus&hellip;\n","protected":false},"author":2,"featured_media":1083585,"comment_status":"","ping_status":"","sticky":false,"template":"","format":"standard","meta":{"footnotes":"","_share_on_mastodon":"0"},"categories":[1827],"tags":[49658,230161,230162,230163,772,29,69250,10647,230164,30,230165,230166,230167,1268,230168],"class_list":["post-1083584","post","type-post","status-publish","format-standard","has-post-thumbnail","category-muenchen","tag-3d","tag-baubegleitung","tag-baudaten","tag-baudokumentation","tag-bayern","tag-deutschland","tag-digitaler-zwilling","tag-flughafen-muenchen","tag-gebaeudedaten","tag-germany","tag-kollisionspruefung","tag-laserscan","tag-laserscanning","tag-muenchen","tag-navvis"],"share_on_mastodon":{"url":"https:\/\/pubeurope.com\/@de\/116725171309257204","error":""},"_links":{"self":[{"href":"https:\/\/www.europesays.com\/de\/wp-json\/wp\/v2\/posts\/1083584","targetHints":{"allow":["GET"]}}],"collection":[{"href":"https:\/\/www.europesays.com\/de\/wp-json\/wp\/v2\/posts"}],"about":[{"href":"https:\/\/www.europesays.com\/de\/wp-json\/wp\/v2\/types\/post"}],"author":[{"embeddable":true,"href":"https:\/\/www.europesays.com\/de\/wp-json\/wp\/v2\/users\/2"}],"replies":[{"embeddable":true,"href":"https:\/\/www.europesays.com\/de\/wp-json\/wp\/v2\/comments?post=1083584"}],"version-history":[{"count":0,"href":"https:\/\/www.europesays.com\/de\/wp-json\/wp\/v2\/posts\/1083584\/revisions"}],"wp:featuredmedia":[{"embeddable":true,"href":"https:\/\/www.europesays.com\/de\/wp-json\/wp\/v2\/media\/1083585"}],"wp:attachment":[{"href":"https:\/\/www.europesays.com\/de\/wp-json\/wp\/v2\/media?parent=1083584"}],"wp:term":[{"taxonomy":"category","embeddable":true,"href":"https:\/\/www.europesays.com\/de\/wp-json\/wp\/v2\/categories?post=1083584"},{"taxonomy":"post_tag","embeddable":true,"href":"https:\/\/www.europesays.com\/de\/wp-json\/wp\/v2\/tags?post=1083584"}],"curies":[{"name":"wp","href":"https:\/\/api.w.org\/{rel}","templated":true}]}}