{"id":1083591,"date":"2026-06-10T09:48:16","date_gmt":"2026-06-10T09:48:16","guid":{"rendered":"https:\/\/www.europesays.com\/de\/1083591\/"},"modified":"2026-06-10T09:48:16","modified_gmt":"2026-06-10T09:48:16","slug":"bestandserhoehung-rund-400-000-jungaale-aus-frankreich-in-berlin-ausgesetzt","status":"publish","type":"post","link":"https:\/\/www.europesays.com\/de\/1083591\/","title":{"rendered":"Bestandserh\u00f6hung: Rund 400.000 Jungaale aus Frankreich in Berlin ausgesetzt"},"content":{"rendered":"<p class=\"paragraph article__item\">Um vom Aussterben bedrohte Aale zu erhalten, haben rund 400.000 junge Tiere aus <a class=\"rtr-entity\" href=\"https:\/\/www.zeit.de\/thema\/frankreich\" rel=\"nofollow noopener\" target=\"_blank\">Frankreich<\/a> in Berliner Gew\u00e4ssern eine neue Heimat gefunden. Das Fischereiamt setzte sie nach Angaben der Senatsverwaltung f\u00fcr Mobilit\u00e4t, Verkehr, Klimaschutz und Umwelt in Havel, Spree und Dahme aus.\n<\/p>\n<p>Aktuelles<\/p>\n<p>                <a href=\"https:\/\/www.zeit.de\/2026\/22\/artenschutz-deutschland-schutzgebiete-gruenes-band-michael-succow\" data-ct-label=\"Artenschutz in Deutschland: Klare Luft, Lachse im Rhein\" data-uuid=\"c51e0785-5597-45bf-9823-627bfa767b42\" rel=\"nofollow noopener\" target=\"_blank\"><\/p>\n<p>                        Artenschutz in Deutschland:<br \/>\n                        Klare Luft, Lachse im Rhein<\/p>\n<p>                <\/a><\/p>\n<p>                <a href=\"https:\/\/www.zeit.de\/wirtschaft\/2026-05\/preise-eigentumswohnungen-wohneigentum-immobilienpreise-karte\" data-ct-label=\"Preise f\u00fcr Eigentumswohnungen: Im Umland wird es besonders teuer\" data-uuid=\"29dc6c11-e5c6-426d-8793-e1b6185da422\" rel=\"nofollow noopener\" target=\"_blank\"><\/p>\n<p>        Z+ (abopflichtiger Inhalt);<\/p>\n<p>    Preise f\u00fcr Eigentumswohnungen:<br \/>\n                        Im Umland wird es besonders teuer<\/p>\n<p>                <\/a><\/p>\n<p>                <a href=\"https:\/\/www.zeit.de\/politik\/ausland\/2026-05\/sea-watch-5-libysche-kuestenwache-eu-schuesse\" data-ct-label=\"Seenotrettung: EU-Kommission verlangt Aufkl\u00e4rung nach Sch\u00fcssen auf Sea-Watch\" data-uuid=\"78a917a1-124e-468a-87f4-d8da8970f54d\" rel=\"nofollow noopener\" target=\"_blank\"><\/p>\n<p>                        Seenotrettung:<br \/>\n                        EU-Kommission verlangt Aufkl\u00e4rung nach Sch\u00fcssen auf Sea-Watch<\/p>\n<p>                <\/a><\/p>\n<p class=\"paragraph article__item\">\u00ab<a class=\"rtr-entity\" href=\"https:\/\/www.zeit.de\/thema\/berlin\" rel=\"nofollow noopener\" target=\"_blank\">Berlin<\/a> tr\u00e4gt damit Verantwortung f\u00fcr eine der bedrohten Arten Europas\u00bb, sagte Umweltsenatorin Ute Bonde (CDU). \u00abDer Europ\u00e4ische Aal ist seit Jahrzehnten auf dem R\u00fcckzug, und wir wollen gemeinsam mit unseren Partnern, der EU und den Berliner Fischerinnen und Fischern daf\u00fcr sorgen, dass er in Havel, Spree und Dahme eine Zukunft hat.\u00bb\n<\/p>\n<p class=\"paragraph article__item\">Die jungen Neu-Berliner wiegen laut Umweltverwaltung einzeln bis zu 7 Gramm und zusammen rund 2.750 Kilogramm. Die Aktion ist Teil des Projekts \u00abLaicherbestandserh\u00f6hung beim Europ\u00e4ischen Aal im Einzugsgebiet der Elbe\u00bb. Die Aale wurden zwischen November und Februar in franz\u00f6sischen Flussm\u00fcndungen zum Atlantik gefangen und in einer Aalfarm in Deutschland auf ihre neue Umgebung vorbereitet.\n<\/p>\n<p>            Aale sollen sp\u00e4ter in den Nordatlantik            <\/p>\n<p class=\"paragraph article__item\">Die Aale seien drei bis dreieinhalb Jahre alt, sagte der Leiter des Fischereiamts Berlin, Jens Puchm\u00fcller. Das Ziel sei, dass mindestens 40 Prozent von ihnen nach acht bis zw\u00f6lf Jahren als laichreife Tiere wieder in die nat\u00fcrlichen Aufwuchsgebiete der Sargassosee im Nordatlantik abwandern k\u00f6nnten. Die Investitionskosten beliefen sich auf 138.000 Euro \u2013 finanziert aus Mitteln der <a class=\"rtr-entity\" href=\"https:\/\/www.zeit.de\/thema\/europaeische-union\" rel=\"nofollow noopener\" target=\"_blank\">EU<\/a>, des Landes Berlin und von Fischereiorganisationen.\u00a0\n<\/p>\n<p class=\"paragraph article__item\">Der Bestand des Europ\u00e4ischen Aals hat in den vergangenen 30 Jahren in ganz Europa und auch in Berlin deutlich abgenommen. Mittlerweile ist er vom Aussterben bedroht. Es war nicht die erste Aktion dieser Art in Berlin: Seit rund 20 Jahren werden Aale in Berliner Gew\u00e4sser gesetzt.\n<\/p>\n<p class=\"paragraph article__item\">\u00a9 dpa-infocom, dpa:260610-930-200815\/1<\/p>\n","protected":false},"excerpt":{"rendered":"Um vom Aussterben bedrohte Aale zu erhalten, haben rund 400.000 junge Tiere aus Frankreich in Berliner Gew\u00e4ssern eine&hellip;\n","protected":false},"author":2,"featured_media":1083592,"comment_status":"","ping_status":"","sticky":false,"template":"","format":"standard","meta":{"footnotes":"","_share_on_mastodon":"0"},"categories":[1825],"tags":[1941,1939,296,1937,230169,49914,29,663,158,156,30,24915,230170,1940,15,1938,64253,30754],"class_list":["post-1083591","post","type-post","status-publish","format-standard","has-post-thumbnail","category-berlin","tag-aktuelle-nachrichten-aus-berlin","tag-aktuelle-news-aus-berlin","tag-berlin","tag-berlin-news","tag-bestandserhoehung","tag-dahme","tag-deutschland","tag-europa","tag-europaeische-union","tag-frankreich","tag-germany","tag-havel","tag-jungaal","tag-nachrichten-aus-berlin","tag-news","tag-news-aus-berlin","tag-nordatlantik","tag-spree"],"share_on_mastodon":{"url":"https:\/\/pubeurope.com\/@de\/116725186955613275","error":""},"_links":{"self":[{"href":"https:\/\/www.europesays.com\/de\/wp-json\/wp\/v2\/posts\/1083591","targetHints":{"allow":["GET"]}}],"collection":[{"href":"https:\/\/www.europesays.com\/de\/wp-json\/wp\/v2\/posts"}],"about":[{"href":"https:\/\/www.europesays.com\/de\/wp-json\/wp\/v2\/types\/post"}],"author":[{"embeddable":true,"href":"https:\/\/www.europesays.com\/de\/wp-json\/wp\/v2\/users\/2"}],"replies":[{"embeddable":true,"href":"https:\/\/www.europesays.com\/de\/wp-json\/wp\/v2\/comments?post=1083591"}],"version-history":[{"count":0,"href":"https:\/\/www.europesays.com\/de\/wp-json\/wp\/v2\/posts\/1083591\/revisions"}],"wp:featuredmedia":[{"embeddable":true,"href":"https:\/\/www.europesays.com\/de\/wp-json\/wp\/v2\/media\/1083592"}],"wp:attachment":[{"href":"https:\/\/www.europesays.com\/de\/wp-json\/wp\/v2\/media?parent=1083591"}],"wp:term":[{"taxonomy":"category","embeddable":true,"href":"https:\/\/www.europesays.com\/de\/wp-json\/wp\/v2\/categories?post=1083591"},{"taxonomy":"post_tag","embeddable":true,"href":"https:\/\/www.europesays.com\/de\/wp-json\/wp\/v2\/tags?post=1083591"}],"curies":[{"name":"wp","href":"https:\/\/api.w.org\/{rel}","templated":true}]}}