{"id":1083613,"date":"2026-06-10T10:00:12","date_gmt":"2026-06-10T10:00:12","guid":{"rendered":"https:\/\/www.europesays.com\/de\/1083613\/"},"modified":"2026-06-10T10:00:12","modified_gmt":"2026-06-10T10:00:12","slug":"wm-2026-schwere-vorwuerfe-warum-schiedsrichter-artan-nicht-in-die-usa-darf","status":"publish","type":"post","link":"https:\/\/www.europesays.com\/de\/1083613\/","title":{"rendered":"WM 2026: Schwere Vorw\u00fcrfe \u2013 Warum Schiedsrichter Artan nicht in die USA darf"},"content":{"rendered":"<p>Afrikas Schiedsrichter des Jahres darf nicht bei der WM pfeifen, weil die USA ihn nicht ins Land lassen. Nun gibt es Details zu dem Fall und ein Statement des Betroffenen. Die klingen ganz anders als zuvor in der Fifa-Mitteilung.<\/p>\n<p class=\"is-first-paragraph\" data-external=\"Article.FirstParagraph\">Sicherheitsbedenken wegen angeblicher Verbindungen zu einer Terrororganisation sollen der Grund f\u00fcr die verweigerte Einreise des f\u00fcr die Fu\u00dfball-WM vorgesehenen somalischen Schiedsrichters Omar Artan gewesen sein. Die \u00dcberpr\u00fcfung am Flughafen in Miami habe bei Artan \u201eVerbindungen zu mutma\u00dflichen Mitgliedern terroristischer Organisationen\u201c ergeben, teilte ein namentlich nicht genannter Vertreter der US-Regierung dem Nachrichtensender CNN mit. Weitere Einzelheiten habe er nicht genannt.<\/p>\n<p>Somalia geh\u00f6rt zu den 39 Staaten, deren Staatsangeh\u00f6rige von den versch\u00e4rften Einreisebestimmungen der US-Regierung unter Pr\u00e4sident Donald Trump betroffen sind. B\u00fcrger dieser L\u00e4nder werden bei der Einreise zus\u00e4tzlichen \u00dcberpr\u00fcfungen unterzogen. Die Grenzschutzbeh\u00f6rde CBP hatte im Fall Artan \u201eBedenken im Rahmen der Sicherheits\u00fcberpr\u00fcfung\u201c angef\u00fchrt, ohne n\u00e4here Angaben zu machen.<\/p>\n<p>Artan war 2025 als <a class=\"is-link c-block-items__link c-link--rich-text-renderer\" href=\"https:\/\/www.welt.de\/themen\/afrika\/\" data-internal-tracking-enabled=\"true\" data-internal-tracking=\"{&quot;action&quot;:&quot;click&quot;,&quot;label&quot;:&quot;link&quot;,&quot;name&quot;:&quot;Inline Element&quot;,&quot;data&quot;:{&quot;source&quot;:&quot;&quot;,&quot;target&quot;:&quot;https:\/\/www.welt.de\/themen\/afrika\/&quot;,&quot;trackingName&quot;:&quot;&quot;,&quot;trackingLabel&quot;:&quot;&quot;}}\" rel=\"nofollow noopener\" target=\"_blank\">Afrikas<\/a> bester m\u00e4nnlicher Schiedsrichter ausgezeichnet worden. Der afrikanische Fu\u00dfballverband hatte ihn als einen von sieben afrikanischen Unparteiischen f\u00fcr die diesj\u00e4hrige Weltmeisterschaft ausgew\u00e4hlt. Er w\u00e4re der erste Somalier gewesen, der bei einer WM als <a class=\"is-link c-block-items__link c-link--rich-text-renderer\" href=\"https:\/\/www.welt.de\/themen\/schiedsrichter\/\" data-internal-tracking-enabled=\"true\" data-internal-tracking=\"{&quot;action&quot;:&quot;click&quot;,&quot;label&quot;:&quot;link&quot;,&quot;name&quot;:&quot;Inline Element&quot;,&quot;data&quot;:{&quot;source&quot;:&quot;&quot;,&quot;target&quot;:&quot;https:\/\/www.welt.de\/themen\/schiedsrichter\/&quot;,&quot;trackingName&quot;:&quot;&quot;,&quot;trackingLabel&quot;:&quot;&quot;}}\" rel=\"nofollow noopener\" target=\"_blank\">Schiedsrichter<\/a> im Einsatz ist.<\/p>\n<p> \u201eIch hatte die richtigen Papiere\u201c<\/p>\n<p>Nach seiner verweigerten Einreise in die USA hatte sich Artan \u201esehr, sehr entt\u00e4uscht\u201c gezeigt. Er sei \u201eeinfach nur ein Schiedsrichter\u201c, der versuche, sich mit der WM-Teilnahme den gr\u00f6\u00dften Traum seines Lebens zu erf\u00fcllen, sagte er der \u201eNew York Times\u201c. Formelle Fehler seien ihm nicht unterlaufen: \u201eIch hatte die richtigen Papiere und alles andere. Ich hatte das richtige Visum.\u201c <\/p>\n<p>Die Aussagen stehen in deutlichem Kontrast zu den Zitaten, welche die Fifa verbreitet hatte, und lassen den Schluss zu, dass es dem Weltverband vor allem um Vermeidung von \u00c4rger ging. In der <a class=\"is-link c-block-items__link c-link--rich-text-renderer\" href=\"https:\/\/www.welt.de\/themen\/fifa\/\" data-internal-tracking-enabled=\"true\" data-internal-tracking=\"{&quot;action&quot;:&quot;click&quot;,&quot;label&quot;:&quot;link&quot;,&quot;name&quot;:&quot;Inline Element&quot;,&quot;data&quot;:{&quot;source&quot;:&quot;&quot;,&quot;target&quot;:&quot;https:\/\/www.welt.de\/themen\/fifa\/&quot;,&quot;trackingName&quot;:&quot;&quot;,&quot;trackingLabel&quot;:&quot;&quot;}}\" rel=\"nofollow noopener\" target=\"_blank\">Fifa<\/a>-Mitteilung klangen Artans S\u00e4tze, als k\u00f6nne der Somalier mit der Sache ganz gut leben. Er sei \u201ein positiver Stimmung\u201c, hie\u00df es, und dass er sich freue, so viele Nachrichten aus der Fu\u00dfball-Familie erhalten zu haben. <\/p>\n<p>Der Schiedsrichter wollte den Angaben zufolge am Samstag in Miami in die USA einreisen. Seine Reise habe in Nairobi begonnen, wo er auf die erforderlichen Reisedokumente gewartet habe. Anschlie\u00dfend sei er \u00fcber Istanbul nach Miami geflogen, um an einem Vorbereitungstreffen der Schiedsrichter teilzunehmen.<\/p>\n<p>US-Grenzbeamte h\u00e4tten ihn zu seiner Reise sowie zur politischen Lage in <a class=\"is-link c-block-items__link c-link--rich-text-renderer\" href=\"https:\/\/www.welt.de\/themen\/somaliland\/\" data-internal-tracking-enabled=\"true\" data-internal-tracking=\"{&quot;action&quot;:&quot;click&quot;,&quot;label&quot;:&quot;link&quot;,&quot;name&quot;:&quot;Inline Element&quot;,&quot;data&quot;:{&quot;source&quot;:&quot;&quot;,&quot;target&quot;:&quot;https:\/\/www.welt.de\/themen\/somaliland\/&quot;,&quot;trackingName&quot;:&quot;&quot;,&quot;trackingLabel&quot;:&quot;&quot;}}\" rel=\"nofollow noopener\" target=\"_blank\">Somalia<\/a> befragt, vor allem zur islamistischen Terrormiliz <a class=\"is-link c-block-items__link c-link--rich-text-renderer\" href=\"https:\/\/www.welt.de\/themen\/al-schabab\/\" data-internal-tracking-enabled=\"true\" data-internal-tracking=\"{&quot;action&quot;:&quot;click&quot;,&quot;label&quot;:&quot;link&quot;,&quot;name&quot;:&quot;Inline Element&quot;,&quot;data&quot;:{&quot;source&quot;:&quot;&quot;,&quot;target&quot;:&quot;https:\/\/www.welt.de\/themen\/al-schabab\/&quot;,&quot;trackingName&quot;:&quot;&quot;,&quot;trackingLabel&quot;:&quot;&quot;}}\" rel=\"nofollow noopener\" target=\"_blank\">Al-Schabab<\/a>, die in Teilen des Landes aktiv ist und seit Jahren gegen die somalische Regierung k\u00e4mpft.<\/p>\n<p>Am Mittwoch kehrte der Unparteiische dann in seine Heimat zur\u00fcck. Am Flughafen der Hauptstadt Mogadischu begr\u00fc\u00dften ihn Offizielle sowie mehrere hundert Anh\u00e4nger, die somalische Flaggen schwenkten. \u201eIch verspreche euch, so Gott will, dass ich bei der n\u00e4chsten WM dabei sein werde\u201c, sagte Artan laut der Nachrichtenagentur AP. <\/p>\n<p>Kritik aus Somalia<\/p>\n<p>Das somalische Ministerium f\u00fcr Jugend und Sport kritisierte die Entscheidung der US-Beh\u00f6rden. Omar Artan sei die Einreise in die USA \u201eohne einen triftigen Grund\u201c verweigert worden, hie\u00df es in einer Stellungnahme. Die somalische Regierung habe sofort Kontakt zu den US-Beh\u00f6rden und zur Fifa aufgenommen, bislang aber keine L\u00f6sung gefunden.<\/p>\n<p>Der Verband teilte weiter mit: \u201eDie Fifa ist nicht an den Einwanderungsverfahren des Gastgeberlandes beteiligt, einschlie\u00dflich der Entscheidung \u00fcber Visaantr\u00e4ge.\u201c Wie bei vorherigen Turnieren habe das Gastgeberland das ultimative Recht, \u00fcber die Visavergabe zu entscheiden.<\/p>\n<p>Die WM-Unparteiischen trainieren gemeinsam in Miami und werden dort auf die Spiele vorbereitet. Ein Einsatz von Artan ist auch auch in den weiteren Gastgeberl\u00e4ndern Mexiko und Kanada derzeit ausgeschlossen.<\/p>\n<p>SUF mit dpa<\/p>\n","protected":false},"excerpt":{"rendered":"Afrikas Schiedsrichter des Jahres darf nicht bei der WM pfeifen, weil die USA ihn nicht ins Land lassen.&hellip;\n","protected":false},"author":2,"featured_media":1083614,"comment_status":"","ping_status":"","sticky":false,"template":"","format":"standard","meta":{"footnotes":"","_share_on_mastodon":"0"},"categories":[136],"tags":[29,135545,30,482,265,45,98228,227052],"class_list":["post-1083613","post","type-post","status-publish","format-standard","has-post-thumbnail","category-sport","tag-deutschland","tag-fussball-wm-ks","tag-germany","tag-schiedsrichter","tag-sport","tag-texttospeech","tag-visa-ks","tag-wm-2026-ad"],"share_on_mastodon":{"url":"https:\/\/pubeurope.com\/@de\/116725234414989081","error":""},"_links":{"self":[{"href":"https:\/\/www.europesays.com\/de\/wp-json\/wp\/v2\/posts\/1083613","targetHints":{"allow":["GET"]}}],"collection":[{"href":"https:\/\/www.europesays.com\/de\/wp-json\/wp\/v2\/posts"}],"about":[{"href":"https:\/\/www.europesays.com\/de\/wp-json\/wp\/v2\/types\/post"}],"author":[{"embeddable":true,"href":"https:\/\/www.europesays.com\/de\/wp-json\/wp\/v2\/users\/2"}],"replies":[{"embeddable":true,"href":"https:\/\/www.europesays.com\/de\/wp-json\/wp\/v2\/comments?post=1083613"}],"version-history":[{"count":0,"href":"https:\/\/www.europesays.com\/de\/wp-json\/wp\/v2\/posts\/1083613\/revisions"}],"wp:featuredmedia":[{"embeddable":true,"href":"https:\/\/www.europesays.com\/de\/wp-json\/wp\/v2\/media\/1083614"}],"wp:attachment":[{"href":"https:\/\/www.europesays.com\/de\/wp-json\/wp\/v2\/media?parent=1083613"}],"wp:term":[{"taxonomy":"category","embeddable":true,"href":"https:\/\/www.europesays.com\/de\/wp-json\/wp\/v2\/categories?post=1083613"},{"taxonomy":"post_tag","embeddable":true,"href":"https:\/\/www.europesays.com\/de\/wp-json\/wp\/v2\/tags?post=1083613"}],"curies":[{"name":"wp","href":"https:\/\/api.w.org\/{rel}","templated":true}]}}