{"id":1083619,"date":"2026-06-10T10:03:17","date_gmt":"2026-06-10T10:03:17","guid":{"rendered":"https:\/\/www.europesays.com\/de\/1083619\/"},"modified":"2026-06-10T10:03:17","modified_gmt":"2026-06-10T10:03:17","slug":"goldener-windbeutel-dreisteste-werbeluege-2026-gesucht","status":"publish","type":"post","link":"https:\/\/www.europesays.com\/de\/1083619\/","title":{"rendered":"&#8222;Goldener Windbeutel&#8220;: Dreisteste Werbel\u00fcge 2026 gesucht"},"content":{"rendered":"<p>&#8222;Goldener Windbeutel&#8220;  Dreisteste Werbel\u00fcge 2026 gesucht<\/p>\n<p>10.06.2026, 10:22 Uhr <\/p>\n<p>Artikel anh\u00f6ren(04:12 min)<\/p>\n<p><img decoding=\"async\" class=\"Image_img__fQCi0 Image_Img_16_9__4BLfH widget-picture-inline_maximizable__t_E7h\" loading=\"eager\" fetchpriority=\"high\" src=\"https:\/\/www.europesays.com\/de\/wp-content\/uploads\/2026\/06\/Screenshot 2026-06-10 095830.webp\" alt=\"Screenshot 2026-06-10 095830\"\/>Die Kandidaten f\u00fcr die dreisteste Werbel\u00fcge des Jahres\u00a02026. (Foto: Foodwatch)TeilenFolgen auf:<a href=\"https:\/\/www.whatsapp.com\/channel\/0029Va5cdVJD8SDp5YZgYF01\" title=\"Auf WhatsApp folgen\" target=\"_blank\" rel=\"nofollow noopener\"><img decoding=\"async\" src=\"https:\/\/www.n-tv.de\/socialIcons\/whatsapp.svg\" alt=\"whatsapp\" class=\"ArticleShare_icon__FsrC2\"\/><\/a><a href=\"https:\/\/www.google.com\/preferences\/source?q=n-tv.de\" title=\"ntv als bevorzugte Quelle auf Google hinzuf\u00fcgen\" target=\"_blank\" rel=\"nofollow noopener\"><img decoding=\"async\" src=\"https:\/\/www.n-tv.de\/socialIcons\/google.svg\" alt=\"whatsapp\" class=\"ArticleShare_icon__FsrC2\"\/><\/a><\/p>\n<p class=\"Typography_text-m__XI0da Typography_weight-bold__uT6mq storyline_lead_text_leadtext__q_wg8\">Im Supermarkt ist Verbrauchert\u00e4uschung nicht selten. Hersteller lie\u00dfen sich immer neue Maschen einfallen, um die Kundschaft zu t\u00e4uschen, beklagt Foodwatch. Deshalb stehen in diesem Jahr erneut f\u00fcnf Produkte f\u00fcr den gr\u00f6\u00dften Schwindel zur Wahl.<\/p>\n<p class=\"Typography_text-default__P3otY Typography_weight-normal__pqUbH storyline_paragraph_p__qSR5N\">Die Verbraucherorganisation Foodwatch hat auch in diesem Jahr f\u00fcnf Produkte f\u00fcr ihren Negativpreis &#8222;Goldener Windbeutel&#8220; nominiert. Verbraucher k\u00f6nnen bis Mitte Juli 2026 \u00fcber die &#8222;dreisteste Werbel\u00fcge&#8220; des Jahres <a class=\"inline_link\" href=\"https:\/\/www.foodwatch.org\/poll\/jetzt-abstimmen-2026?mtm_source=newsletter&amp;mtm_campaign=2026-06-10_Goldener_Windbeutel#2\" target=\"_blank\" rel=\"nofollow noopener\">abstimmen<\/a>. Damit ruft die gemeinn\u00fctzige Organisation Verbraucher auf, sich aktiv gegen die tagt\u00e4gliche T\u00e4uschung zur Wehr zu setzen und gegen Etikettenschwindel zu protestieren.<\/p>\n<p class=\"Typography_text-default__P3otY Typography_weight-normal__pqUbH storyline_paragraph_p__qSR5N\"><b class=\"bold\">Die Kandidatenliste<\/b><\/p>\n<p class=\"Typography_text-default__P3otY Typography_weight-normal__pqUbH storyline_paragraph_p__qSR5N\"><b class=\"bold\">Airfryer Backin Pulver von Dr. Oetker<\/b><\/p>\n<p class=\"Typography_text-default__P3otY Typography_weight-normal__pqUbH storyline_paragraph_p__qSR5N\">Der Vorwurf von Foodwatch:<b class=\"bold\"> <\/b>Laut Hersteller speziell f\u00fcr die Hei\u00dfluftfritteuse entwickelt. Aber: Stiftung Warentest hat nachgebacken und keinen Unterschied zu normalem Backpulver im Airfryer festgestellt. Daf\u00fcr zahlt man allerdings bis zu dreimal so viel. Foodwatch-Urteil: viel hei\u00dfe Luft um nichts.<\/p>\n<p class=\"Typography_text-default__P3otY Typography_weight-normal__pqUbH storyline_paragraph_p__qSR5N\"><b class=\"bold\">Airwaves Cool Cassis von Mars <\/b><\/p>\n<p class=\"Typography_text-default__P3otY Typography_weight-normal__pqUbH storyline_paragraph_p__qSR5N\">Zwei Kaugummis weniger in der Packung, aber der Preis bleibt fast gleich. Das macht eine versteckte Preiserh\u00f6hung von bis zu 20 Prozent je nach Handel. Hinweise auf den reduzierten Inhalt? Fehlanzeige.<b class=\"bold\"> <\/b>Foodwatch-Urteil: gar nicht cool.<\/p>\n<p class=\"Typography_text-default__P3otY Typography_weight-normal__pqUbH storyline_paragraph_p__qSR5N\"><b class=\"bold\">LaVita Saft von LaVita GmbH<\/b><\/p>\n<p class=\"Typography_text-default__P3otY Typography_weight-normal__pqUbH storyline_paragraph_p__qSR5N\">&#8222;Naturprodukt&#8220;, &#8222;Fit f\u00fcrs Leben&#8220;, &#8222;t\u00e4gliche Basis unserer Gesundheit&#8220; &#8211; LaVita verspricht viel. F\u00fcr 100 Euro pro Liter. Was tats\u00e4chlich drinsteckt: 70 Prozent Fruchtsaftkonzentrat, unter anderem 26 isolierte N\u00e4hrstoffe, teils synthetisch, teils \u00fcberdosiert. Darauf st\u00f6\u00dft Foodwatch nicht an.\u00a0<\/p>\n<p class=\"Typography_text-default__P3otY Typography_weight-normal__pqUbH storyline_paragraph_p__qSR5N\"><b class=\"bold\">Bio-Joghurt Matcha Mango von Andechser Natur<\/b><\/p>\n<p class=\"Typography_text-default__P3otY Typography_weight-normal__pqUbH storyline_paragraph_p__qSR5N\">Der Vorwurf von Foodwatch: Matcha steht gro\u00df auf dem Etikett. Der Inhalt ist gr\u00fcn. Dann passt doch alles, oder? Die gr\u00fcne Farbe kommt allerdings auch vom zugef\u00fcgten Spirulina. Matcha? Steckt kaum drin: gerade mal 0,1 Prozent. Daf\u00fcr 60 Gramm Zucker &#8211; das sind 20 Zuckerw\u00fcrfel.  Foodwatch-Urteil: Gr\u00fcn ist also auch hier nur die Hoffnung.<\/p>\n<p class=\"Typography_text-default__P3otY Typography_weight-normal__pqUbH storyline_paragraph_p__qSR5N\"><b class=\"bold\">Oh Yeah Bear Libido Vitamin von Beautybears GmbH<\/b><\/p>\n<p class=\"Typography_text-default__P3otY Typography_weight-normal__pqUbH storyline_paragraph_p__qSR5N\">Der Vorwurf von Foodwatch: Feurige Libido, mehr Leidenschaft, Extra-Spice im Liebesleben \u2013 versprechen die Oh Yeah Bears.<b class=\"bold\"> <\/b>Klingt verf\u00fchrerisch, sind aber einfach nur Gummib\u00e4rchen f\u00fcr 25 Euro \u2013 und dabei der Libido etwa so dienlich wie eine Packung Haribo, meint Foodwatch. <\/p>\n<p class=\"Typography_text-default__P3otY Typography_weight-normal__pqUbH storyline_paragraph_p__qSR5N\"><b class=\"bold\">Bisherige Preistr\u00e4ger<\/b><\/p>\n<p class=\"Typography_text-default__P3otY Typography_weight-normal__pqUbH storyline_paragraph_p__qSR5N\">Bisherige Preistr\u00e4ger waren unter anderem der Trinkjoghurt Actimel von Danone (2009), die Milch-Schnitte von Ferrero (2011) und das &#8222;Smart Water&#8220; von Coca-Cola (2018). 2021 gewann Rewe den Goldenen Windbeutel f\u00fcr die Klimaneutral-Werbung auf seinem H\u00e4hnchenfleisch und stellte die Verbrauchert\u00e4uschung sp\u00e4ter ein. 2023 haben die &#8222;Pom-B\u00e4r Ofen Minis&#8220; von Intersnack Deutschland, 2024 die &#8222;Obsties Erdbeer-Banane mit Joghurt von Alete&#8220; und 2025<b class=\"bold\"> <\/b>die Milka-Schokolade von<b class=\"bold\"> <\/b>Mondelez den Negativpreis abger\u00e4umt. <\/p>\n<p class=\"Typography_text-default__P3otY Typography_weight-normal__pqUbH storyline_paragraph_p__qSR5N\">Verbraucher haben die M\u00f6glichkeit, auf <a class=\"inline_link\" href=\"https:\/\/www.schummelmelder.de\/\" target=\"_blank\" rel=\"nofollow noopener\">schummelmelder.de<\/a>, der Foodwatch-Beschwerdeplattform f\u00fcr Werbel\u00fcgen, die unterschiedlichsten Produkte hochzuladen, von denen sie sich get\u00e4uscht f\u00fchlen.<\/p>\n<p class=\"Typography_text-s__wu_cm Typography_weight-normal__pqUbH Typography_color-darkgrey__sZEnP article-detail-footer_source__KslPc\">Quelle: ntv.de, awi <\/p>\n","protected":false},"excerpt":{"rendered":"&#8222;Goldener Windbeutel&#8220; Dreisteste Werbel\u00fcge 2026 gesucht 10.06.2026, 10:22 Uhr Artikel anh\u00f6ren(04:12 min) Die Kandidaten f\u00fcr die dreisteste Werbel\u00fcge&hellip;\n","protected":false},"author":2,"featured_media":1083620,"comment_status":"","ping_status":"","sticky":false,"template":"","format":"standard","meta":{"footnotes":"","_share_on_mastodon":"0"},"categories":[134],"tags":[175,170,169,29,1072,64954,30,17458,702,12775,171,174,30924,624,173,172,625,10275],"class_list":["post-1083619","post","type-post","status-publish","format-standard","has-post-thumbnail","category-unternehmen-maerkte","tag-business","tag-companies","tag-companies-markets","tag-deutschland","tag-einzelhandel","tag-foodwatch","tag-germany","tag-konsumartikel","tag-lebensmittel","tag-marken","tag-markets","tag-maerkte","tag-mogelpackungen","tag-ratgeber","tag-unternehmen","tag-unternehmen-maerkte","tag-verbraucher","tag-werbung"],"share_on_mastodon":{"url":"https:\/\/pubeurope.com\/@de\/116725246428747356","error":""},"_links":{"self":[{"href":"https:\/\/www.europesays.com\/de\/wp-json\/wp\/v2\/posts\/1083619","targetHints":{"allow":["GET"]}}],"collection":[{"href":"https:\/\/www.europesays.com\/de\/wp-json\/wp\/v2\/posts"}],"about":[{"href":"https:\/\/www.europesays.com\/de\/wp-json\/wp\/v2\/types\/post"}],"author":[{"embeddable":true,"href":"https:\/\/www.europesays.com\/de\/wp-json\/wp\/v2\/users\/2"}],"replies":[{"embeddable":true,"href":"https:\/\/www.europesays.com\/de\/wp-json\/wp\/v2\/comments?post=1083619"}],"version-history":[{"count":0,"href":"https:\/\/www.europesays.com\/de\/wp-json\/wp\/v2\/posts\/1083619\/revisions"}],"wp:featuredmedia":[{"embeddable":true,"href":"https:\/\/www.europesays.com\/de\/wp-json\/wp\/v2\/media\/1083620"}],"wp:attachment":[{"href":"https:\/\/www.europesays.com\/de\/wp-json\/wp\/v2\/media?parent=1083619"}],"wp:term":[{"taxonomy":"category","embeddable":true,"href":"https:\/\/www.europesays.com\/de\/wp-json\/wp\/v2\/categories?post=1083619"},{"taxonomy":"post_tag","embeddable":true,"href":"https:\/\/www.europesays.com\/de\/wp-json\/wp\/v2\/tags?post=1083619"}],"curies":[{"name":"wp","href":"https:\/\/api.w.org\/{rel}","templated":true}]}}