{"id":1083634,"date":"2026-06-10T10:11:14","date_gmt":"2026-06-10T10:11:14","guid":{"rendered":"https:\/\/www.europesays.com\/de\/1083634\/"},"modified":"2026-06-10T10:11:14","modified_gmt":"2026-06-10T10:11:14","slug":"mord-an-ehefrau-urteil-in-braunschweig","status":"publish","type":"post","link":"https:\/\/www.europesays.com\/de\/1083634\/","title":{"rendered":"Mord an Ehefrau: Urteil in Braunschweig"},"content":{"rendered":"<p class=\"text_ohne_einzug richtext text-em-55 !leading-serif mx-6 desktop:mx-0\">Das Landgericht im nieders\u00e4chsischen <a href=\"https:\/\/rp-online.de\/thema\/braunschweig\/\" rel=\"nofollow noopener\" target=\"_blank\">Braunschweig<\/a> hat einen 79-J\u00e4hrigen wegen eines heimt\u00fcckischen Mordes an seiner schlafenden Ehefrau zu sechseinhalb Haft verurteilt. Nach Angaben einer Gerichtssprecherin vom Dienstag stufte es den Angeklagten als vermindert schuldf\u00e4hig ein, weshalb die Strafe gem\u00e4\u00df Strafgesetzbuch abgemildert wurde. Laut Anklageschrift hatte der Beschuldigte sich nach der Tat selbst lebensbedrohliche Verletzungen zugef\u00fcgt und seinen Sohn verst\u00e4ndigt.<\/p>\n<p class=\"richtext text-em-55 !leading-serif mx-6 desktop:mx-0\">Die Tat ereignete sich im Dezember vergangenen Jahres in Braunschweig im Haus des Ehepaars, einem Medienbericht zufolge war die get\u00f6tete Frau an <a href=\"https:\/\/rp-online.de\/thema\/demenz\/\" rel=\"nofollow noopener\" target=\"_blank\">Demenz<\/a> erkrankt. Laut Anklage wachte der 79-J\u00e4hrige nachts auf und fasste den Entschluss, seine Ehefrau zu t\u00f6ten. Er schlug mit einem Pflasterstein auf sie ein, den er vorher in der Wohnung deponiert hatte. Danach verletzte er sie zudem mit einem K\u00fcchenmesser am Hals.<\/p>\n<p class=\"richtext text-em-55 !leading-serif mx-6 desktop:mx-0\">Das Urteil fiel am Freitag und ist laut Gericht nicht rechtskr\u00e4ftig. Der Angeklagte verzichtete auf Rechtsmittel, die Staatsanwaltschaft zun\u00e4chst nicht.<\/p>\n","protected":false},"excerpt":{"rendered":"Das Landgericht im nieders\u00e4chsischen Braunschweig hat einen 79-J\u00e4hrigen wegen eines heimt\u00fcckischen Mordes an seiner schlafenden Ehefrau zu sechseinhalb&hellip;\n","protected":false},"author":2,"featured_media":1083635,"comment_status":"","ping_status":"","sticky":false,"template":"","format":"standard","meta":{"footnotes":"","_share_on_mastodon":"0"},"categories":[1850],"tags":[6429,3364,29,127,548,663,3934,2690,27364,30,3029,13,18273,46752,4933,14,15,1411,68176,230171,12,208397,75533,1997,1243,27541],"class_list":["post-1083634","post","type-post","status-publish","format-standard","has-post-thumbnail","category-braunschweig","tag-braunschweig","tag-de","tag-deutschland","tag-ehefrau","tag-eu","tag-europa","tag-europe","tag-gericht","tag-gerichtssprecherin","tag-germany","tag-haft","tag-headlines","tag-jaehriger","tag-kuechenmesser","tag-landgericht","tag-nachrichten","tag-news","tag-niedersachsen","tag-pflasterstein","tag-schlafende","tag-schlagzeilen","tag-schuldfaehig","tag-schuldfaehigkeit","tag-staatsanwaltschaft","tag-urteil","tag-verurteilt"],"share_on_mastodon":{"url":"https:\/\/pubeurope.com\/@de\/116725277520243794","error":""},"_links":{"self":[{"href":"https:\/\/www.europesays.com\/de\/wp-json\/wp\/v2\/posts\/1083634","targetHints":{"allow":["GET"]}}],"collection":[{"href":"https:\/\/www.europesays.com\/de\/wp-json\/wp\/v2\/posts"}],"about":[{"href":"https:\/\/www.europesays.com\/de\/wp-json\/wp\/v2\/types\/post"}],"author":[{"embeddable":true,"href":"https:\/\/www.europesays.com\/de\/wp-json\/wp\/v2\/users\/2"}],"replies":[{"embeddable":true,"href":"https:\/\/www.europesays.com\/de\/wp-json\/wp\/v2\/comments?post=1083634"}],"version-history":[{"count":0,"href":"https:\/\/www.europesays.com\/de\/wp-json\/wp\/v2\/posts\/1083634\/revisions"}],"wp:featuredmedia":[{"embeddable":true,"href":"https:\/\/www.europesays.com\/de\/wp-json\/wp\/v2\/media\/1083635"}],"wp:attachment":[{"href":"https:\/\/www.europesays.com\/de\/wp-json\/wp\/v2\/media?parent=1083634"}],"wp:term":[{"taxonomy":"category","embeddable":true,"href":"https:\/\/www.europesays.com\/de\/wp-json\/wp\/v2\/categories?post=1083634"},{"taxonomy":"post_tag","embeddable":true,"href":"https:\/\/www.europesays.com\/de\/wp-json\/wp\/v2\/tags?post=1083634"}],"curies":[{"name":"wp","href":"https:\/\/api.w.org\/{rel}","templated":true}]}}